{"id":55295,"date":"2025-06-16T16:43:25","date_gmt":"2025-06-16T19:43:25","guid":{"rendered":"https:\/\/radiorevelacionfm.cl\/?p=55295"},"modified":"2025-06-16T16:43:25","modified_gmt":"2025-06-16T19:43:25","slug":"sernameg-y-municipalidad-de-cochrane-lideran-firma-de-convenio-entre-alcaldias-para-entregar-apoyo-a-victimas-de-violencias-de-genero","status":"publish","type":"post","link":"https:\/\/radiorevelacionfm.cl\/?p=55295","title":{"rendered":"SernamEG y Municipalidad de Cochrane lideran firma de convenio entre alcald\u00edas para entregar apoyo a v\u00edctimas de violencias de g\u00e9nero"},"content":{"rendered":"<div class=\"flex_column av_one_full  flex_column_div av-zero-column-padding first  avia-builder-el-0  el_before_av_one_full  avia-builder-el-first  \" style='border-radius:0px; '><div  class='avia-image-container  av-styling-    avia-builder-el-1  avia-builder-el-no-sibling  avia-align-center '  itemprop=\"image\" itemscope=\"itemscope\" itemtype=\"https:\/\/schema.org\/ImageObject\"  ><div class='avia-image-container-inner'><div class='avia-image-overlay-wrap'><img decoding=\"async\" class='wp-image-55296 avia-img-lazy-loading-not-55296 avia_image' src=\"https:\/\/radiorevelacionfm.cl\/wp-content\/uploads\/2025\/06\/IMG_1822-1-1.jpg\" alt='' title='IMG_1822 (1) (1)' height=\"600\" width=\"900\"  itemprop=\"thumbnailUrl\" srcset=\"https:\/\/radiorevelacionfm.cl\/wp-content\/uploads\/2025\/06\/IMG_1822-1-1.jpg 900w, https:\/\/radiorevelacionfm.cl\/wp-content\/uploads\/2025\/06\/IMG_1822-1-1-300x200.jpg 300w, https:\/\/radiorevelacionfm.cl\/wp-content\/uploads\/2025\/06\/IMG_1822-1-1-768x512.jpg 768w, https:\/\/radiorevelacionfm.cl\/wp-content\/uploads\/2025\/06\/IMG_1822-1-1-705x470.jpg 705w, https:\/\/radiorevelacionfm.cl\/wp-content\/uploads\/2025\/06\/IMG_1822-1-1-450x300.jpg 450w, https:\/\/radiorevelacionfm.cl\/wp-content\/uploads\/2025\/06\/IMG_1822-1-1-600x400.jpg 600w\" sizes=\"(max-width: 900px) 100vw, 900px\" \/><\/div><\/div><\/div><\/div><div class=\"flex_column av_one_full  flex_column_div av-zero-column-padding first  avia-builder-el-2  el_after_av_one_full  el_before_av_one_full  column-top-margin\" style='border-radius:0px; '><section class=\"av_textblock_section \"  itemscope=\"itemscope\" itemtype=\"https:\/\/schema.org\/BlogPosting\" itemprop=\"blogPost\" ><div class='avia_textblock  '   itemprop=\"text\" ><p style=\"text-align: center;\"><strong><span style=\"font-size: 18pt;\">SernamEG y Municipalidad de Cochrane lideran firma de convenio entre alcald\u00edas para entregar apoyo a v\u00edctimas de violencias de g\u00e9nero<\/span><\/strong><\/p>\n<div id=\"gtx-trans\" style=\"position: absolute; left: -50px; top: 4.31534px;\">\n<div class=\"gtx-trans-icon\"><\/div>\n<\/div>\n<\/div><\/section><\/div><div class=\"flex_column av_one_full  flex_column_div av-zero-column-padding first  avia-builder-el-4  el_after_av_one_full  el_before_av_hr  column-top-margin\" style='border-radius:0px; '><section class=\"av_textblock_section \"  itemscope=\"itemscope\" itemtype=\"https:\/\/schema.org\/BlogPosting\" itemprop=\"blogPost\" ><div class='avia_textblock  '   itemprop=\"text\" ><p dir=\"ltr\" style=\"text-align: justify;\">El Servicio Nacional de la Mujer y la Equidad de G\u00e9nero (SernamEG) de la Regi\u00f3n de Ays\u00e9n y la Ilustre Municipalidad de Cochrane encabezaron la firma de un convenio de colaboraci\u00f3n entre la alcaldesa y los alcaldes de las comunas que forman parte de la Provincia de Capit\u00e1n Prat, el cual permitir\u00e1 entregar apoyo y atenciones de calidad a las mujeres v\u00edctimas y sobrevivientes de violencias de g\u00e9nero en toda la zona sur de la regi\u00f3n.<\/p>\n<p dir=\"ltr\" style=\"text-align: justify;\">Este convenio, el cual suscribieron las municipalidades de Cochrane, Tortel y O&#8217;Higgins, tiene como objetivo ampliar el funcionamiento e irradiar la oferta que entrega el primer Centro de Atenci\u00f3n Especializada en Violencias de G\u00e9nero de Ays\u00e9n (CAEVG), que fue instalado en noviembre de 2024 en la comuna de Cochrane como parte de una medida presidencial de Gobierno.<\/p>\n<p dir=\"ltr\" style=\"text-align: justify;\">Asimismo, en la ceremon\u00eda de firma de este documento, las y los asistentes tambi\u00e9n pudieron conocer las instalaciones del edificio definitivo donde ahora funciona el CAEVG, ya que en una primera instancia se hab\u00eda facilitado de manera transitoria la emblem\u00e1tica Casa Mate para su funcionamiento, con el compromiso de remodelar y adaptar el espacio que hoy ocupa el centro de manera permanente.<\/p>\n<p dir=\"ltr\" style=\"text-align: justify;\">Al respecto, la directora regional del SernamEG, Patricia Baeza Cabezas, se\u00f1al\u00f3 que esta firma de convenio \u00abes un hito simb\u00f3lico, que da cuenta de que cuando las voluntades pol\u00edticas existen se puede avanzar en materias de igualdad y equidad, y eso es tremendamente relevante para las mujeres de toda la provincia. Estamos orgullosas de lo que hoy hemos podido ser testigos, de la firma de este acuerdo en el cual todos los municipios, a trav\u00e9s de sus alcaldes y su alcaldesa, manifiestan la disposici\u00f3n para atender esta problem\u00e1tica de violencia que est\u00e1 presente en toda la regi\u00f3n\u00bb.<\/p>\n<p dir=\"ltr\" style=\"text-align: justify;\">Por su parte, el alcalde de Cochrane, Patricio Ulloa Georgia, manifest\u00f3 que \u00abhoy el objetivo de tener este Centro de Atenci\u00f3n Especializada en Cochrane se est\u00e1 logrando. Hay que agradecer tambi\u00e9n a la alcaldesa de Tortel y al alcalde de O&#8217;Higgins, por sumarse a un objetivo que para nosotros es esencial: poner a disposici\u00f3n un equipo especializado para que las mujeres que sufren violencias de g\u00e9nero puedan tener orientaci\u00f3n y apoyo en una situaci\u00f3n tan compleja\u00bb.<\/p>\n<p dir=\"ltr\" style=\"text-align: justify;\">Dentro de las medidas que establece el convenio, los municipios firmantes se comprometieron a: designar un referente municipal como coordinador de gesti\u00f3n; asignar recursos financieros para el traslado de las usuarias a la localidad de Cochrane a lo menos una vez al mes; y a disponer de una dependencia separada que permita una atenci\u00f3n de calidad cuando las profesionales del centro se trasladen a las respectivas localidades.<\/p>\n<p dir=\"ltr\" style=\"text-align: justify;\">\u00abEsto parte de un compromiso presidencial que se hab\u00eda asumido desde el Gobierno, de poder contar el primer CAEVG en la regi\u00f3n, y que adem\u00e1s est\u00e9 en Cochrane, lo cual es tremendamente significativo, porque habla de reconocer la diversidad de mujeres que existen en nuestra regi\u00f3n, y las dificultades que tienen para trasladarse y recibir la atenci\u00f3n que necesitan\u00bb, explic\u00f3 la seremi de la Mujer y la Equidad de G\u00e9nero, Isidora Gacit\u00faa Goles, quien adem\u00e1s recalc\u00f3 que hoy a nivel pa\u00eds contamos con 24 de estos Centros de Atenci\u00f3n Especializada en Violencias de G\u00e9nero.<\/p>\n<p dir=\"ltr\" style=\"text-align: justify;\">Finalmente, la delegada presidencial provincial de Capit\u00e1n Prat, Marta Montiel Alarc\u00f3n, destac\u00f3 que \u00absin duda, la firma del convenio por parte de los alcaldes y la alcaldesa de la provincia es el reflejo claro de que el Gobierno del Presidente Boric tiende puentes, y trabajamos todos, independientemente de la ideolog\u00eda. Aqu\u00ed trabajamos por un objetivo com\u00fan, que en este caso es la prevenci\u00f3n y la reparaci\u00f3n. Porque las v\u00edctimas de violencia de g\u00e9nero, no se identifican con uno u otro color, sino que podemos ser cualquiera de nosotras, y este centro nos va a abrir las puertas\u00bb.<\/p>\n<\/div><\/section><\/div><div  style='height:50px' class='hr hr-invisible   avia-builder-el-6  el_after_av_one_full  el_before_av_social_share '><span class='hr-inner ' ><span class='hr-inner-style'><\/span><\/span><\/div><\/p>\n<div  class='av-social-sharing-box  avia-builder-el-7  el_after_av_hr  el_before_av_hr  '><div class='av-share-box'><h5 class='av-share-link-description av-no-toc '>Compartir esta noticia<\/h5><ul class='av-share-box-list noLightbox'><li class='av-share-link av-social-link-facebook' ><a target=\"_blank\" aria-label=\"Compartir en Facebook\" href='https:\/\/www.facebook.com\/sharer.php?u=https:\/\/radiorevelacionfm.cl\/?p=55295&#038;t=SernamEG%20y%20Municipalidad%20de%20Cochrane%20lideran%20firma%20de%20convenio%20entre%20alcald%C3%ADas%20para%20entregar%20apoyo%20a%20v%C3%ADctimas%20de%20violencias%20de%20g%C3%A9nero' aria-hidden='false' data-av_icon='\ue8f3' data-av_iconfont='entypo-fontello' title='' data-avia-related-tooltip='Compartir en Facebook' rel=\"noopener\"><span class='avia_hidden_link_text'>Compartir en Facebook<\/span><\/a><\/li><li class='av-share-link av-social-link-twitter' ><a target=\"_blank\" aria-label=\"Compartir en Twitter\" href='https:\/\/twitter.com\/share?text=SernamEG%20y%20Municipalidad%20de%20Cochrane%20lideran%20firma%20de%20convenio%20entre%20alcald%C3%ADas%20para%20entregar%20apoyo%20a%20v%C3%ADctimas%20de%20violencias%20de%20g%C3%A9nero&#038;url=https:\/\/radiorevelacionfm.cl\/?p=55295' aria-hidden='false' data-av_icon='\ue8f1' data-av_iconfont='entypo-fontello' title='' data-avia-related-tooltip='Compartir en Twitter' rel=\"noopener\"><span class='avia_hidden_link_text'>Compartir en Twitter<\/span><\/a><\/li><li class='av-share-link av-social-link-whatsapp' ><a target=\"_blank\" aria-label=\"Compartir en Whatsapp\" href='https:\/\/api.whatsapp.com\/send?text=https:\/\/radiorevelacionfm.cl\/?p=55295' aria-hidden='false' data-av_icon='\uf232' data-av_iconfont='entypo-fontello' title='' data-avia-related-tooltip='Compartir en Whatsapp' rel=\"noopener\"><span class='avia_hidden_link_text'>Compartir en Whatsapp<\/span><\/a><\/li><li class='av-share-link av-social-link-linkedin' ><a target=\"_blank\" aria-label=\"Compartir en LinkedIn\" href='https:\/\/linkedin.com\/shareArticle?mini=true&#038;title=SernamEG%20y%20Municipalidad%20de%20Cochrane%20lideran%20firma%20de%20convenio%20entre%20alcald%C3%ADas%20para%20entregar%20apoyo%20a%20v%C3%ADctimas%20de%20violencias%20de%20g%C3%A9nero&#038;url=https:\/\/radiorevelacionfm.cl\/?p=55295' aria-hidden='false' data-av_icon='\ue8fc' data-av_iconfont='entypo-fontello' title='' data-avia-related-tooltip='Compartir en LinkedIn' rel=\"noopener\"><span class='avia_hidden_link_text'>Compartir en LinkedIn<\/span><\/a><\/li><li class='av-share-link av-social-link-mail' ><a  aria-label=\"Compartir por correo\" href='mailto:?subject=SernamEG%20y%20Municipalidad%20de%20Cochrane%20lideran%20firma%20de%20convenio%20entre%20alcald%C3%ADas%20para%20entregar%20apoyo%20a%20v%C3%ADctimas%20de%20violencias%20de%20g%C3%A9nero&#038;body=https:\/\/radiorevelacionfm.cl\/?p=55295' aria-hidden='false' data-av_icon='\ue805' data-av_iconfont='entypo-fontello' title='' data-avia-related-tooltip='Compartir por correo'><span class='avia_hidden_link_text'>Compartir por correo<\/span><\/a><\/li><\/ul><\/div><\/div>\n<div  style='height:50px' class='hr hr-invisible   avia-builder-el-8  el_after_av_social_share  el_before_av_comments_list '><span class='hr-inner ' ><span class='hr-inner-style'><\/span><\/span><\/div>\n<div  class='av-buildercomment  av-blog-meta-html-info-disabled av-blog-meta-tag-disabled  '><\/div>\n","protected":false},"excerpt":{"rendered":"","protected":false},"author":1,"featured_media":55296,"comment_status":"closed","ping_status":"closed","sticky":false,"template":"","format":"standard","meta":{"footnotes":""},"categories":[63],"tags":[],"class_list":["post-55295","post","type-post","status-publish","format-standard","has-post-thumbnail","hentry","category-mujer-y-genero"],"jetpack_featured_media_url":"https:\/\/radiorevelacionfm.cl\/wp-content\/uploads\/2025\/06\/IMG_1822-1-1.jpg","_links":{"self":[{"href":"https:\/\/radiorevelacionfm.cl\/index.php?rest_route=\/wp\/v2\/posts\/55295","targetHints":{"allow":["GET"]}}],"collection":[{"href":"https:\/\/radiorevelacionfm.cl\/index.php?rest_route=\/wp\/v2\/posts"}],"about":[{"href":"https:\/\/radiorevelacionfm.cl\/index.php?rest_route=\/wp\/v2\/types\/post"}],"author":[{"embeddable":true,"href":"https:\/\/radiorevelacionfm.cl\/index.php?rest_route=\/wp\/v2\/users\/1"}],"replies":[{"embeddable":true,"href":"https:\/\/radiorevelacionfm.cl\/index.php?rest_route=%2Fwp%2Fv2%2Fcomments&post=55295"}],"version-history":[{"count":2,"href":"https:\/\/radiorevelacionfm.cl\/index.php?rest_route=\/wp\/v2\/posts\/55295\/revisions"}],"predecessor-version":[{"id":55298,"href":"https:\/\/radiorevelacionfm.cl\/index.php?rest_route=\/wp\/v2\/posts\/55295\/revisions\/55298"}],"wp:featuredmedia":[{"embeddable":true,"href":"https:\/\/radiorevelacionfm.cl\/index.php?rest_route=\/wp\/v2\/media\/55296"}],"wp:attachment":[{"href":"https:\/\/radiorevelacionfm.cl\/index.php?rest_route=%2Fwp%2Fv2%2Fmedia&parent=55295"}],"wp:term":[{"taxonomy":"category","embeddable":true,"href":"https:\/\/radiorevelacionfm.cl\/index.php?rest_route=%2Fwp%2Fv2%2Fcategories&post=55295"},{"taxonomy":"post_tag","embeddable":true,"href":"https:\/\/radiorevelacionfm.cl\/index.php?rest_route=%2Fwp%2Fv2%2Ftags&post=55295"}],"curies":[{"name":"wp","href":"https:\/\/api.w.org\/{rel}","templated":true}]}}