{"id":55291,"date":"2025-06-16T14:04:14","date_gmt":"2025-06-16T17:04:14","guid":{"rendered":"https:\/\/radiorevelacionfm.cl\/?p=55291"},"modified":"2025-06-16T14:04:14","modified_gmt":"2025-06-16T17:04:14","slug":"seremi-del-medio-ambiente-refuerza-recomendaciones-en-calidad-del-aire-y-anuncia-lista-de-seleccionados-al-recambio-de-calefactores","status":"publish","type":"post","link":"https:\/\/radiorevelacionfm.cl\/?p=55291","title":{"rendered":"SEREMI del Medio Ambiente refuerza recomendaciones en calidad del aire y anuncia lista de seleccionados al Recambio de Calefactores"},"content":{"rendered":"<div class=\"flex_column av_one_full  flex_column_div av-zero-column-padding first  avia-builder-el-0  el_before_av_one_full  avia-builder-el-first  \" style='border-radius:0px; '><div  class='avia-image-container  av-styling-    avia-builder-el-1  avia-builder-el-no-sibling  avia-align-center '  itemprop=\"image\" itemscope=\"itemscope\" itemtype=\"https:\/\/schema.org\/ImageObject\"  ><div class='avia-image-container-inner'><div class='avia-image-overlay-wrap'><img decoding=\"async\" class='wp-image-55292 avia-img-lazy-loading-not-55292 avia_image' src=\"https:\/\/radiorevelacionfm.cl\/wp-content\/uploads\/2025\/06\/calefactor-1.jpg\" alt='' title='calefactor (1)' height=\"600\" width=\"1049\"  itemprop=\"thumbnailUrl\" srcset=\"https:\/\/radiorevelacionfm.cl\/wp-content\/uploads\/2025\/06\/calefactor-1.jpg 1049w, https:\/\/radiorevelacionfm.cl\/wp-content\/uploads\/2025\/06\/calefactor-1-300x172.jpg 300w, https:\/\/radiorevelacionfm.cl\/wp-content\/uploads\/2025\/06\/calefactor-1-1030x589.jpg 1030w, https:\/\/radiorevelacionfm.cl\/wp-content\/uploads\/2025\/06\/calefactor-1-768x439.jpg 768w, https:\/\/radiorevelacionfm.cl\/wp-content\/uploads\/2025\/06\/calefactor-1-705x403.jpg 705w, https:\/\/radiorevelacionfm.cl\/wp-content\/uploads\/2025\/06\/calefactor-1-450x257.jpg 450w, https:\/\/radiorevelacionfm.cl\/wp-content\/uploads\/2025\/06\/calefactor-1-600x343.jpg 600w\" sizes=\"(max-width: 1049px) 100vw, 1049px\" \/><\/div><\/div><\/div><\/div><div class=\"flex_column av_one_full  flex_column_div av-zero-column-padding first  avia-builder-el-2  el_after_av_one_full  el_before_av_one_full  column-top-margin\" style='border-radius:0px; '><section class=\"av_textblock_section \"  itemscope=\"itemscope\" itemtype=\"https:\/\/schema.org\/BlogPosting\" itemprop=\"blogPost\" ><div class='avia_textblock  '   itemprop=\"text\" ><p style=\"text-align: center;\"><span style=\"font-size: 18pt;\"><strong>SEREMI del Medio Ambiente refuerza recomendaciones en calidad del aire y anuncia lista de seleccionados al Recambio de Calefactores<\/strong><\/span><\/p>\n<div id=\"gtx-trans\" style=\"position: absolute; left: -50px; top: 4.31534px;\">\n<div class=\"gtx-trans-icon\"><\/div>\n<\/div>\n<\/div><\/section><\/div><div class=\"flex_column av_one_full  flex_column_div av-zero-column-padding first  avia-builder-el-4  el_after_av_one_full  el_before_av_hr  column-top-margin\" style='border-radius:0px; '><section class=\"av_textblock_section \"  itemscope=\"itemscope\" itemtype=\"https:\/\/schema.org\/BlogPosting\" itemprop=\"blogPost\" ><div class='avia_textblock  '   itemprop=\"text\" ><p style=\"text-align: justify;\">Ya est\u00e1n disponibles los listados de seleccionados y seleccionadas al programa de recambio de calefactores en la zona saturada de Coyhaique para las l\u00edneas pellet y aire acondicionado, dando inicio al periodo de copago que se extender\u00e1 hasta el mi\u00e9rcoles 25 de junio.<\/p>\n<p style=\"text-align: justify;\">La iniciativa impulsada por la SEREMI del Medio Ambiente y financiada por el Gobierno Regional de Ays\u00e9n y su Consejo, forma parte del Plan de Descontaminaci\u00f3n Atmosf\u00e9rica PDA de Coyhaique y tiene como objetivo que promover la calefacci\u00f3n sustentable para la disminuci\u00f3n de emisiones contaminantes asociadas al uso le\u00f1a h\u00fameda como medio de calefacci\u00f3n domiciliaria.<\/p>\n<p style=\"text-align: justify;\"><em>\u201cya tenemos la lista de seleccionados que est\u00e1n en el proceso de copago que es la \u00faltima etapa para poder iniciar las instalaciones, la invitaci\u00f3n es que se acerquen a la oficina del programa Recambio a hacer el copago antes del 25 de junio, por favor s\u00famense a poder completar este proceso para poder avanzar con la instalaci\u00f3n de su estufa y as\u00ed seguir avanzando con paso firme, ya superamos los 10.000\u00a0 recambios este a\u00f1o, pero para seguir trabajando en conjunto necesitamos el apoyo de todos y todas\u201d,<\/em> explic\u00f3 el SEREMI del Medio Ambiente, Yoal D\u00edaz<\/p>\n<p style=\"text-align: justify;\">El programa de recambio considera para cada seleccionado un copago de $50.000, el que puede realizarse en la oficina del Programa de Recambio de Calefactores, ubicada en calle Err\u00e1zuriz 514 (esquina Lillo), Coyhaique, mediante efectivo, con tarjeta de d\u00e9bito o cr\u00e9dito. As\u00ed tambi\u00e9n indicaron que est\u00e1 disponible la opci\u00f3n transferencia bancaria, para lo cual desde Medio Ambiente han enviado los datos v\u00eda correo electr\u00f3nico a las direcciones registradas por cada persona seleccionada.<\/p>\n<p style=\"text-align: justify;\">Una vez finalizada la etapa de copago, se dar\u00e1 inicio al proceso de instalaciones, programadas para los meses de julio y agosto, dependiendo de las condiciones clim\u00e1ticas. Cabe destacar que, en d\u00edas de lluvia intensa, nieve o presencia de hielo, no es posible realizar instalaciones, ya que estas requieren sellos tanto en el interior como en el exterior del techo de la vivienda.<\/p>\n<p style=\"text-align: justify;\">Las y los beneficiarios seleccionados est\u00e1n disponibles en la p\u00e1gina\u00a0web calefactores.mma.gob.cl \u00a0y puede accederse directamente a cada una mediante los links <a href=\"https:\/\/bit.ly\/Recambio1\">https:\/\/bit.ly\/Recambio1<\/a> y <a href=\"https:\/\/bit.ly\/Recambio2\">https:\/\/bit.ly\/Recambio2<\/a> . Del mismo modo, las y los interesados pueden resolver dudas a los tel\u00e9fonos 67 2451468, 67 2451469, 67 2451470 o a trav\u00e9s del correo recambiocoyhaique@mma.gob.cl<\/p>\n<p style=\"text-align: justify;\"><strong>Periodo de Gesti\u00f3n de Episodios Cr\u00edticos GEC<\/strong><\/p>\n<p style=\"text-align: justify;\">Respecto a la calidad del aire, el SEREMI del Medio Ambiente record\u00f3 a la comunidad que, para la zona saturada de Coyhaique, est\u00e1 en plena vigencia el periodo de gesti\u00f3n de episodios cr\u00edticos GEC (1 de abril al 30 de septiembre) y por tanto una serie de medidas, restricciones y recomendaciones para mejorar la calidad del aire de la ciudad<\/p>\n<p style=\"text-align: justify;\"><em>\u00a0\u201ctuvimos varios episodios seguidos de emergencia, hoy ya tenemos la calidad del aire en Bueno. Si bien tuvimos un periodo complejo en comparaci\u00f3n al a\u00f1o 2024, estamos en mejor posici\u00f3n, pero eso no nos debe conformar tenemos que seguir trabajando para evitar estos episodios. Esta semana se anuncia un sistema frontal y por tanto es importante ir verificando el pron\u00f3stico diario, respetar las restricciones y recomendaciones, a preferir calefacci\u00f3n distinta a la le\u00f1a, durante episodios de contaminaci\u00f3n realizar actividad f\u00edsica de baja intensidad en espacios cerrados; no fumar en espacios cerrados y especialmente promover el uso de mascarillas en adultos mayores, enfermos cr\u00f3nicos y embarazadas\u201d, <\/em>recalc\u00f3 Yoal D\u00edaz<\/p>\n<p style=\"text-align: justify;\">Para la zona saturada de Coyhaique, durante la GEC, las medidas restrictivas permanentes y fiscalizadas por la Superintendencia del Medio Ambiente SMA, consideran la prohibici\u00f3n del uso de calefactores a le\u00f1a en establecimientos comerciales y en dependencias de organismos de la administraci\u00f3n del Estado y municipales. \u00a0Respecto a las medidas prohibitivas para cada episodio cr\u00edtico, estas son fiscalizadas por la SEREMI de Salud y corresponde: para los episodios de ALERTA, la prohibici\u00f3n del uso de m\u00e1s de un artefacto a le\u00f1a por vivienda durante las 24 horas del d\u00eda, mientras que para los episodios de PRE-EMERGENCIA y EMERGENCIA adem\u00e1s se fiscalizar\u00e1n humos visibles y funcionamiento de calderas con emisiones mayores a 50 mg\/m3N.<\/p>\n<\/div><\/section><\/div><div  style='height:50px' class='hr hr-invisible   avia-builder-el-6  el_after_av_one_full  el_before_av_social_share '><span class='hr-inner ' ><span class='hr-inner-style'><\/span><\/span><\/div><\/p>\n<div  class='av-social-sharing-box  avia-builder-el-7  el_after_av_hr  el_before_av_hr  '><div class='av-share-box'><h5 class='av-share-link-description av-no-toc '>Compartir esta noticia<\/h5><ul class='av-share-box-list noLightbox'><li class='av-share-link av-social-link-facebook' ><a target=\"_blank\" aria-label=\"Compartir en Facebook\" href='https:\/\/www.facebook.com\/sharer.php?u=https:\/\/radiorevelacionfm.cl\/?p=55291&#038;t=SEREMI%20del%20Medio%20Ambiente%20refuerza%20recomendaciones%20en%20calidad%20del%20aire%20y%20anuncia%20lista%20de%20seleccionados%20al%20Recambio%20de%20Calefactores' aria-hidden='false' data-av_icon='\ue8f3' data-av_iconfont='entypo-fontello' title='' data-avia-related-tooltip='Compartir en Facebook' rel=\"noopener\"><span class='avia_hidden_link_text'>Compartir en Facebook<\/span><\/a><\/li><li class='av-share-link av-social-link-twitter' ><a target=\"_blank\" aria-label=\"Compartir en Twitter\" href='https:\/\/twitter.com\/share?text=SEREMI%20del%20Medio%20Ambiente%20refuerza%20recomendaciones%20en%20calidad%20del%20aire%20y%20anuncia%20lista%20de%20seleccionados%20al%20Recambio%20de%20Calefactores&#038;url=https:\/\/radiorevelacionfm.cl\/?p=55291' aria-hidden='false' data-av_icon='\ue8f1' data-av_iconfont='entypo-fontello' title='' data-avia-related-tooltip='Compartir en Twitter' rel=\"noopener\"><span class='avia_hidden_link_text'>Compartir en Twitter<\/span><\/a><\/li><li class='av-share-link av-social-link-whatsapp' ><a target=\"_blank\" aria-label=\"Compartir en Whatsapp\" href='https:\/\/api.whatsapp.com\/send?text=https:\/\/radiorevelacionfm.cl\/?p=55291' aria-hidden='false' data-av_icon='\uf232' data-av_iconfont='entypo-fontello' title='' data-avia-related-tooltip='Compartir en Whatsapp' rel=\"noopener\"><span class='avia_hidden_link_text'>Compartir en Whatsapp<\/span><\/a><\/li><li class='av-share-link av-social-link-linkedin' ><a target=\"_blank\" aria-label=\"Compartir en LinkedIn\" href='https:\/\/linkedin.com\/shareArticle?mini=true&#038;title=SEREMI%20del%20Medio%20Ambiente%20refuerza%20recomendaciones%20en%20calidad%20del%20aire%20y%20anuncia%20lista%20de%20seleccionados%20al%20Recambio%20de%20Calefactores&#038;url=https:\/\/radiorevelacionfm.cl\/?p=55291' aria-hidden='false' data-av_icon='\ue8fc' data-av_iconfont='entypo-fontello' title='' data-avia-related-tooltip='Compartir en LinkedIn' rel=\"noopener\"><span class='avia_hidden_link_text'>Compartir en LinkedIn<\/span><\/a><\/li><li class='av-share-link av-social-link-mail' ><a  aria-label=\"Compartir por correo\" href='mailto:?subject=SEREMI%20del%20Medio%20Ambiente%20refuerza%20recomendaciones%20en%20calidad%20del%20aire%20y%20anuncia%20lista%20de%20seleccionados%20al%20Recambio%20de%20Calefactores&#038;body=https:\/\/radiorevelacionfm.cl\/?p=55291' aria-hidden='false' data-av_icon='\ue805' data-av_iconfont='entypo-fontello' title='' data-avia-related-tooltip='Compartir por correo'><span class='avia_hidden_link_text'>Compartir por correo<\/span><\/a><\/li><\/ul><\/div><\/div>\n<div  style='height:50px' class='hr hr-invisible   avia-builder-el-8  el_after_av_social_share  el_before_av_comments_list '><span class='hr-inner ' ><span class='hr-inner-style'><\/span><\/span><\/div>\n<div  class='av-buildercomment  av-blog-meta-html-info-disabled av-blog-meta-tag-disabled  '><\/div>\n","protected":false},"excerpt":{"rendered":"","protected":false},"author":1,"featured_media":55292,"comment_status":"closed","ping_status":"closed","sticky":false,"template":"","format":"standard","meta":{"footnotes":""},"categories":[39],"tags":[],"class_list":["post-55291","post","type-post","status-publish","format-standard","has-post-thumbnail","hentry","category-medio-ambiente"],"jetpack_featured_media_url":"https:\/\/radiorevelacionfm.cl\/wp-content\/uploads\/2025\/06\/calefactor-1.jpg","_links":{"self":[{"href":"https:\/\/radiorevelacionfm.cl\/index.php?rest_route=\/wp\/v2\/posts\/55291","targetHints":{"allow":["GET"]}}],"collection":[{"href":"https:\/\/radiorevelacionfm.cl\/index.php?rest_route=\/wp\/v2\/posts"}],"about":[{"href":"https:\/\/radiorevelacionfm.cl\/index.php?rest_route=\/wp\/v2\/types\/post"}],"author":[{"embeddable":true,"href":"https:\/\/radiorevelacionfm.cl\/index.php?rest_route=\/wp\/v2\/users\/1"}],"replies":[{"embeddable":true,"href":"https:\/\/radiorevelacionfm.cl\/index.php?rest_route=%2Fwp%2Fv2%2Fcomments&post=55291"}],"version-history":[{"count":2,"href":"https:\/\/radiorevelacionfm.cl\/index.php?rest_route=\/wp\/v2\/posts\/55291\/revisions"}],"predecessor-version":[{"id":55294,"href":"https:\/\/radiorevelacionfm.cl\/index.php?rest_route=\/wp\/v2\/posts\/55291\/revisions\/55294"}],"wp:featuredmedia":[{"embeddable":true,"href":"https:\/\/radiorevelacionfm.cl\/index.php?rest_route=\/wp\/v2\/media\/55292"}],"wp:attachment":[{"href":"https:\/\/radiorevelacionfm.cl\/index.php?rest_route=%2Fwp%2Fv2%2Fmedia&parent=55291"}],"wp:term":[{"taxonomy":"category","embeddable":true,"href":"https:\/\/radiorevelacionfm.cl\/index.php?rest_route=%2Fwp%2Fv2%2Fcategories&post=55291"},{"taxonomy":"post_tag","embeddable":true,"href":"https:\/\/radiorevelacionfm.cl\/index.php?rest_route=%2Fwp%2Fv2%2Ftags&post=55291"}],"curies":[{"name":"wp","href":"https:\/\/api.w.org\/{rel}","templated":true}]}}