{"id":5529,"date":"2021-06-22T18:30:02","date_gmt":"2021-06-22T21:30:02","guid":{"rendered":"https:\/\/radiorevelacionfm.cl\/?p=5529"},"modified":"2021-06-22T18:30:02","modified_gmt":"2021-06-22T21:30:02","slug":"con-plan-de-gestion-de-transito-disenaran-proyectos-de-movilidad-urbana-en-puerto-cisnes","status":"publish","type":"post","link":"https:\/\/radiorevelacionfm.cl\/?p=5529","title":{"rendered":"Con Plan de Gesti\u00f3n de Tr\u00e1nsito dise\u00f1ar\u00e1n proyectos de movilidad urbana en Puerto Cisnes"},"content":{"rendered":"<div class=\"flex_column av_one_full  flex_column_div av-zero-column-padding first  avia-builder-el-0  el_before_av_one_full  avia-builder-el-first  \" style='border-radius:0px; '><div  class='avia-image-container  av-styling-    avia-builder-el-1  avia-builder-el-no-sibling  avia-align-center '  itemprop=\"image\" itemscope=\"itemscope\" itemtype=\"https:\/\/schema.org\/ImageObject\"  ><div class='avia-image-container-inner'><div class='avia-image-overlay-wrap'><img decoding=\"async\" class='wp-image-5530 avia-img-lazy-loading-not-5530 avia_image' src=\"https:\/\/radiorevelacionfm.cl\/wp-content\/uploads\/2021\/06\/PUERTO-CISNES_01-1-1.jpg\" alt='' title='PUERTO CISNES_01 (1) (1)' height=\"600\" width=\"801\"  itemprop=\"thumbnailUrl\" srcset=\"https:\/\/radiorevelacionfm.cl\/wp-content\/uploads\/2021\/06\/PUERTO-CISNES_01-1-1.jpg 801w, https:\/\/radiorevelacionfm.cl\/wp-content\/uploads\/2021\/06\/PUERTO-CISNES_01-1-1-300x225.jpg 300w, https:\/\/radiorevelacionfm.cl\/wp-content\/uploads\/2021\/06\/PUERTO-CISNES_01-1-1-768x575.jpg 768w, https:\/\/radiorevelacionfm.cl\/wp-content\/uploads\/2021\/06\/PUERTO-CISNES_01-1-1-705x528.jpg 705w, https:\/\/radiorevelacionfm.cl\/wp-content\/uploads\/2021\/06\/PUERTO-CISNES_01-1-1-600x449.jpg 600w\" sizes=\"(max-width: 801px) 100vw, 801px\" \/><\/div><\/div><\/div><\/div><div class=\"flex_column av_one_full  flex_column_div av-zero-column-padding first  avia-builder-el-2  el_after_av_one_full  el_before_av_one_full  column-top-margin\" style='border-radius:0px; '><section class=\"av_textblock_section \"  itemscope=\"itemscope\" itemtype=\"https:\/\/schema.org\/BlogPosting\" itemprop=\"blogPost\" ><div class='avia_textblock  '   itemprop=\"text\" ><p style=\"text-align: center;\"><strong><span style=\"font-size: 18pt;\">Con Plan de Gesti\u00f3n de Tr\u00e1nsito dise\u00f1ar\u00e1n proyectos de movilidad urbana en Puerto Cisnes<\/span><\/strong><\/p>\n<div id=\"gtx-trans\" style=\"position: absolute; left: -50px; top: 4.31534px;\">\n<div class=\"gtx-trans-icon\"><\/div>\n<\/div>\n<\/div><\/section><\/div><div class=\"flex_column av_one_full  flex_column_div av-zero-column-padding first  avia-builder-el-4  el_after_av_one_full  el_before_av_hr  column-top-margin\" style='border-radius:0px; '><section class=\"av_textblock_section \"  itemscope=\"itemscope\" itemtype=\"https:\/\/schema.org\/BlogPosting\" itemprop=\"blogPost\" ><div class='avia_textblock  '   itemprop=\"text\" ><p style=\"font-weight: 400; text-align: justify;\">Mediante una inversi\u00f3n de 120 millones de pesos, el Ministerio de Transportes y Telecomunicaciones a trav\u00e9s de SECTRA (Secretar\u00eda de Planificaci\u00f3n de Transporte), se llevar\u00e1n a cabo sendos Planes de Gesti\u00f3n de Transito en las localidades de Puerto Cisnes y Melinka. Para dar cuenta de este proceso el seremiTT Fabi\u00e1n Rojas se traslad\u00f3 a la comuna de Cisnes en donde junto al alcalde Francisco Roncagliolo se firm\u00f3 un convenio de colaboraci\u00f3n t\u00e9cnica para desarrollar esta iniciativa, que ya fue licitada y que se encuentra en el proceso de evaluaci\u00f3n de ofertas.<\/p>\n<p style=\"font-weight: 400; text-align: justify;\">Cabe se\u00f1alar, que el estudio pretende ser una hoja de ruta que entregar\u00e1 lineamientos y proyectos a ejecutar para mejorar las condiciones de tr\u00e1nsito, para los conductores, peatones y usuarios de ciclos en Puerto Cisnes.\u00a0Tambi\u00e9n se considerar\u00e1 como un factor importante su calidad de ciudad &#8211; puerto, y su rol en el acceso mar\u00edtimo a la regi\u00f3n.<\/p>\n<p style=\"font-weight: 400; text-align: justify;\">En este sentido, la autoridad sectorial recalc\u00f3 que el\u00a0resultado de estos planes se traducir\u00e1n en la definici\u00f3n de una cartera de proyectos de bajo costo de inversi\u00f3n, que permitir\u00e1n mejorar las condiciones de operaci\u00f3n de la red vial y mejorar la conectividad.<\/p>\n<p style=\"font-weight: 400; text-align: justify;\">\u201cEste plan de gesti\u00f3n de tr\u00e1nsito va a generar para el futuro, y para la gesti\u00f3n alcaldicia, proyectos de vialidad urbana, que pueden ser por ejemplo: hacer ciclov\u00edas, mejorar cruces, construir nuevas aceras o tal vez pavimentar o crear nuevas v\u00edas. Esto tiene que ser arm\u00f3nico con otros proyectos que se est\u00e1n desarrollando aqu\u00ed como el terminal de buses, el terminal portuario y tambi\u00e9n con el desarrollo de la ciudad que es por donde ingresa gran cantidad de pasajeros y carga a la regi\u00f3n\u201d, explic\u00f3 Rojas.<\/p>\n<p style=\"font-weight: 400; text-align: justify;\">El edil, en tanto declar\u00f3 que esta inciativa es un paso importante para Puerto Cisnes como capital comunal, por su crecimiento, su din\u00e1mica y el rol que ha ido adquiriendo como puerta de entrada a la regi\u00f3n de Ays\u00e9n: \u201cAgradecemos el trabajo y el compromiso que hemos estado llevando a cabo con el Ministerio de Transportes y Telecomunicaciones ya que va de acuerdo con lo que nos han planteado nuestros vecinos que transitan en bicicleta y nuestra propuesta de hacer Cisnes caminable con los trabajos de la Costanera, un parque y una red de pasarelas con accesibilidad universal\u201d, a\u00f1adi\u00f3 Roncagliolo.<\/p>\n<p style=\"font-weight: 400; text-align: justify;\">Dentro de las iniciativas del Ministerio de Transportes y Telecomunicaciones en la comuna de Cisnes, tambi\u00e9n destaca el dise\u00f1o del terminal de buses de Puerto Cisnes, el cual fue financiado con recursos sectoriales por un monto de 122 millones de pesos y que ya se encuentra en ejecuci\u00f3n.<\/p>\n<\/div><\/section><\/div><div  style='height:50px' class='hr hr-invisible   avia-builder-el-6  el_after_av_one_full  el_before_av_social_share '><span class='hr-inner ' ><span class='hr-inner-style'><\/span><\/span><\/div><\/p>\n<div  class='av-social-sharing-box  avia-builder-el-7  el_after_av_hr  el_before_av_hr  '><div class='av-share-box'><h5 class='av-share-link-description av-no-toc '>Compartir esta noticia<\/h5><ul class='av-share-box-list noLightbox'><li class='av-share-link av-social-link-facebook' ><a target=\"_blank\" aria-label=\"Compartir en Facebook\" href='https:\/\/www.facebook.com\/sharer.php?u=https:\/\/radiorevelacionfm.cl\/?p=5529&#038;t=Con%20Plan%20de%20Gesti%C3%B3n%20de%20Tr%C3%A1nsito%20dise%C3%B1ar%C3%A1n%20proyectos%20de%20movilidad%20urbana%20en%20Puerto%20Cisnes' aria-hidden='false' data-av_icon='\ue8f3' data-av_iconfont='entypo-fontello' title='' data-avia-related-tooltip='Compartir en Facebook' rel=\"noopener\"><span class='avia_hidden_link_text'>Compartir en Facebook<\/span><\/a><\/li><li class='av-share-link av-social-link-twitter' ><a target=\"_blank\" aria-label=\"Compartir en Twitter\" href='https:\/\/twitter.com\/share?text=Con%20Plan%20de%20Gesti%C3%B3n%20de%20Tr%C3%A1nsito%20dise%C3%B1ar%C3%A1n%20proyectos%20de%20movilidad%20urbana%20en%20Puerto%20Cisnes&#038;url=https:\/\/radiorevelacionfm.cl\/?p=5529' aria-hidden='false' data-av_icon='\ue8f1' data-av_iconfont='entypo-fontello' title='' data-avia-related-tooltip='Compartir en Twitter' rel=\"noopener\"><span class='avia_hidden_link_text'>Compartir en Twitter<\/span><\/a><\/li><li class='av-share-link av-social-link-whatsapp' ><a target=\"_blank\" aria-label=\"Compartir en Whatsapp\" href='https:\/\/api.whatsapp.com\/send?text=https:\/\/radiorevelacionfm.cl\/?p=5529' aria-hidden='false' data-av_icon='\uf232' data-av_iconfont='entypo-fontello' title='' data-avia-related-tooltip='Compartir en Whatsapp' rel=\"noopener\"><span class='avia_hidden_link_text'>Compartir en Whatsapp<\/span><\/a><\/li><li class='av-share-link av-social-link-linkedin' ><a target=\"_blank\" aria-label=\"Compartir en LinkedIn\" href='https:\/\/linkedin.com\/shareArticle?mini=true&#038;title=Con%20Plan%20de%20Gesti%C3%B3n%20de%20Tr%C3%A1nsito%20dise%C3%B1ar%C3%A1n%20proyectos%20de%20movilidad%20urbana%20en%20Puerto%20Cisnes&#038;url=https:\/\/radiorevelacionfm.cl\/?p=5529' aria-hidden='false' data-av_icon='\ue8fc' data-av_iconfont='entypo-fontello' title='' data-avia-related-tooltip='Compartir en LinkedIn' rel=\"noopener\"><span class='avia_hidden_link_text'>Compartir en LinkedIn<\/span><\/a><\/li><li class='av-share-link av-social-link-mail' ><a  aria-label=\"Compartir por correo\" href='mailto:?subject=Con%20Plan%20de%20Gesti%C3%B3n%20de%20Tr%C3%A1nsito%20dise%C3%B1ar%C3%A1n%20proyectos%20de%20movilidad%20urbana%20en%20Puerto%20Cisnes&#038;body=https:\/\/radiorevelacionfm.cl\/?p=5529' aria-hidden='false' data-av_icon='\ue805' data-av_iconfont='entypo-fontello' title='' data-avia-related-tooltip='Compartir por correo'><span class='avia_hidden_link_text'>Compartir por correo<\/span><\/a><\/li><\/ul><\/div><\/div>\n<div  style='height:50px' class='hr hr-invisible   avia-builder-el-8  el_after_av_social_share  el_before_av_comments_list '><span class='hr-inner ' ><span class='hr-inner-style'><\/span><\/span><\/div>\n<div  class='av-buildercomment  av-blog-meta-html-info-disabled av-blog-meta-tag-disabled  '><\/div>\n","protected":false},"excerpt":{"rendered":"","protected":false},"author":1,"featured_media":5530,"comment_status":"open","ping_status":"open","sticky":false,"template":"","format":"standard","meta":{"footnotes":""},"categories":[59],"tags":[],"class_list":["post-5529","post","type-post","status-publish","format-standard","has-post-thumbnail","hentry","category-transporte"],"jetpack_featured_media_url":"https:\/\/radiorevelacionfm.cl\/wp-content\/uploads\/2021\/06\/PUERTO-CISNES_01-1-1.jpg","_links":{"self":[{"href":"https:\/\/radiorevelacionfm.cl\/index.php?rest_route=\/wp\/v2\/posts\/5529","targetHints":{"allow":["GET"]}}],"collection":[{"href":"https:\/\/radiorevelacionfm.cl\/index.php?rest_route=\/wp\/v2\/posts"}],"about":[{"href":"https:\/\/radiorevelacionfm.cl\/index.php?rest_route=\/wp\/v2\/types\/post"}],"author":[{"embeddable":true,"href":"https:\/\/radiorevelacionfm.cl\/index.php?rest_route=\/wp\/v2\/users\/1"}],"replies":[{"embeddable":true,"href":"https:\/\/radiorevelacionfm.cl\/index.php?rest_route=%2Fwp%2Fv2%2Fcomments&post=5529"}],"version-history":[{"count":1,"href":"https:\/\/radiorevelacionfm.cl\/index.php?rest_route=\/wp\/v2\/posts\/5529\/revisions"}],"predecessor-version":[{"id":5531,"href":"https:\/\/radiorevelacionfm.cl\/index.php?rest_route=\/wp\/v2\/posts\/5529\/revisions\/5531"}],"wp:featuredmedia":[{"embeddable":true,"href":"https:\/\/radiorevelacionfm.cl\/index.php?rest_route=\/wp\/v2\/media\/5530"}],"wp:attachment":[{"href":"https:\/\/radiorevelacionfm.cl\/index.php?rest_route=%2Fwp%2Fv2%2Fmedia&parent=5529"}],"wp:term":[{"taxonomy":"category","embeddable":true,"href":"https:\/\/radiorevelacionfm.cl\/index.php?rest_route=%2Fwp%2Fv2%2Fcategories&post=5529"},{"taxonomy":"post_tag","embeddable":true,"href":"https:\/\/radiorevelacionfm.cl\/index.php?rest_route=%2Fwp%2Fv2%2Ftags&post=5529"}],"curies":[{"name":"wp","href":"https:\/\/api.w.org\/{rel}","templated":true}]}}