{"id":55287,"date":"2025-06-16T13:41:07","date_gmt":"2025-06-16T16:41:07","guid":{"rendered":"https:\/\/radiorevelacionfm.cl\/?p=55287"},"modified":"2025-06-16T13:41:07","modified_gmt":"2025-06-16T16:41:07","slug":"aprueban-uso-gratuito-de-22-inmuebles-fiscales-que-beneficiaran-a-habitantes-de-seis-comunas-de-la-region","status":"publish","type":"post","link":"https:\/\/radiorevelacionfm.cl\/?p=55287","title":{"rendered":"Aprueban uso gratuito de 22 inmuebles fiscales que beneficiar\u00e1n a habitantes de seis comunas de la regi\u00f3n"},"content":{"rendered":"<div class=\"flex_column av_one_full  flex_column_div av-zero-column-padding first  avia-builder-el-0  el_before_av_one_full  avia-builder-el-first  \" style='border-radius:0px; '><div  class='avia-image-container  av-styling-    avia-builder-el-1  avia-builder-el-no-sibling  avia-align-center '  itemprop=\"image\" itemscope=\"itemscope\" itemtype=\"https:\/\/schema.org\/ImageObject\"  ><div class='avia-image-container-inner'><div class='avia-image-overlay-wrap'><img decoding=\"async\" class='wp-image-55288 avia-img-lazy-loading-not-55288 avia_image' src=\"https:\/\/radiorevelacionfm.cl\/wp-content\/uploads\/2025\/06\/20250612_102500-1-1.jpg\" alt='' title='20250612_102500 (1) (1)' height=\"600\" width=\"800\"  itemprop=\"thumbnailUrl\" srcset=\"https:\/\/radiorevelacionfm.cl\/wp-content\/uploads\/2025\/06\/20250612_102500-1-1.jpg 800w, https:\/\/radiorevelacionfm.cl\/wp-content\/uploads\/2025\/06\/20250612_102500-1-1-300x225.jpg 300w, https:\/\/radiorevelacionfm.cl\/wp-content\/uploads\/2025\/06\/20250612_102500-1-1-768x576.jpg 768w, https:\/\/radiorevelacionfm.cl\/wp-content\/uploads\/2025\/06\/20250612_102500-1-1-705x529.jpg 705w, https:\/\/radiorevelacionfm.cl\/wp-content\/uploads\/2025\/06\/20250612_102500-1-1-450x338.jpg 450w, https:\/\/radiorevelacionfm.cl\/wp-content\/uploads\/2025\/06\/20250612_102500-1-1-600x450.jpg 600w\" sizes=\"(max-width: 800px) 100vw, 800px\" \/><\/div><\/div><\/div><\/div><div class=\"flex_column av_one_full  flex_column_div av-zero-column-padding first  avia-builder-el-2  el_after_av_one_full  el_before_av_one_full  column-top-margin\" style='border-radius:0px; '><section class=\"av_textblock_section \"  itemscope=\"itemscope\" itemtype=\"https:\/\/schema.org\/BlogPosting\" itemprop=\"blogPost\" ><div class='avia_textblock  '   itemprop=\"text\" ><p style=\"text-align: center;\"><span style=\"font-size: 18pt;\"><strong>Aprueban uso gratuito de 22 inmuebles fiscales que beneficiar\u00e1n a habitantes de seis comunas de la regi\u00f3n<\/strong><\/span><\/p>\n<div id=\"gtx-trans\" style=\"position: absolute; left: -50px; top: 4.31534px;\">\n<div class=\"gtx-trans-icon\"><\/div>\n<\/div>\n<\/div><\/section><\/div><div class=\"flex_column av_one_full  flex_column_div av-zero-column-padding first  avia-builder-el-4  el_after_av_one_full  el_before_av_hr  column-top-margin\" style='border-radius:0px; '><section class=\"av_textblock_section \"  itemscope=\"itemscope\" itemtype=\"https:\/\/schema.org\/BlogPosting\" itemprop=\"blogPost\" ><div class='avia_textblock  '   itemprop=\"text\" ><p style=\"text-align: justify;\"><em>La Seremi de Bienes Nacionales present\u00f3 las iniciativas ante la comisi\u00f3n RIMA y plenario del Consejo Regional, quienes aprobaron por unanimidad el dar continuidad con la tramitaci\u00f3n de las concesiones.<\/em><\/p>\n<p style=\"text-align: justify;\">Tras una extensa jornada en la comisi\u00f3n Regionalizaci\u00f3n, Integraci\u00f3n Territorial y Medio Ambiente, RIMA, del Consejo Regional, las 22 solicitudes de concesi\u00f3n de uso gratuito de inmuebles fiscales presentadas por la seremi de Bienes Nacionales de Ays\u00e9n, Irina Morend Valdebenito, fueron aprobadas por unanimidad, acci\u00f3n que fue reafirmada en la sesi\u00f3n plenaria del CORE, instancia encabezada por el gobernador regional Marcelo Santana.<\/p>\n<p style=\"text-align: justify;\">En ese contexto, y tras la venia del cuerpo colegiado, las 22 solicitudes continuar\u00e1n a su etapa final de tramitaci\u00f3n para pr\u00f3ximamente obtener la resoluci\u00f3n que otorgar\u00e1 la concesi\u00f3n, por ejemplo, a la Sexta Brigada de Bomberos de Balmaceda, instituci\u00f3n que podr\u00e1 postular a proyectos, como reconoci\u00f3 Eduardo Bravo de la Sexta C\u00eda., \u201cesto es muy importante porque era una traba que ten\u00edamos de poder postular al ansiado proyecto que tenemos de poder tener, por fin, un cuartel de bomberos dignos para todas las bomberas y bomberos que prestan servicio en la localidad\u201d.<\/p>\n<p style=\"text-align: justify;\">Once solicitudes emanaron desde los municipios de Guaitecas, Ays\u00e9n, Coyhaique, Tortel y Chile Chico, seis desde organizaciones sociales, mientras que, las otras cinco, fueron levantadas por instituciones como el Centro de Formaci\u00f3n T\u00e9cnica, Universidad de Ays\u00e9n, Sernageomin y Registro Civil; no obstante, todas en com\u00fan cumplen con uno de los objetivos del Ministerio de Bienes Nacionales, de promover el buen uso del patrimonio fiscal.<\/p>\n<p style=\"text-align: justify;\">En esa l\u00ednea, uno de los proyectos que ha logrado consolidarse, es el de la Fundaci\u00f3n Vidas con Prop\u00f3sito de Puerto Ays\u00e9n, quienes trabajan en un Banco de Alimentos a trav\u00e9s de la Ley de Donaciones, tal como relat\u00f3 Hansy Ch\u00e1vez, \u201cestamos s\u00faper contentos y agradecidos con Bienes Nacionales y el Gobierno Regional por este apoyo que nos va a permitir seguir trabajando en la regi\u00f3n de Ays\u00e9n\u2026 y as\u00ed, nosotros poder invitar a otros locales comerciales, hoy trabajamos la Ley de donaciones de alimentos no comercializados y con esta construcci\u00f3n vamos a poder invitar a m\u00e1s locales comerciales a donar sus mermas, ya que con el supermercado que trabajamos ahora (Unimarc de Puerto Ays\u00e9n y Coyhaique), hemos podido llegar a alrededor de 1.600 personas de la regi\u00f3n anualmente\u201d, explic\u00f3 la vocera de la fundaci\u00f3n.<\/p>\n<p style=\"text-align: justify;\">Para la seremi de Bienes Nacionales de Ays\u00e9n, este es un hito muy importante \u201cestamos contentos por la aprobaci\u00f3n de 22 concesiones de suelo fiscal que presentamos y que benefician a distintas organizaciones, atendiendo en este caso a seis de las diez comunas de la regi\u00f3n de Ays\u00e9n. Tenemos un compromiso como Gobierno y como Ministerio con los territorios de la regi\u00f3n de Ays\u00e9n y por lo tanto, hemos estado apoyando el desarrollo y la postulaci\u00f3n de estas concesiones que adem\u00e1s, favorecen a organizaciones sociales y tambi\u00e9n a instituciones locales como las municipalidades, que adem\u00e1s, ellos ejecutan proyectos que van en funci\u00f3n de mejorar las condiciones de habitabilidad y tambi\u00e9n el apoyo de las organizaciones locales en dichos territorios, as\u00ed que creemos que ha sido una jornada exitosa, agradecer al Consejo, tambi\u00e9n al Gobernador Regional por toda la disposici\u00f3n de poder colaborar con Bienes Nacionales en el beneficio de nuestros territorios\u201d, expres\u00f3 Irina Morend Valdebenito.<\/p>\n<p style=\"text-align: justify;\">Dentro de las 22 concesiones, se encuentran el Sindicato de Pescadores Artesanales de Puerto Ra\u00fal Mar\u00edn Balmaceda, quienes podr\u00e1n mejorar su sede y ampliar la cocina para dar valor agregado a su producci\u00f3n, por otro lado est\u00e1 la Novena Compa\u00f1\u00eda de Bomberos de El Blanco, quienes podr\u00e1n levantar una nueva infraestructura, as\u00ed tambi\u00e9n, la Municipalidad de Chile Chico tendr\u00e1 regularizada la remodelaci\u00f3n del Gimnasio de Puerto Guadal; el municipio de Coyhaique podr\u00e1 instalar la Oficina Local de La Ni\u00f1ez, la Universidad de Ays\u00e9n crear\u00e1 un cowork para fortalecer capacidades de los futuros egresados y vincularlos al mundo laboral; el municipio de Ays\u00e9n podr\u00e1 invertir en mejoras en el Cine Municipal y Casa de la Cultura, entre otras iniciativas que igualmente podr\u00e1n concretarse en el sector de Los Torreones, Puerto Cisnes, Coyhaique, Melinka, Repollal, Caleta Tortel y Puerto Aguirre.<\/p>\n<\/div><\/section><\/div><div  style='height:50px' class='hr hr-invisible   avia-builder-el-6  el_after_av_one_full  el_before_av_social_share '><span class='hr-inner ' ><span class='hr-inner-style'><\/span><\/span><\/div><\/p>\n<div  class='av-social-sharing-box  avia-builder-el-7  el_after_av_hr  el_before_av_hr  '><div class='av-share-box'><h5 class='av-share-link-description av-no-toc '>Compartir esta noticia<\/h5><ul class='av-share-box-list noLightbox'><li class='av-share-link av-social-link-facebook' ><a target=\"_blank\" aria-label=\"Compartir en Facebook\" href='https:\/\/www.facebook.com\/sharer.php?u=https:\/\/radiorevelacionfm.cl\/?p=55287&#038;t=Aprueban%20uso%20gratuito%20de%2022%20inmuebles%20fiscales%20que%20beneficiar%C3%A1n%20a%20habitantes%20de%20seis%20comunas%20de%20la%20regi%C3%B3n' aria-hidden='false' data-av_icon='\ue8f3' data-av_iconfont='entypo-fontello' title='' data-avia-related-tooltip='Compartir en Facebook' rel=\"noopener\"><span class='avia_hidden_link_text'>Compartir en Facebook<\/span><\/a><\/li><li class='av-share-link av-social-link-twitter' ><a target=\"_blank\" aria-label=\"Compartir en Twitter\" href='https:\/\/twitter.com\/share?text=Aprueban%20uso%20gratuito%20de%2022%20inmuebles%20fiscales%20que%20beneficiar%C3%A1n%20a%20habitantes%20de%20seis%20comunas%20de%20la%20regi%C3%B3n&#038;url=https:\/\/radiorevelacionfm.cl\/?p=55287' aria-hidden='false' data-av_icon='\ue8f1' data-av_iconfont='entypo-fontello' title='' data-avia-related-tooltip='Compartir en Twitter' rel=\"noopener\"><span class='avia_hidden_link_text'>Compartir en Twitter<\/span><\/a><\/li><li class='av-share-link av-social-link-whatsapp' ><a target=\"_blank\" aria-label=\"Compartir en Whatsapp\" href='https:\/\/api.whatsapp.com\/send?text=https:\/\/radiorevelacionfm.cl\/?p=55287' aria-hidden='false' data-av_icon='\uf232' data-av_iconfont='entypo-fontello' title='' data-avia-related-tooltip='Compartir en Whatsapp' rel=\"noopener\"><span class='avia_hidden_link_text'>Compartir en Whatsapp<\/span><\/a><\/li><li class='av-share-link av-social-link-linkedin' ><a target=\"_blank\" aria-label=\"Compartir en LinkedIn\" href='https:\/\/linkedin.com\/shareArticle?mini=true&#038;title=Aprueban%20uso%20gratuito%20de%2022%20inmuebles%20fiscales%20que%20beneficiar%C3%A1n%20a%20habitantes%20de%20seis%20comunas%20de%20la%20regi%C3%B3n&#038;url=https:\/\/radiorevelacionfm.cl\/?p=55287' aria-hidden='false' data-av_icon='\ue8fc' data-av_iconfont='entypo-fontello' title='' data-avia-related-tooltip='Compartir en LinkedIn' rel=\"noopener\"><span class='avia_hidden_link_text'>Compartir en LinkedIn<\/span><\/a><\/li><li class='av-share-link av-social-link-mail' ><a  aria-label=\"Compartir por correo\" href='mailto:?subject=Aprueban%20uso%20gratuito%20de%2022%20inmuebles%20fiscales%20que%20beneficiar%C3%A1n%20a%20habitantes%20de%20seis%20comunas%20de%20la%20regi%C3%B3n&#038;body=https:\/\/radiorevelacionfm.cl\/?p=55287' aria-hidden='false' data-av_icon='\ue805' data-av_iconfont='entypo-fontello' title='' data-avia-related-tooltip='Compartir por correo'><span class='avia_hidden_link_text'>Compartir por correo<\/span><\/a><\/li><\/ul><\/div><\/div>\n<div  style='height:50px' class='hr hr-invisible   avia-builder-el-8  el_after_av_social_share  el_before_av_comments_list '><span class='hr-inner ' ><span class='hr-inner-style'><\/span><\/span><\/div>\n<div  class='av-buildercomment  av-blog-meta-html-info-disabled av-blog-meta-tag-disabled  '><\/div>\n","protected":false},"excerpt":{"rendered":"","protected":false},"author":1,"featured_media":55288,"comment_status":"closed","ping_status":"closed","sticky":false,"template":"","format":"standard","meta":{"footnotes":""},"categories":[57],"tags":[],"class_list":["post-55287","post","type-post","status-publish","format-standard","has-post-thumbnail","hentry","category-vivienda"],"jetpack_featured_media_url":"https:\/\/radiorevelacionfm.cl\/wp-content\/uploads\/2025\/06\/20250612_102500-1-1.jpg","_links":{"self":[{"href":"https:\/\/radiorevelacionfm.cl\/index.php?rest_route=\/wp\/v2\/posts\/55287","targetHints":{"allow":["GET"]}}],"collection":[{"href":"https:\/\/radiorevelacionfm.cl\/index.php?rest_route=\/wp\/v2\/posts"}],"about":[{"href":"https:\/\/radiorevelacionfm.cl\/index.php?rest_route=\/wp\/v2\/types\/post"}],"author":[{"embeddable":true,"href":"https:\/\/radiorevelacionfm.cl\/index.php?rest_route=\/wp\/v2\/users\/1"}],"replies":[{"embeddable":true,"href":"https:\/\/radiorevelacionfm.cl\/index.php?rest_route=%2Fwp%2Fv2%2Fcomments&post=55287"}],"version-history":[{"count":2,"href":"https:\/\/radiorevelacionfm.cl\/index.php?rest_route=\/wp\/v2\/posts\/55287\/revisions"}],"predecessor-version":[{"id":55290,"href":"https:\/\/radiorevelacionfm.cl\/index.php?rest_route=\/wp\/v2\/posts\/55287\/revisions\/55290"}],"wp:featuredmedia":[{"embeddable":true,"href":"https:\/\/radiorevelacionfm.cl\/index.php?rest_route=\/wp\/v2\/media\/55288"}],"wp:attachment":[{"href":"https:\/\/radiorevelacionfm.cl\/index.php?rest_route=%2Fwp%2Fv2%2Fmedia&parent=55287"}],"wp:term":[{"taxonomy":"category","embeddable":true,"href":"https:\/\/radiorevelacionfm.cl\/index.php?rest_route=%2Fwp%2Fv2%2Fcategories&post=55287"},{"taxonomy":"post_tag","embeddable":true,"href":"https:\/\/radiorevelacionfm.cl\/index.php?rest_route=%2Fwp%2Fv2%2Ftags&post=55287"}],"curies":[{"name":"wp","href":"https:\/\/api.w.org\/{rel}","templated":true}]}}