{"id":55278,"date":"2025-06-16T10:11:29","date_gmt":"2025-06-16T13:11:29","guid":{"rendered":"https:\/\/radiorevelacionfm.cl\/?p=55278"},"modified":"2025-06-16T10:11:29","modified_gmt":"2025-06-16T13:11:29","slug":"diputada-marcia-raphael-solicita-investigacion-a-la-superintendencia-de-educacion-superior-sobre-la-adquisicion-de-escultura-en-universidad-de-aysen","status":"publish","type":"post","link":"https:\/\/radiorevelacionfm.cl\/?p=55278","title":{"rendered":"Diputada Marcia Raphael solicita investigaci\u00f3n a la Superintendencia de Educaci\u00f3n Superior sobre la adquisici\u00f3n de escultura en Universidad de Ays\u00e9n"},"content":{"rendered":"<div class=\"flex_column av_one_full  flex_column_div av-zero-column-padding first  avia-builder-el-0  el_before_av_one_full  avia-builder-el-first  \" style='border-radius:0px; '><div  class='avia-image-container  av-styling-    avia-builder-el-1  avia-builder-el-no-sibling  avia-align-center '  itemprop=\"image\" itemscope=\"itemscope\" itemtype=\"https:\/\/schema.org\/ImageObject\"  ><div class='avia-image-container-inner'><div class='avia-image-overlay-wrap'><img decoding=\"async\" class='wp-image-55279 avia-img-lazy-loading-not-55279 avia_image' src=\"https:\/\/radiorevelacionfm.cl\/wp-content\/uploads\/2025\/06\/uaysen-3_optimized.jpg\" alt='' title='uaysen-(3)_optimized' height=\"600\" width=\"1054\"  itemprop=\"thumbnailUrl\" srcset=\"https:\/\/radiorevelacionfm.cl\/wp-content\/uploads\/2025\/06\/uaysen-3_optimized.jpg 1054w, https:\/\/radiorevelacionfm.cl\/wp-content\/uploads\/2025\/06\/uaysen-3_optimized-300x171.jpg 300w, https:\/\/radiorevelacionfm.cl\/wp-content\/uploads\/2025\/06\/uaysen-3_optimized-1030x586.jpg 1030w, https:\/\/radiorevelacionfm.cl\/wp-content\/uploads\/2025\/06\/uaysen-3_optimized-768x437.jpg 768w, https:\/\/radiorevelacionfm.cl\/wp-content\/uploads\/2025\/06\/uaysen-3_optimized-705x401.jpg 705w, https:\/\/radiorevelacionfm.cl\/wp-content\/uploads\/2025\/06\/uaysen-3_optimized-450x256.jpg 450w, https:\/\/radiorevelacionfm.cl\/wp-content\/uploads\/2025\/06\/uaysen-3_optimized-600x342.jpg 600w\" sizes=\"(max-width: 1054px) 100vw, 1054px\" \/><\/div><\/div><\/div><\/div><div class=\"flex_column av_one_full  flex_column_div av-zero-column-padding first  avia-builder-el-2  el_after_av_one_full  el_before_av_one_full  column-top-margin\" style='border-radius:0px; '><section class=\"av_textblock_section \"  itemscope=\"itemscope\" itemtype=\"https:\/\/schema.org\/BlogPosting\" itemprop=\"blogPost\" ><div class='avia_textblock  '   itemprop=\"text\" ><p style=\"text-align: center;\"><span style=\"font-size: 18pt;\"><strong>Diputada Marcia Raphael solicita investigaci\u00f3n a la Superintendencia de Educaci\u00f3n Superior sobre la adquisici\u00f3n de escultura en Universidad de Ays\u00e9n<\/strong><\/span><\/p>\n<div id=\"gtx-trans\" style=\"position: absolute; left: -50px; top: 4.31534px;\">\n<div class=\"gtx-trans-icon\"><\/div>\n<\/div>\n<\/div><\/section><\/div><div class=\"flex_column av_one_full  flex_column_div av-zero-column-padding first  avia-builder-el-4  el_after_av_one_full  el_before_av_hr  column-top-margin\" style='border-radius:0px; '><section class=\"av_textblock_section \"  itemscope=\"itemscope\" itemtype=\"https:\/\/schema.org\/BlogPosting\" itemprop=\"blogPost\" ><div class='avia_textblock  '   itemprop=\"text\" ><p style=\"text-align: justify;\">La parlamentaria Marcia Raphael manifest\u00f3 su preocupaci\u00f3n ante la reciente decisi\u00f3n de la Universidad de Ays\u00e9n de destinar recursos p\u00fablicos a la compra e instalaci\u00f3n de una escultura ornamental titulada \u201cConstelaci\u00f3n de la Cruz del Sur\u201d, por un monto total de $84.033.613 CLP m\u00e1s IVA, a trav\u00e9s de un procedimiento de contrataci\u00f3n directa. Esta medida se ha adoptado en un contexto alarmante para la instituci\u00f3n, que actualmente atraviesa una crisis financiera significativa y se encuentra bajo la gesti\u00f3n de un administrador provisional.<\/p>\n<p style=\"text-align: justify;\">La parlamentaria enfatiz\u00f3 que esta decisi\u00f3n resulta incomprensible y contradictoria, dado que la universidad enfrenta serias carencias estructurales y necesidades urgentes en cuanto a equipamiento, infraestructura y condiciones adecuadas para el desarrollo de las actividades.<\/p>\n<p style=\"text-align: justify;\">\u201cNo podemos entender c\u00f3mo la universidad, que est\u00e1 intervenida y casi en quiebra, decide destinar una suma tan elevada de dinero a una escultura, mientras sus alumnos lidian con instalaciones en p\u00e9simas condiciones. Los estudiantes han protestado por la falta de espacios adecuados para sus actividades acad\u00e9micas y, en cambio, la administraci\u00f3n decide hacer una inversi\u00f3n que no responde a las prioridades de la comunidad universitaria\u201d, se\u00f1al\u00f3 Raphael.<\/p>\n<p style=\"text-align: justify;\">Raphael hizo un llamado a la Superintendencia de Educaci\u00f3n Superior para que inicie una investigaci\u00f3n exhaustiva sobre este hecho y examine los procedimientos administrativos que llevaron a la aprobaci\u00f3n de la compra. \u201cEs esencial que se aclare c\u00f3mo se gestionan los recursos p\u00fablicos en nuestras instituciones de educaci\u00f3n superior y se garantice que se utilizan de manera responsable y transparente\u201d, concluy\u00f3 la diputada.<\/p>\n<p style=\"text-align: justify;\">\u201cLa comunidad universitaria merece respuestas y, sobre todo. No podemos permitir que la administraci\u00f3n de la universidad se desv\u00ede de su misi\u00f3n fundamental por decisiones que carecen de sentido en el contexto actual\u201d, complement\u00f3 Raphael.<\/p>\n<\/div><\/section><\/div><div  style='height:50px' class='hr hr-invisible   avia-builder-el-6  el_after_av_one_full  el_before_av_social_share '><span class='hr-inner ' ><span class='hr-inner-style'><\/span><\/span><\/div><\/p>\n<div  class='av-social-sharing-box  avia-builder-el-7  el_after_av_hr  el_before_av_hr  '><div class='av-share-box'><h5 class='av-share-link-description av-no-toc '>Compartir esta noticia<\/h5><ul class='av-share-box-list noLightbox'><li class='av-share-link av-social-link-facebook' ><a target=\"_blank\" aria-label=\"Compartir en Facebook\" href='https:\/\/www.facebook.com\/sharer.php?u=https:\/\/radiorevelacionfm.cl\/?p=55278&#038;t=Diputada%20Marcia%20Raphael%20solicita%20investigaci%C3%B3n%20a%20la%20Superintendencia%20de%20Educaci%C3%B3n%20Superior%20sobre%20la%20adquisici%C3%B3n%20de%20escultura%20en%20Universidad%20de%20Ays%C3%A9n' aria-hidden='false' data-av_icon='\ue8f3' data-av_iconfont='entypo-fontello' title='' data-avia-related-tooltip='Compartir en Facebook' rel=\"noopener\"><span class='avia_hidden_link_text'>Compartir en Facebook<\/span><\/a><\/li><li class='av-share-link av-social-link-twitter' ><a target=\"_blank\" aria-label=\"Compartir en Twitter\" href='https:\/\/twitter.com\/share?text=Diputada%20Marcia%20Raphael%20solicita%20investigaci%C3%B3n%20a%20la%20Superintendencia%20de%20Educaci%C3%B3n%20Superior%20sobre%20la%20adquisici%C3%B3n%20de%20escultura%20en%20Universidad%20de%20Ays%C3%A9n&#038;url=https:\/\/radiorevelacionfm.cl\/?p=55278' aria-hidden='false' data-av_icon='\ue8f1' data-av_iconfont='entypo-fontello' title='' data-avia-related-tooltip='Compartir en Twitter' rel=\"noopener\"><span class='avia_hidden_link_text'>Compartir en Twitter<\/span><\/a><\/li><li class='av-share-link av-social-link-whatsapp' ><a target=\"_blank\" aria-label=\"Compartir en Whatsapp\" href='https:\/\/api.whatsapp.com\/send?text=https:\/\/radiorevelacionfm.cl\/?p=55278' aria-hidden='false' data-av_icon='\uf232' data-av_iconfont='entypo-fontello' title='' data-avia-related-tooltip='Compartir en Whatsapp' rel=\"noopener\"><span class='avia_hidden_link_text'>Compartir en Whatsapp<\/span><\/a><\/li><li class='av-share-link av-social-link-linkedin' ><a target=\"_blank\" aria-label=\"Compartir en LinkedIn\" href='https:\/\/linkedin.com\/shareArticle?mini=true&#038;title=Diputada%20Marcia%20Raphael%20solicita%20investigaci%C3%B3n%20a%20la%20Superintendencia%20de%20Educaci%C3%B3n%20Superior%20sobre%20la%20adquisici%C3%B3n%20de%20escultura%20en%20Universidad%20de%20Ays%C3%A9n&#038;url=https:\/\/radiorevelacionfm.cl\/?p=55278' aria-hidden='false' data-av_icon='\ue8fc' data-av_iconfont='entypo-fontello' title='' data-avia-related-tooltip='Compartir en LinkedIn' rel=\"noopener\"><span class='avia_hidden_link_text'>Compartir en LinkedIn<\/span><\/a><\/li><li class='av-share-link av-social-link-mail' ><a  aria-label=\"Compartir por correo\" href='mailto:?subject=Diputada%20Marcia%20Raphael%20solicita%20investigaci%C3%B3n%20a%20la%20Superintendencia%20de%20Educaci%C3%B3n%20Superior%20sobre%20la%20adquisici%C3%B3n%20de%20escultura%20en%20Universidad%20de%20Ays%C3%A9n&#038;body=https:\/\/radiorevelacionfm.cl\/?p=55278' aria-hidden='false' data-av_icon='\ue805' data-av_iconfont='entypo-fontello' title='' data-avia-related-tooltip='Compartir por correo'><span class='avia_hidden_link_text'>Compartir por correo<\/span><\/a><\/li><\/ul><\/div><\/div>\n<div  style='height:50px' class='hr hr-invisible   avia-builder-el-8  el_after_av_social_share  el_before_av_comments_list '><span class='hr-inner ' ><span class='hr-inner-style'><\/span><\/span><\/div>\n<div  class='av-buildercomment  av-blog-meta-html-info-disabled av-blog-meta-tag-disabled  '><\/div>\n","protected":false},"excerpt":{"rendered":"","protected":false},"author":1,"featured_media":55279,"comment_status":"closed","ping_status":"closed","sticky":false,"template":"","format":"standard","meta":{"footnotes":""},"categories":[35],"tags":[],"class_list":["post-55278","post","type-post","status-publish","format-standard","has-post-thumbnail","hentry","category-politica"],"jetpack_featured_media_url":"https:\/\/radiorevelacionfm.cl\/wp-content\/uploads\/2025\/06\/uaysen-3_optimized.jpg","_links":{"self":[{"href":"https:\/\/radiorevelacionfm.cl\/index.php?rest_route=\/wp\/v2\/posts\/55278","targetHints":{"allow":["GET"]}}],"collection":[{"href":"https:\/\/radiorevelacionfm.cl\/index.php?rest_route=\/wp\/v2\/posts"}],"about":[{"href":"https:\/\/radiorevelacionfm.cl\/index.php?rest_route=\/wp\/v2\/types\/post"}],"author":[{"embeddable":true,"href":"https:\/\/radiorevelacionfm.cl\/index.php?rest_route=\/wp\/v2\/users\/1"}],"replies":[{"embeddable":true,"href":"https:\/\/radiorevelacionfm.cl\/index.php?rest_route=%2Fwp%2Fv2%2Fcomments&post=55278"}],"version-history":[{"count":2,"href":"https:\/\/radiorevelacionfm.cl\/index.php?rest_route=\/wp\/v2\/posts\/55278\/revisions"}],"predecessor-version":[{"id":55285,"href":"https:\/\/radiorevelacionfm.cl\/index.php?rest_route=\/wp\/v2\/posts\/55278\/revisions\/55285"}],"wp:featuredmedia":[{"embeddable":true,"href":"https:\/\/radiorevelacionfm.cl\/index.php?rest_route=\/wp\/v2\/media\/55279"}],"wp:attachment":[{"href":"https:\/\/radiorevelacionfm.cl\/index.php?rest_route=%2Fwp%2Fv2%2Fmedia&parent=55278"}],"wp:term":[{"taxonomy":"category","embeddable":true,"href":"https:\/\/radiorevelacionfm.cl\/index.php?rest_route=%2Fwp%2Fv2%2Fcategories&post=55278"},{"taxonomy":"post_tag","embeddable":true,"href":"https:\/\/radiorevelacionfm.cl\/index.php?rest_route=%2Fwp%2Fv2%2Ftags&post=55278"}],"curies":[{"name":"wp","href":"https:\/\/api.w.org\/{rel}","templated":true}]}}