{"id":55275,"date":"2025-06-17T09:03:05","date_gmt":"2025-06-17T12:03:05","guid":{"rendered":"https:\/\/radiorevelacionfm.cl\/?p=55275"},"modified":"2025-06-17T09:03:05","modified_gmt":"2025-06-17T12:03:05","slug":"municipalidad-de-aysen-ejecutara-programa-para-el-transito-a-la-vida-independiente","status":"publish","type":"post","link":"https:\/\/radiorevelacionfm.cl\/?p=55275","title":{"rendered":"Municipalidad de Ays\u00e9n ejecutar\u00e1 programa para el \u201cTr\u00e1nsito a la Vida Independiente\u201d"},"content":{"rendered":"<div class=\"flex_column av_one_full  flex_column_div av-zero-column-padding first  avia-builder-el-0  el_before_av_one_full  avia-builder-el-first  \" style='border-radius:0px; '><div  class='avia-image-container  av-styling-    avia-builder-el-1  avia-builder-el-no-sibling  avia-align-center '  itemprop=\"image\" itemscope=\"itemscope\" itemtype=\"https:\/\/schema.org\/ImageObject\"  ><div class='avia-image-container-inner'><div class='avia-image-overlay-wrap'><img decoding=\"async\" class='wp-image-55276 avia-img-lazy-loading-not-55276 avia_image' src=\"https:\/\/radiorevelacionfm.cl\/wp-content\/uploads\/2025\/06\/com7122-1_optimized.jpg\" alt='' title='_com7122-(1)_optimized' height=\"600\" width=\"898\"  itemprop=\"thumbnailUrl\" srcset=\"https:\/\/radiorevelacionfm.cl\/wp-content\/uploads\/2025\/06\/com7122-1_optimized.jpg 898w, https:\/\/radiorevelacionfm.cl\/wp-content\/uploads\/2025\/06\/com7122-1_optimized-300x200.jpg 300w, https:\/\/radiorevelacionfm.cl\/wp-content\/uploads\/2025\/06\/com7122-1_optimized-768x513.jpg 768w, https:\/\/radiorevelacionfm.cl\/wp-content\/uploads\/2025\/06\/com7122-1_optimized-705x471.jpg 705w, https:\/\/radiorevelacionfm.cl\/wp-content\/uploads\/2025\/06\/com7122-1_optimized-450x301.jpg 450w, https:\/\/radiorevelacionfm.cl\/wp-content\/uploads\/2025\/06\/com7122-1_optimized-600x401.jpg 600w\" sizes=\"(max-width: 898px) 100vw, 898px\" \/><\/div><\/div><\/div><\/div><div class=\"flex_column av_one_full  flex_column_div av-zero-column-padding first  avia-builder-el-2  el_after_av_one_full  el_before_av_one_full  column-top-margin\" style='border-radius:0px; '><section class=\"av_textblock_section \"  itemscope=\"itemscope\" itemtype=\"https:\/\/schema.org\/BlogPosting\" itemprop=\"blogPost\" ><div class='avia_textblock  '   itemprop=\"text\" ><p style=\"text-align: center;\"><strong><span style=\"font-size: 18pt;\">Municipalidad de Ays\u00e9n ejecutar\u00e1 programa para el \u201cTr\u00e1nsito a la Vida Independiente\u201d<\/span><\/strong><\/p>\n<div id=\"gtx-trans\" style=\"position: absolute; left: -50px; top: 4.31534px;\">\n<div class=\"gtx-trans-icon\"><\/div>\n<\/div>\n<\/div><\/section><\/div><div class=\"flex_column av_one_full  flex_column_div av-zero-column-padding first  avia-builder-el-4  el_after_av_one_full  el_before_av_hr  column-top-margin\" style='border-radius:0px; '><section class=\"av_textblock_section \"  itemscope=\"itemscope\" itemtype=\"https:\/\/schema.org\/BlogPosting\" itemprop=\"blogPost\" ><div class='avia_textblock  '   itemprop=\"text\" ><p style=\"text-align: justify;\"><em>Con la visita del Subdirector Nacional del SENADIS, se realiz\u00f3 la firma de la transferencia de dinero al municipio para ejecutar el programa que apoyar\u00e1 a personas con discapacidad de la comuna para aprender habilidades comunes que faciliten su diario vivir.<\/em><\/p>\n<p style=\"text-align: justify;\">50 millones de pesos ser\u00e1n transferidos a la Municipalidad de Ays\u00e9n por parte de Servicio Nacional de Discapacidad y el Ministerio de Desarrollo Social y Familia, a trav\u00e9s del Sistema Nacional \u201cChile Cuida\u201d; esto para la ejecuci\u00f3n del programa \u201cTr\u00e1nsito a la Vida Independiente\u201d (TVI), el cual significa un paso m\u00e1s en la b\u00fasqueda de la inclusi\u00f3n social en Ays\u00e9n y en Chile.<\/p>\n<p style=\"text-align: justify;\">El convenio de transferencia fue firmado en el Centro Comunitario de Cuidados de Ays\u00e9n (CCC), en una jornada en la cual participaron el Subdirector Nacional del Servicio Nacional Discapacidad, Daniel Canelo J\u00e9lvez; la Directora Regional de SENADIS, Viviana Mu\u00f1oz Vargas; la Seremi de Desarrollo Social y Familia, Karina Acevedo Auad; la Seremi de Gobierno, \u00darsula Mix Jim\u00e9nez, el Delegado Presidencial Provincial de Ays\u00e9n, Rodrigo Moreno Rivera; y el alcalde de la comuna de Ays\u00e9n, Luis Mart\u00ednez Gallardo, junto al Concejal Luis Otth Fosenca.<\/p>\n<p style=\"text-align: justify;\">Para el Subdirector Canelo, quien visit\u00f3 por primera vez el centro, es muy importante este avance que ha realizado la Municipalidad de Ays\u00e9n.<\/p>\n<p style=\"text-align: justify;\">\u201cEste es el primer Centro Comunitario de la regi\u00f3n y, por lo tanto, para nosotros tener una presencia ac\u00e1, de alguna forma empezar en esta comuna es importante y ojal\u00e1 sea replicable en la regi\u00f3n. La idea es que, a trav\u00e9s del financiamiento que se est\u00e1 entregando, puedan funcionar tres profesionales, kinesi\u00f3logos, psic\u00f3logos y terapeuta ocupacional; que puedan colaborar en b\u00fasqueda de la autonom\u00eda de las personas que vendr\u00e1n con su familia cuidadora\u201d.<\/p>\n<p style=\"text-align: justify;\">El edil aysenino, coment\u00f3 sobre los avances que se han realizado el \u00faltimo tiempo en materia de inclusi\u00f3n, \u201cprimero que nada nos encontramos con la habilitaci\u00f3n del Centro Comunitario de Cuidados y ahora la implementaci\u00f3n para mejorar el tr\u00e1nsito a la vida de las personas, que tambi\u00e9n beneficia a las y los cuidadores\u201d.<\/p>\n<p style=\"text-align: justify;\">\u201cCreo que es lo que necesitamos y la forma correcta que debe avanzar un pa\u00eds. Tal como se construye infraestructura, debemos tambi\u00e9n avanzar en asistir socialmente a cada persona. As\u00ed que muy contento, muy agradecido y los 50 millones nos vienen como anillo al dedo para seguir desarrollando nuestra comuna y seguir creciendo\u201d, finaliz\u00f3 el alcalde Mart\u00ednez.<\/p>\n<p style=\"text-align: justify;\">Este programa estar\u00e1 a cargo de la Oficina de la Discapacidad Municipal de Ays\u00e9n, m\u00e1s espec\u00edficamente, ser\u00e1n parte de los funcionarios del programa de Estrategias de Desarrollo Local Inclusivo. Comenzar\u00e1 a funcionar el mes de agosto y, de momento, contar\u00e1 con cuatro monitoras, tres en Puerto Ays\u00e9n y una en Villa Ma\u00f1ihuales.<\/p>\n<p style=\"text-align: justify;\">La agrupaci\u00f3n \u201cVisi\u00f3n de Futuro\u201d, una organizaci\u00f3n de ciudadanos con baja visi\u00f3n y ceguera total de Puerto Ays\u00e9n, a trav\u00e9s de su presidenta, Alejandra Ojeda, se expresaron contentos de que pueda darse en Ays\u00e9n este tipo de programas, ya que seg\u00fan la experiencia de la agrupaci\u00f3n, muchas personas con enfermedades o adultos mayores, comienzan a experimentar la p\u00e9rdida de la visi\u00f3n y es dif\u00edcil para ellos poder volver a aprender tareas que para muchos puedan ser b\u00e1sicas.<\/p>\n<p style=\"text-align: justify;\">\u201cEstos talleres de introducci\u00f3n a la vida diaria son importantes para volver a hacer una vida nueva. Igualmente habl\u00e9 con las autoridades presentes y comprometieron su ayuda, sobre todo pensando en los chicos que trabajan en la EDLI (Estrategia de Desarrollo Local Inclusivo) tienen muchas ganas de hacer cosas. Me parece genial estos centros comunitarios, son esenciales\u201d, coment\u00f3 la presidenta de Visi\u00f3n de Futuro.<\/p>\n<p style=\"text-align: justify;\"><em>\u00a0<\/em><\/p>\n<\/div><\/section><\/div><div  style='height:50px' class='hr hr-invisible   avia-builder-el-6  el_after_av_one_full  el_before_av_social_share '><span class='hr-inner ' ><span class='hr-inner-style'><\/span><\/span><\/div><\/p>\n<div  class='av-social-sharing-box  avia-builder-el-7  el_after_av_hr  el_before_av_hr  '><div class='av-share-box'><h5 class='av-share-link-description av-no-toc '>Compartir esta noticia<\/h5><ul class='av-share-box-list noLightbox'><li class='av-share-link av-social-link-facebook' ><a target=\"_blank\" aria-label=\"Compartir en Facebook\" href='https:\/\/www.facebook.com\/sharer.php?u=https:\/\/radiorevelacionfm.cl\/?p=55275&#038;t=Municipalidad%20de%20Ays%C3%A9n%20ejecutar%C3%A1%20programa%20para%20el%20%E2%80%9CTr%C3%A1nsito%20a%20la%20Vida%20Independiente%E2%80%9D' aria-hidden='false' data-av_icon='\ue8f3' data-av_iconfont='entypo-fontello' title='' data-avia-related-tooltip='Compartir en Facebook' rel=\"noopener\"><span class='avia_hidden_link_text'>Compartir en Facebook<\/span><\/a><\/li><li class='av-share-link av-social-link-twitter' ><a target=\"_blank\" aria-label=\"Compartir en Twitter\" href='https:\/\/twitter.com\/share?text=Municipalidad%20de%20Ays%C3%A9n%20ejecutar%C3%A1%20programa%20para%20el%20%E2%80%9CTr%C3%A1nsito%20a%20la%20Vida%20Independiente%E2%80%9D&#038;url=https:\/\/radiorevelacionfm.cl\/?p=55275' aria-hidden='false' data-av_icon='\ue8f1' data-av_iconfont='entypo-fontello' title='' data-avia-related-tooltip='Compartir en Twitter' rel=\"noopener\"><span class='avia_hidden_link_text'>Compartir en Twitter<\/span><\/a><\/li><li class='av-share-link av-social-link-whatsapp' ><a target=\"_blank\" aria-label=\"Compartir en Whatsapp\" href='https:\/\/api.whatsapp.com\/send?text=https:\/\/radiorevelacionfm.cl\/?p=55275' aria-hidden='false' data-av_icon='\uf232' data-av_iconfont='entypo-fontello' title='' data-avia-related-tooltip='Compartir en Whatsapp' rel=\"noopener\"><span class='avia_hidden_link_text'>Compartir en Whatsapp<\/span><\/a><\/li><li class='av-share-link av-social-link-linkedin' ><a target=\"_blank\" aria-label=\"Compartir en LinkedIn\" href='https:\/\/linkedin.com\/shareArticle?mini=true&#038;title=Municipalidad%20de%20Ays%C3%A9n%20ejecutar%C3%A1%20programa%20para%20el%20%E2%80%9CTr%C3%A1nsito%20a%20la%20Vida%20Independiente%E2%80%9D&#038;url=https:\/\/radiorevelacionfm.cl\/?p=55275' aria-hidden='false' data-av_icon='\ue8fc' data-av_iconfont='entypo-fontello' title='' data-avia-related-tooltip='Compartir en LinkedIn' rel=\"noopener\"><span class='avia_hidden_link_text'>Compartir en LinkedIn<\/span><\/a><\/li><li class='av-share-link av-social-link-mail' ><a  aria-label=\"Compartir por correo\" href='mailto:?subject=Municipalidad%20de%20Ays%C3%A9n%20ejecutar%C3%A1%20programa%20para%20el%20%E2%80%9CTr%C3%A1nsito%20a%20la%20Vida%20Independiente%E2%80%9D&#038;body=https:\/\/radiorevelacionfm.cl\/?p=55275' aria-hidden='false' data-av_icon='\ue805' data-av_iconfont='entypo-fontello' title='' data-avia-related-tooltip='Compartir por correo'><span class='avia_hidden_link_text'>Compartir por correo<\/span><\/a><\/li><\/ul><\/div><\/div>\n<div  style='height:50px' class='hr hr-invisible   avia-builder-el-8  el_after_av_social_share  el_before_av_comments_list '><span class='hr-inner ' ><span class='hr-inner-style'><\/span><\/span><\/div>\n<div  class='av-buildercomment  av-blog-meta-html-info-disabled av-blog-meta-tag-disabled  '><\/div>\n","protected":false},"excerpt":{"rendered":"","protected":false},"author":1,"featured_media":55276,"comment_status":"closed","ping_status":"closed","sticky":false,"template":"","format":"standard","meta":{"footnotes":""},"categories":[38],"tags":[],"class_list":["post-55275","post","type-post","status-publish","format-standard","has-post-thumbnail","hentry","category-regional"],"jetpack_featured_media_url":"https:\/\/radiorevelacionfm.cl\/wp-content\/uploads\/2025\/06\/com7122-1_optimized.jpg","_links":{"self":[{"href":"https:\/\/radiorevelacionfm.cl\/index.php?rest_route=\/wp\/v2\/posts\/55275","targetHints":{"allow":["GET"]}}],"collection":[{"href":"https:\/\/radiorevelacionfm.cl\/index.php?rest_route=\/wp\/v2\/posts"}],"about":[{"href":"https:\/\/radiorevelacionfm.cl\/index.php?rest_route=\/wp\/v2\/types\/post"}],"author":[{"embeddable":true,"href":"https:\/\/radiorevelacionfm.cl\/index.php?rest_route=\/wp\/v2\/users\/1"}],"replies":[{"embeddable":true,"href":"https:\/\/radiorevelacionfm.cl\/index.php?rest_route=%2Fwp%2Fv2%2Fcomments&post=55275"}],"version-history":[{"count":2,"href":"https:\/\/radiorevelacionfm.cl\/index.php?rest_route=\/wp\/v2\/posts\/55275\/revisions"}],"predecessor-version":[{"id":55340,"href":"https:\/\/radiorevelacionfm.cl\/index.php?rest_route=\/wp\/v2\/posts\/55275\/revisions\/55340"}],"wp:featuredmedia":[{"embeddable":true,"href":"https:\/\/radiorevelacionfm.cl\/index.php?rest_route=\/wp\/v2\/media\/55276"}],"wp:attachment":[{"href":"https:\/\/radiorevelacionfm.cl\/index.php?rest_route=%2Fwp%2Fv2%2Fmedia&parent=55275"}],"wp:term":[{"taxonomy":"category","embeddable":true,"href":"https:\/\/radiorevelacionfm.cl\/index.php?rest_route=%2Fwp%2Fv2%2Fcategories&post=55275"},{"taxonomy":"post_tag","embeddable":true,"href":"https:\/\/radiorevelacionfm.cl\/index.php?rest_route=%2Fwp%2Fv2%2Ftags&post=55275"}],"curies":[{"name":"wp","href":"https:\/\/api.w.org\/{rel}","templated":true}]}}