{"id":55271,"date":"2025-06-16T09:39:52","date_gmt":"2025-06-16T12:39:52","guid":{"rendered":"https:\/\/radiorevelacionfm.cl\/?p=55271"},"modified":"2025-06-16T09:39:52","modified_gmt":"2025-06-16T12:39:52","slug":"municipalidad-de-aysen-se-adjudica-fondo-de-50-millones-de-pesos-centro-de-vida-inclusivo-a-traves-de-senadis-y-chile-cuida","status":"publish","type":"post","link":"https:\/\/radiorevelacionfm.cl\/?p=55271","title":{"rendered":"Municipalidad de Ays\u00e9n se adjudica fondo de 50 millones de pesos  \u00abcentro de vida inclusivo\u00bb a trav\u00e9s de SENADIS y CHILE CUIDA"},"content":{"rendered":"<div class=\"flex_column av_one_full  flex_column_div av-zero-column-padding first  avia-builder-el-0  el_before_av_one_full  avia-builder-el-first  \" style='border-radius:0px; '><div  class='avia-image-container  av-styling-    avia-builder-el-1  avia-builder-el-no-sibling  avia-align-center '  itemprop=\"image\" itemscope=\"itemscope\" itemtype=\"https:\/\/schema.org\/ImageObject\"  ><div class='avia-image-container-inner'><div class='avia-image-overlay-wrap'><img decoding=\"async\" class='wp-image-55272 avia-img-lazy-loading-not-55272 avia_image' src=\"https:\/\/radiorevelacionfm.cl\/wp-content\/uploads\/2025\/06\/cheque-senadis-1-1-1.jpeg\" alt='' title='cheque senadis 1 (1) (1)' height=\"600\" width=\"800\"  itemprop=\"thumbnailUrl\" srcset=\"https:\/\/radiorevelacionfm.cl\/wp-content\/uploads\/2025\/06\/cheque-senadis-1-1-1.jpeg 800w, https:\/\/radiorevelacionfm.cl\/wp-content\/uploads\/2025\/06\/cheque-senadis-1-1-1-300x225.jpeg 300w, https:\/\/radiorevelacionfm.cl\/wp-content\/uploads\/2025\/06\/cheque-senadis-1-1-1-768x576.jpeg 768w, https:\/\/radiorevelacionfm.cl\/wp-content\/uploads\/2025\/06\/cheque-senadis-1-1-1-705x529.jpeg 705w, https:\/\/radiorevelacionfm.cl\/wp-content\/uploads\/2025\/06\/cheque-senadis-1-1-1-450x338.jpeg 450w, https:\/\/radiorevelacionfm.cl\/wp-content\/uploads\/2025\/06\/cheque-senadis-1-1-1-600x450.jpeg 600w\" sizes=\"(max-width: 800px) 100vw, 800px\" \/><\/div><\/div><\/div><\/div><div class=\"flex_column av_one_full  flex_column_div av-zero-column-padding first  avia-builder-el-2  el_after_av_one_full  el_before_av_one_full  column-top-margin\" style='border-radius:0px; '><section class=\"av_textblock_section \"  itemscope=\"itemscope\" itemtype=\"https:\/\/schema.org\/BlogPosting\" itemprop=\"blogPost\" ><div class='avia_textblock  '   itemprop=\"text\" ><p style=\"text-align: center;\"><strong><span style=\"font-size: 18pt;\">Municipalidad de Ays\u00e9n se adjudica fondo de 50 millones de pesos\u00a0 \u00abcentro de vida inclusivo\u00bb a trav\u00e9s de SENADIS y CHILE CUIDA<\/span><\/strong><\/p>\n<div id=\"gtx-trans\" style=\"position: absolute; left: -50px; top: 4.31534px;\">\n<div class=\"gtx-trans-icon\"><\/div>\n<\/div>\n<\/div><\/section><\/div><div class=\"flex_column av_one_full  flex_column_div av-zero-column-padding first  avia-builder-el-4  el_after_av_one_full  el_before_av_hr  column-top-margin\" style='border-radius:0px; '><section class=\"av_textblock_section \"  itemscope=\"itemscope\" itemtype=\"https:\/\/schema.org\/BlogPosting\" itemprop=\"blogPost\" ><div class='avia_textblock  '   itemprop=\"text\" ><div class=\"v1elementToProof\" style=\"text-align: justify;\">Con la entrega de un simb\u00f3lico cheque en el Centro Comunitario de Cuidados de Ays\u00e9n, se hizo la entrega oficial del financiamiento que se adjudic\u00f3 la Municipalidad de la porte\u00f1a comuna por 50 millones de pesos para ir en apoyo de 15 beneficiarios para implementar la iniciativa \u00abCentro de Vida Inclusivo\u00bb a trav\u00e9s del Programa Tr\u00e1nsito a la Vida Independiente del Servicio Nacional de la Discapacidad, Senadis.<\/div>\n<div class=\"v1elementToProof\" style=\"text-align: justify;\"><\/div>\n<div class=\"v1elementToProof\" style=\"text-align: justify;\">A la ceremonia de entrega concurrieron agrupaciones de discapacidad de la comuna de Ays\u00e9n, concejales, el alcalde Luis Mart\u00ednez, y cont\u00f3 con la visita del subdirector Nacional de Senadis Daniel Canelo, la Seremi de Desarrollo Social y Familia Karina Acevedo, Seremi de Gobierno \u00darsula Mix, delegado Presidencial Provincial Rodrigo Moreno y la directora regional del Senadis Viviana Mu\u00f1oz. Todos ellos fueron part\u00edcipes de la entrega del financiamiento que por un a\u00f1o permitir\u00e1 desarrollar, potenciar y fomentar el camino a una mayor autonom\u00eda de personas con discapacidad.<\/div>\n<div class=\"v1elementToProof\" style=\"text-align: justify;\"><\/div>\n<div class=\"v1elementToProof\" style=\"text-align: justify;\">El Subdirector nacional de Senadis Daniel Canelo, as\u00ed lo destac\u00f3 tras su visita \u00abPara nosotros es muy importante porque estamos entregando un financiamiento muy significativo al Centro Comunitario de Cuidados de la comuna de Ays\u00e9n, es el primero en la regi\u00f3n y son 50 millones de pesos para lograr inclusi\u00f3n de personas con discapacidad, es un proyecto que fue adjudicado a trav\u00e9s del Sistema Nacional de Cuidados Chile Cuida desde nuestro Programa Tr\u00e1nsito a la vida independiente ,en donde ser\u00e1n beneficiadas 15 personas por el periodo de un a\u00f1o\u00bb se\u00f1al\u00f3 la autoridad.<\/div>\n<div class=\"v1elementToProof\" style=\"text-align: justify;\"><\/div>\n<div class=\"v1elementToProof\" style=\"text-align: justify;\">Dicho financiamiento permitir\u00e1 la contrataci\u00f3n de un equipo profesional multidisciplinario, compuesto por una Psic\u00f3logo\/a, un\/a Terapeuta Ocupacional y un\/a Kinesi\u00f3logo\/a. Este equipo desarrollar\u00e1 de manera coordinada intervenci\u00f3n colectiva e individual para propiciar el desarrollo integral de 15 personas con discapacidad leve, moderada y severa de Puerto Ays\u00e9n, a trav\u00e9s de la potenciaci\u00f3n de sus habilidades y autonom\u00eda en las actividades b\u00e1sicas e instrumentales de la vida diaria. Asimismo, fomentar\u00e1 la participaci\u00f3n activa de las familias o cuidadores para afianzar avances en su autonom\u00eda.<\/div>\n<div class=\"v1elementToProof\" style=\"text-align: justify;\"><\/div>\n<div class=\"v1elementToProof\" style=\"text-align: justify;\">Por su lado la Seremi de Desarrollo Social y Familia, Karina Acevedo Auad relev\u00f3 que es un financiamiento que fue posible a trav\u00e9s de la l\u00ednea Chile Cuida \u00bb Nos permite entregarles un apoyo completo e integral, para que puedan mejorar sus condiciones y de esa manera vincularse con m\u00e1s herramientas a la vida independiente, no queremos solamente que se queden con el apoyo que hace el Centro sino tambi\u00e9n un complemento extra, adem\u00e1s debo felicitar al municipio de Ays\u00e9n porque ha tenido una especial disposici\u00f3n para poder establecer una pol\u00edtica distinta con una estrategia local que tiene que ver\u00a0 el c\u00f3mo hacemos una comuna inclusiva y eso lo est\u00e1n trabajando con el Senadis, su directora Viviana Mu\u00f1oz. As\u00ed que estamos muy contentos como gobierno y del mandato del presidente Boric, porque este financiamiento es el primero en Ays\u00e9n que se lo adjudica este municipio a trav\u00e9s de Chile Cuida y que va en apoyo de quienes requieren cuidados, pero tambi\u00e9n de sus cuidadores que tanto lo necesitan\u00bb.<\/div>\n<div class=\"v1elementToProof\" style=\"text-align: justify;\"><\/div>\n<div class=\"v1elementToProof\" style=\"text-align: justify;\">Contentos por el apoyo integral que podr\u00e1n entregarle a 15 personas con discapacidad y sus cuidadores, Luis Mart\u00ednez alcalde de la Comuna de Ays\u00e9n manifest\u00f3 \u00bb Estamos muy contentos porque hemos podido trabajar bien con esta serem\u00eda con Karina y nos vino a ver el subdirector nacional de Senadis, pero esto va en la l\u00ednea de lo que nosotros hab\u00edamos planificado para asistir las personas con discapacidad y primero que nada nos encontramos con esta infraestructura como lo es el Centro Comunitario de Cuidados y ahora la implementaci\u00f3n para mejorar el tr\u00e1nsito a la vida independiente de cuidadores y de la persona cuidada, es lo que necesitamos y es la forma correcta de avanzar un pa\u00eds, porque as\u00ed como se avanza en infraestructura tambi\u00e9n se debe hacer en asistir socialmente a quienes lo requieren, as\u00ed que muy contentos y agradecidos porque 50 millones nos viene como anillo al dedo\u00bb lo que fue ratificado por su Directora de Desarrollo Comunitario Karina Montecinos \u00bb es un hito para nosotros, es un tremendo aporte porque es un proyecto al que postulamos y que no solo beneficia al municipio sino a la comunidad y especialmente a las personas con discapacidad y sus familias\u00bb.<\/div>\n<div class=\"v1elementToProof\" style=\"text-align: justify;\"><\/div>\n<div class=\"v1elementToProof\" style=\"text-align: justify;\">Entre los asistentes acompa\u00f1aron las agrupaciones de discapacidad en donde una de sus integrantes Mar\u00eda Elizabeth Silva de \u00abFamiliares y amigos de postrados sue\u00f1os de Carol\u00bb va a ser un apoyo para muchas personas que \u00e9ramos bien invisibles antes, los cuidadores y bueno los pacientes. Yo lo encuentro genial, porque se van a ocupar del paciente y del cuidador y \u00e9ste \u00faltimo es el que m\u00e1s necesita apoyo porque nadie se ocupa de ellos, as\u00ed que venga la gente al centro para que se sepa c\u00f3mo pueden ser apoyados\u00bb en tanto Teresa de la agrupaci\u00f3n de personas mayores destac\u00f3 \u00bb esta iniciativa es muy buena y ser\u00eda maravilloso que tambi\u00e9n se extienda nosotros tenemos muchos socios que por la diabetes han ido perdiendo la vista y estos talleres son s\u00faper importantes, estos centros comunitarios son importantes porque el trabajo de los cuidadores implican mucho sacrificio, as\u00ed que ha sido un d\u00eda redondito\u00bb. finalizaron.<\/div>\n<div class=\"v1elementToProof\" style=\"text-align: justify;\"><\/div>\n<div class=\"v1elementToProof\" style=\"text-align: justify;\"><\/div>\n<div id=\"v1Signature\">\n<div style=\"text-align: justify;\"><\/div>\n<\/div>\n<\/div><\/section><\/div><div  style='height:50px' class='hr hr-invisible   avia-builder-el-6  el_after_av_one_full  el_before_av_social_share '><span class='hr-inner ' ><span class='hr-inner-style'><\/span><\/span><\/div><\/p>\n<div  class='av-social-sharing-box  avia-builder-el-7  el_after_av_hr  el_before_av_hr  '><div class='av-share-box'><h5 class='av-share-link-description av-no-toc '>Compartir esta noticia<\/h5><ul class='av-share-box-list noLightbox'><li class='av-share-link av-social-link-facebook' ><a target=\"_blank\" aria-label=\"Compartir en Facebook\" href='https:\/\/www.facebook.com\/sharer.php?u=https:\/\/radiorevelacionfm.cl\/?p=55271&#038;t=Municipalidad%20de%20Ays%C3%A9n%20se%20adjudica%20fondo%20de%2050%20millones%20de%20pesos%20%20%C2%ABcentro%20de%20vida%20inclusivo%C2%BB%20a%20trav%C3%A9s%20de%20SENADIS%20y%20CHILE%20CUIDA' aria-hidden='false' data-av_icon='\ue8f3' data-av_iconfont='entypo-fontello' title='' data-avia-related-tooltip='Compartir en Facebook' rel=\"noopener\"><span class='avia_hidden_link_text'>Compartir en Facebook<\/span><\/a><\/li><li class='av-share-link av-social-link-twitter' ><a target=\"_blank\" aria-label=\"Compartir en Twitter\" href='https:\/\/twitter.com\/share?text=Municipalidad%20de%20Ays%C3%A9n%20se%20adjudica%20fondo%20de%2050%20millones%20de%20pesos%20%20%C2%ABcentro%20de%20vida%20inclusivo%C2%BB%20a%20trav%C3%A9s%20de%20SENADIS%20y%20CHILE%20CUIDA&#038;url=https:\/\/radiorevelacionfm.cl\/?p=55271' aria-hidden='false' data-av_icon='\ue8f1' data-av_iconfont='entypo-fontello' title='' data-avia-related-tooltip='Compartir en Twitter' rel=\"noopener\"><span class='avia_hidden_link_text'>Compartir en Twitter<\/span><\/a><\/li><li class='av-share-link av-social-link-whatsapp' ><a target=\"_blank\" aria-label=\"Compartir en Whatsapp\" href='https:\/\/api.whatsapp.com\/send?text=https:\/\/radiorevelacionfm.cl\/?p=55271' aria-hidden='false' data-av_icon='\uf232' data-av_iconfont='entypo-fontello' title='' data-avia-related-tooltip='Compartir en Whatsapp' rel=\"noopener\"><span class='avia_hidden_link_text'>Compartir en Whatsapp<\/span><\/a><\/li><li class='av-share-link av-social-link-linkedin' ><a target=\"_blank\" aria-label=\"Compartir en LinkedIn\" href='https:\/\/linkedin.com\/shareArticle?mini=true&#038;title=Municipalidad%20de%20Ays%C3%A9n%20se%20adjudica%20fondo%20de%2050%20millones%20de%20pesos%20%20%C2%ABcentro%20de%20vida%20inclusivo%C2%BB%20a%20trav%C3%A9s%20de%20SENADIS%20y%20CHILE%20CUIDA&#038;url=https:\/\/radiorevelacionfm.cl\/?p=55271' aria-hidden='false' data-av_icon='\ue8fc' data-av_iconfont='entypo-fontello' title='' data-avia-related-tooltip='Compartir en LinkedIn' rel=\"noopener\"><span class='avia_hidden_link_text'>Compartir en LinkedIn<\/span><\/a><\/li><li class='av-share-link av-social-link-mail' ><a  aria-label=\"Compartir por correo\" href='mailto:?subject=Municipalidad%20de%20Ays%C3%A9n%20se%20adjudica%20fondo%20de%2050%20millones%20de%20pesos%20%20%C2%ABcentro%20de%20vida%20inclusivo%C2%BB%20a%20trav%C3%A9s%20de%20SENADIS%20y%20CHILE%20CUIDA&#038;body=https:\/\/radiorevelacionfm.cl\/?p=55271' aria-hidden='false' data-av_icon='\ue805' data-av_iconfont='entypo-fontello' title='' data-avia-related-tooltip='Compartir por correo'><span class='avia_hidden_link_text'>Compartir por correo<\/span><\/a><\/li><\/ul><\/div><\/div>\n<div  style='height:50px' class='hr hr-invisible   avia-builder-el-8  el_after_av_social_share  el_before_av_comments_list '><span class='hr-inner ' ><span class='hr-inner-style'><\/span><\/span><\/div>\n<div  class='av-buildercomment  av-blog-meta-html-info-disabled av-blog-meta-tag-disabled  '><\/div>\n","protected":false},"excerpt":{"rendered":"","protected":false},"author":1,"featured_media":55272,"comment_status":"closed","ping_status":"closed","sticky":false,"template":"","format":"standard","meta":{"footnotes":""},"categories":[38],"tags":[],"class_list":["post-55271","post","type-post","status-publish","format-standard","has-post-thumbnail","hentry","category-regional"],"jetpack_featured_media_url":"https:\/\/radiorevelacionfm.cl\/wp-content\/uploads\/2025\/06\/cheque-senadis-1-1-1.jpeg","_links":{"self":[{"href":"https:\/\/radiorevelacionfm.cl\/index.php?rest_route=\/wp\/v2\/posts\/55271","targetHints":{"allow":["GET"]}}],"collection":[{"href":"https:\/\/radiorevelacionfm.cl\/index.php?rest_route=\/wp\/v2\/posts"}],"about":[{"href":"https:\/\/radiorevelacionfm.cl\/index.php?rest_route=\/wp\/v2\/types\/post"}],"author":[{"embeddable":true,"href":"https:\/\/radiorevelacionfm.cl\/index.php?rest_route=\/wp\/v2\/users\/1"}],"replies":[{"embeddable":true,"href":"https:\/\/radiorevelacionfm.cl\/index.php?rest_route=%2Fwp%2Fv2%2Fcomments&post=55271"}],"version-history":[{"count":2,"href":"https:\/\/radiorevelacionfm.cl\/index.php?rest_route=\/wp\/v2\/posts\/55271\/revisions"}],"predecessor-version":[{"id":55274,"href":"https:\/\/radiorevelacionfm.cl\/index.php?rest_route=\/wp\/v2\/posts\/55271\/revisions\/55274"}],"wp:featuredmedia":[{"embeddable":true,"href":"https:\/\/radiorevelacionfm.cl\/index.php?rest_route=\/wp\/v2\/media\/55272"}],"wp:attachment":[{"href":"https:\/\/radiorevelacionfm.cl\/index.php?rest_route=%2Fwp%2Fv2%2Fmedia&parent=55271"}],"wp:term":[{"taxonomy":"category","embeddable":true,"href":"https:\/\/radiorevelacionfm.cl\/index.php?rest_route=%2Fwp%2Fv2%2Fcategories&post=55271"},{"taxonomy":"post_tag","embeddable":true,"href":"https:\/\/radiorevelacionfm.cl\/index.php?rest_route=%2Fwp%2Fv2%2Ftags&post=55271"}],"curies":[{"name":"wp","href":"https:\/\/api.w.org\/{rel}","templated":true}]}}