{"id":55266,"date":"2025-06-15T17:24:27","date_gmt":"2025-06-15T20:24:27","guid":{"rendered":"https:\/\/radiorevelacionfm.cl\/?p=55266"},"modified":"2025-06-15T17:24:27","modified_gmt":"2025-06-15T20:24:27","slug":"servicio-de-salud-aysen-y-gendarmeria-firman-convenio-de-colaboracion","status":"publish","type":"post","link":"https:\/\/radiorevelacionfm.cl\/?p=55266","title":{"rendered":"Servicio de Salud Ays\u00e9n y Gendarmer\u00eda firman convenio de colaboraci\u00f3n"},"content":{"rendered":"<div class=\"flex_column av_one_full  flex_column_div av-zero-column-padding first  avia-builder-el-0  el_before_av_one_full  avia-builder-el-first  \" style='border-radius:0px; '><div  class='avia-image-container  av-styling-    avia-builder-el-1  avia-builder-el-no-sibling  avia-align-center '  itemprop=\"image\" itemscope=\"itemscope\" itemtype=\"https:\/\/schema.org\/ImageObject\"  ><div class='avia-image-container-inner'><div class='avia-image-overlay-wrap'><img decoding=\"async\" class='wp-image-55267 avia-img-lazy-loading-not-55267 avia_image' src=\"https:\/\/radiorevelacionfm.cl\/wp-content\/uploads\/2025\/06\/IMG_9283-2-2.jpg\" alt='' title='IMG_9283-2-2' height=\"600\" width=\"800\"  itemprop=\"thumbnailUrl\" srcset=\"https:\/\/radiorevelacionfm.cl\/wp-content\/uploads\/2025\/06\/IMG_9283-2-2.jpg 800w, https:\/\/radiorevelacionfm.cl\/wp-content\/uploads\/2025\/06\/IMG_9283-2-2-300x225.jpg 300w, https:\/\/radiorevelacionfm.cl\/wp-content\/uploads\/2025\/06\/IMG_9283-2-2-768x576.jpg 768w, https:\/\/radiorevelacionfm.cl\/wp-content\/uploads\/2025\/06\/IMG_9283-2-2-705x529.jpg 705w, https:\/\/radiorevelacionfm.cl\/wp-content\/uploads\/2025\/06\/IMG_9283-2-2-450x338.jpg 450w, https:\/\/radiorevelacionfm.cl\/wp-content\/uploads\/2025\/06\/IMG_9283-2-2-600x450.jpg 600w\" sizes=\"(max-width: 800px) 100vw, 800px\" \/><\/div><\/div><\/div><\/div><div class=\"flex_column av_one_full  flex_column_div av-zero-column-padding first  avia-builder-el-2  el_after_av_one_full  el_before_av_one_full  column-top-margin\" style='border-radius:0px; '><section class=\"av_textblock_section \"  itemscope=\"itemscope\" itemtype=\"https:\/\/schema.org\/BlogPosting\" itemprop=\"blogPost\" ><div class='avia_textblock  '   itemprop=\"text\" ><p style=\"text-align: center;\"><span style=\"font-size: 18pt;\"><strong>Servicio de Salud Ays\u00e9n y Gendarmer\u00eda firman convenio de colaboraci\u00f3n<\/strong><\/span><\/p>\n<div id=\"gtx-trans\" style=\"position: absolute; left: -50px; top: 4.31534px;\">\n<div class=\"gtx-trans-icon\"><\/div>\n<\/div>\n<\/div><\/section><\/div><div class=\"flex_column av_one_full  flex_column_div av-zero-column-padding first  avia-builder-el-4  el_after_av_one_full  el_before_av_hr  column-top-margin\" style='border-radius:0px; '><section class=\"av_textblock_section \"  itemscope=\"itemscope\" itemtype=\"https:\/\/schema.org\/BlogPosting\" itemprop=\"blogPost\" ><div class='avia_textblock  '   itemprop=\"text\" ><p style=\"text-align: justify;\"><em>Dicho convenio permitir\u00e1 fortalecer la atenci\u00f3n de salud de mujeres <\/em><em>privadas de libertad gestantes o con hijos e hijas lactantes.<\/em><\/p>\n<p style=\"text-align: justify;\">Este jueves se llev\u00f3 a cabo la firma de un convenio de colaboraci\u00f3n entre el Servicio de Salud Ays\u00e9n y Gendarmer\u00eda de Chile, dicha instancia permitir\u00e1 establecer los compromisos que asumen ambas instituciones para fortalecer la atenci\u00f3n de salud de las mujeres privadas de libertad gestantes o con hijos e hijas lactantes en particular y de la poblaci\u00f3n penal en general.<\/p>\n<p style=\"text-align: justify;\">En la firma de convenio estuvieron presentes, el seremi de justicia y derechos humanos Samuel Navarro Castro, el defensor regional de Ays\u00e9n, Jorge Moraga, la seremi de la Mujer y Equidad de G\u00e9nero, Isidora Gacit\u00faa, el director del Servicio de Salud Ays\u00e9n Juan Pablo Bravo Quintana, la representante de la seremi de Salud Silvia Delfin, el director regional de Gendarmer\u00eda de Chile, coronel Pablo Torres y el director del Instituto Nacional de Derechos Humanos Joaqu\u00edn Bizama, adem\u00e1s de directores de establecimientos de salud y funcionarios de salud y de gendarmeria.<\/p>\n<p style=\"text-align: justify;\">Respecto a la firma de este convenio, el director del Servicio de Salud Ays\u00e9n, Juan Pablo Bravo se\u00f1al\u00f3 que \u201cse traduce en prestaciones de salud reales en protocolizar las atenciones que se est\u00e1n dando a las embarazadas y tambi\u00e9n a las gestantes de mujeres privadas de libertad, donde vamos a acercar la salud a esas usuarias, darles atenci\u00f3n de calidad, equidad y tambi\u00e9n resolutividad a cada uno de nuestros usuarios, y estas mujeres gestantes est\u00e1n dentro de esos usuarios y este convenio nos lleva a asegurar la atenci\u00f3n en salud y tambi\u00e9n asegurar la seguridad para nuestros funcionarios\u201d.<\/p>\n<p style=\"text-align: justify;\">En tanto, el seremi de Justicia y Derechos Humanos Samuel Navarro explic\u00f3 que \u201cabarca o implica una oferta program\u00e1tica, una oferta de prestaciones de salud de todo nivel a toda la poblaci\u00f3n penal que est\u00e1 en los centros penitenciarios en la regi\u00f3n de Ays\u00e9n desde esa perspectiva podemos decir hist\u00f3rico porque si bien es cierto est\u00e1bamos realizando algunas acciones, no ten\u00edan un marco jur\u00eddico, marco normativo y hoy se cuenta con este marco jur\u00eddico, van a tener protocolos y estamos avanzando en mejorar las condiciones de las mujeres privadas de libertad y de la poblaci\u00f3n penal en general\u201d, avance enmarcado en el eje de reinserci\u00f3n social que impulsa nuestro gobierno.<\/p>\n<p style=\"text-align: justify;\">Por su parte, el director regional de Gendarmer\u00eda de Chile, coronel Pablo Torres indic\u00f3 que \u201ceste convenio viene a fortalecer la atenci\u00f3n que nosotros le prestamos a las personas privadas de libertad en situaci\u00f3n de embarazo y lactancia, nos permite tener una mejor tratativa a la poblaci\u00f3n penal, nos permite fortalecer y que nuestras secciones femeninas tengan un ambiente protegido y seguro en la protecci\u00f3n de la maternidad\u201d.<\/p>\n<p style=\"text-align: justify;\">En tanto, la seremi de la Mujer y Equidad de G\u00e9nero, Isidora Gacit\u00faa manifest\u00f3 que \u201cprimero es un gran avance para asegurar que tenga las condiciones y las prestaciones de salud necesarias para poder afrontar este proceso, y seguiremos trabajando en la mesa para no solamente esta acci\u00f3n poder visibilizar y dar tambi\u00e9n soluci\u00f3n en este momento tan importante para las mujeres como es poder tener a disposici\u00f3n de todas las garant\u00edas para asegurar tanto que el ejercicio de sus derechos se cumpla y que el Estado tambi\u00e9n sea garante de eso\u201d.<\/p>\n<p style=\"text-align: justify;\">Finalmente, la firma de este convenio de colaboraci\u00f3n entre el Servicio de Salud y Gendarmer\u00eda de Chile, es uno de los productos del trabajo que se viene desarrollando desde marzo del a\u00f1o 2024 con la puesta en marcha de la mesa de mujeres privadas de libertad embarazadas y con hijos lactantes, que lidera el seremi Navarro en la regi\u00f3n de Ays\u00e9n y que materializa en el sector una pol\u00edtica p\u00fablica del gobierno con enfoque de g\u00e9nero.<\/p>\n<\/div><\/section><\/div><div  style='height:50px' class='hr hr-invisible   avia-builder-el-6  el_after_av_one_full  el_before_av_social_share '><span class='hr-inner ' ><span class='hr-inner-style'><\/span><\/span><\/div><\/p>\n<div  class='av-social-sharing-box  avia-builder-el-7  el_after_av_hr  el_before_av_hr  '><div class='av-share-box'><h5 class='av-share-link-description av-no-toc '>Compartir esta noticia<\/h5><ul class='av-share-box-list noLightbox'><li class='av-share-link av-social-link-facebook' ><a target=\"_blank\" aria-label=\"Compartir en Facebook\" href='https:\/\/www.facebook.com\/sharer.php?u=https:\/\/radiorevelacionfm.cl\/?p=55266&#038;t=Servicio%20de%20Salud%20Ays%C3%A9n%20y%20Gendarmer%C3%ADa%20firman%20convenio%20de%20colaboraci%C3%B3n' aria-hidden='false' data-av_icon='\ue8f3' data-av_iconfont='entypo-fontello' title='' data-avia-related-tooltip='Compartir en Facebook' rel=\"noopener\"><span class='avia_hidden_link_text'>Compartir en Facebook<\/span><\/a><\/li><li class='av-share-link av-social-link-twitter' ><a target=\"_blank\" aria-label=\"Compartir en Twitter\" href='https:\/\/twitter.com\/share?text=Servicio%20de%20Salud%20Ays%C3%A9n%20y%20Gendarmer%C3%ADa%20firman%20convenio%20de%20colaboraci%C3%B3n&#038;url=https:\/\/radiorevelacionfm.cl\/?p=55266' aria-hidden='false' data-av_icon='\ue8f1' data-av_iconfont='entypo-fontello' title='' data-avia-related-tooltip='Compartir en Twitter' rel=\"noopener\"><span class='avia_hidden_link_text'>Compartir en Twitter<\/span><\/a><\/li><li class='av-share-link av-social-link-whatsapp' ><a target=\"_blank\" aria-label=\"Compartir en Whatsapp\" href='https:\/\/api.whatsapp.com\/send?text=https:\/\/radiorevelacionfm.cl\/?p=55266' aria-hidden='false' data-av_icon='\uf232' data-av_iconfont='entypo-fontello' title='' data-avia-related-tooltip='Compartir en Whatsapp' rel=\"noopener\"><span class='avia_hidden_link_text'>Compartir en Whatsapp<\/span><\/a><\/li><li class='av-share-link av-social-link-linkedin' ><a target=\"_blank\" aria-label=\"Compartir en LinkedIn\" href='https:\/\/linkedin.com\/shareArticle?mini=true&#038;title=Servicio%20de%20Salud%20Ays%C3%A9n%20y%20Gendarmer%C3%ADa%20firman%20convenio%20de%20colaboraci%C3%B3n&#038;url=https:\/\/radiorevelacionfm.cl\/?p=55266' aria-hidden='false' data-av_icon='\ue8fc' data-av_iconfont='entypo-fontello' title='' data-avia-related-tooltip='Compartir en LinkedIn' rel=\"noopener\"><span class='avia_hidden_link_text'>Compartir en LinkedIn<\/span><\/a><\/li><li class='av-share-link av-social-link-mail' ><a  aria-label=\"Compartir por correo\" href='mailto:?subject=Servicio%20de%20Salud%20Ays%C3%A9n%20y%20Gendarmer%C3%ADa%20firman%20convenio%20de%20colaboraci%C3%B3n&#038;body=https:\/\/radiorevelacionfm.cl\/?p=55266' aria-hidden='false' data-av_icon='\ue805' data-av_iconfont='entypo-fontello' title='' data-avia-related-tooltip='Compartir por correo'><span class='avia_hidden_link_text'>Compartir por correo<\/span><\/a><\/li><\/ul><\/div><\/div>\n<div  style='height:50px' class='hr hr-invisible   avia-builder-el-8  el_after_av_social_share  el_before_av_comments_list '><span class='hr-inner ' ><span class='hr-inner-style'><\/span><\/span><\/div>\n<div  class='av-buildercomment  av-blog-meta-html-info-disabled av-blog-meta-tag-disabled  '><\/div>\n","protected":false},"excerpt":{"rendered":"","protected":false},"author":1,"featured_media":55267,"comment_status":"closed","ping_status":"closed","sticky":false,"template":"","format":"standard","meta":{"footnotes":""},"categories":[55],"tags":[],"class_list":["post-55266","post","type-post","status-publish","format-standard","has-post-thumbnail","hentry","category-justicia"],"jetpack_featured_media_url":"https:\/\/radiorevelacionfm.cl\/wp-content\/uploads\/2025\/06\/IMG_9283-2-2.jpg","_links":{"self":[{"href":"https:\/\/radiorevelacionfm.cl\/index.php?rest_route=\/wp\/v2\/posts\/55266","targetHints":{"allow":["GET"]}}],"collection":[{"href":"https:\/\/radiorevelacionfm.cl\/index.php?rest_route=\/wp\/v2\/posts"}],"about":[{"href":"https:\/\/radiorevelacionfm.cl\/index.php?rest_route=\/wp\/v2\/types\/post"}],"author":[{"embeddable":true,"href":"https:\/\/radiorevelacionfm.cl\/index.php?rest_route=\/wp\/v2\/users\/1"}],"replies":[{"embeddable":true,"href":"https:\/\/radiorevelacionfm.cl\/index.php?rest_route=%2Fwp%2Fv2%2Fcomments&post=55266"}],"version-history":[{"count":2,"href":"https:\/\/radiorevelacionfm.cl\/index.php?rest_route=\/wp\/v2\/posts\/55266\/revisions"}],"predecessor-version":[{"id":55270,"href":"https:\/\/radiorevelacionfm.cl\/index.php?rest_route=\/wp\/v2\/posts\/55266\/revisions\/55270"}],"wp:featuredmedia":[{"embeddable":true,"href":"https:\/\/radiorevelacionfm.cl\/index.php?rest_route=\/wp\/v2\/media\/55267"}],"wp:attachment":[{"href":"https:\/\/radiorevelacionfm.cl\/index.php?rest_route=%2Fwp%2Fv2%2Fmedia&parent=55266"}],"wp:term":[{"taxonomy":"category","embeddable":true,"href":"https:\/\/radiorevelacionfm.cl\/index.php?rest_route=%2Fwp%2Fv2%2Fcategories&post=55266"},{"taxonomy":"post_tag","embeddable":true,"href":"https:\/\/radiorevelacionfm.cl\/index.php?rest_route=%2Fwp%2Fv2%2Ftags&post=55266"}],"curies":[{"name":"wp","href":"https:\/\/api.w.org\/{rel}","templated":true}]}}