{"id":5526,"date":"2021-06-23T10:36:10","date_gmt":"2021-06-23T13:36:10","guid":{"rendered":"https:\/\/radiorevelacionfm.cl\/?p=5526"},"modified":"2021-06-23T10:59:30","modified_gmt":"2021-06-23T13:59:30","slug":"red-cultura-dialoga-con-organizaciones-comunitarias-para-fortalecer-el-trabajo-territorial","status":"publish","type":"post","link":"https:\/\/radiorevelacionfm.cl\/?p=5526","title":{"rendered":"Red Cultura dialoga con organizaciones comunitarias para fortalecer el trabajo territorial"},"content":{"rendered":"<div class=\"flex_column av_one_full  flex_column_div av-zero-column-padding first  avia-builder-el-0  el_before_av_one_full  avia-builder-el-first  \" style='border-radius:0px; '><div  class='avia-image-container  av-styling-    avia-builder-el-1  avia-builder-el-no-sibling  avia-align-center '  itemprop=\"image\" itemscope=\"itemscope\" itemtype=\"https:\/\/schema.org\/ImageObject\"  ><div class='avia-image-container-inner'><div class='avia-image-overlay-wrap'><img decoding=\"async\" class='wp-image-0 avia-img-lazy-loading-not-0 avia_image' src=\"https:\/\/radiorevelacionfm.cl\/wp-content\/uploads\/2021\/06\/OCC-2-1-1.jpeg\" alt='' title=''   itemprop=\"thumbnailUrl\"  \/><\/div><\/div><\/div><\/div>\n<div class=\"flex_column av_one_full  flex_column_div av-zero-column-padding first  avia-builder-el-2  el_after_av_one_full  el_before_av_one_full  column-top-margin\" style='border-radius:0px; '><section class=\"av_textblock_section \"  itemscope=\"itemscope\" itemtype=\"https:\/\/schema.org\/BlogPosting\" itemprop=\"blogPost\" ><div class='avia_textblock  '   itemprop=\"text\" ><p style=\"text-align: center;\"><strong><span style=\"font-size: 18pt;\">Red Cultura dialoga con organizaciones comunitarias para fortalecer el trabajo territorial<\/span><\/strong><\/p>\n<div id=\"gtx-trans\" style=\"position: absolute; left: -50px; top: 4.31534px;\">\n<div class=\"gtx-trans-icon\"><\/div>\n<\/div>\n<\/div><\/section><\/div>\n<div class=\"flex_column av_one_full  flex_column_div av-zero-column-padding first  avia-builder-el-4  el_after_av_one_full  el_before_av_hr  column-top-margin\" style='border-radius:0px; '><section class=\"av_textblock_section \"  itemscope=\"itemscope\" itemtype=\"https:\/\/schema.org\/BlogPosting\" itemprop=\"blogPost\" ><div class='avia_textblock  '   itemprop=\"text\" ><p style=\"text-align: justify;\">Desde la Secretar\u00eda Regional Ministerial de las Culturas, las Artes y el Patrimonio Regi\u00f3n de Ays\u00e9n, el programa Red Cultura est\u00e1 llevando adelante un trabajo dialogante con las Organizaciones Culturales Comunitarias con vistas a concretar proyectos de desarrollo cultural en los territorios.<\/p>\n<p style=\"text-align: justify;\">Si bien el contexto de pandemia ha impedido reuniones presenciales, las tecnolog\u00edas han permitido desarrollar una serie de encuentros con diversas organizaciones territoriales de las 10 comunas de la Regi\u00f3n de Ays\u00e9n.<\/p>\n<p style=\"text-align: justify;\">Las Mesas Regionales de Organizaciones Culturales Comunitarias buscan recoger las miradas, realidades y necesidades de cada una de las comunas, a trav\u00e9s de la participaci\u00f3n y opini\u00f3n de sus representantes. De este modo, la creaci\u00f3n de pol\u00edticas p\u00fablicas va acompa\u00f1ada de la participaci\u00f3n activa de la comunidad.<\/p>\n<p style=\"text-align: justify;\">La Seremi de las Culturas Ays\u00e9n, Ver\u00f3nica D\u00edaz, ha participado en estas reuniones y a partir de su experiencia y el intercambio con agentes culturales de Ays\u00e9n, plantea que \u201clas dificultades que impone la pandemia abre, no obstante, otros espacios de conversaci\u00f3n y nos permite sentarnos a conversar con organizaciones culturales comunitarias de todo el territorio de Ays\u00e9n, intercambiar opiniones, conocer proyectos, elaborar una forma de trabajar en red. Acompa\u00f1arnos, en definitiva, en el proceso de hacer comunidad desde las artes, las culturas y el patrimonio. De este modo, los puntos de vista son proyectados en un trabajo conjunto y colaborativo\u201d.<\/p>\n<p style=\"text-align: justify;\">La autoridad cultural regional a\u00f1ade que \u201cpara el Ministerio de las Culturas, las Artes y el Patrimonio siempre han sido fundamentales el di\u00e1logo y la participaci\u00f3n ciudadana. Creemos que en la Regi\u00f3n de Ays\u00e9n estos di\u00e1logos se traducen en un cruce de miradas que construyen, entre todas y todos, desde distintos sectores, un permanente aporte al fortalecimiento comunitario\u201d.<\/p>\n<p style=\"text-align: justify;\">Durante los meses de marzo y abril de 2021, el programa Red Cultura viaj\u00f3 al norte y al sur del territorio de Ays\u00e9n a reunirse con organizaciones culturales comunitarias, trabajo que ha continuado de manera online debido a las condiciones sanitarias por la pandemia.<\/p>\n<p style=\"text-align: justify;\">Gabriela Chiguay de la Agrupaci\u00f3n Ayankantun ha participado desde Melinka en estos encuentros y dice que \u201ca pesar de que uno no puede viajar, igual nos hemos sentido m\u00e1s cerca de las personas que dirigen la cultura a nivel regional. Para nosotros ha sido una experiencia novedosa, hemos aprendido mucho y tenemos que seguir participando. Nos hemos dado cuenta, a trav\u00e9s del espacio Red Cultura, de que tambi\u00e9n otras localidades han tenido inconvenientes para conectarse con el tema de Internet por el mal tiempo o porque las redes sociales no est\u00e1n en buenas condiciones, pero nos damos cuenta de que todos remamos para el mismo lado. Y conocer que otras personas est\u00e1n haciendo lo mismo y con el mismo inter\u00e9s que nosotras ac\u00e1 en Melinka, igual ha sido bueno\u201d.<\/p>\n<p style=\"text-align: justify;\">Francisco Hern\u00e1ndez vive en Puerto Ays\u00e9n y comenz\u00f3 a participar hace tres a\u00f1os en los Encuentros Territoriales de Red Cultura. \u201cY despu\u00e9s empec\u00e9 a participar constantemente en las reuniones. Particip\u00e9 en Ays\u00e9n, en Coyhaique. Yo llegu\u00e9 por una agrupaci\u00f3n literaria: Narradores del fin del mundo. En 2019 empez\u00f3 el trabajo con el foco en organizaciones culturales comunitarias con participaci\u00f3n democr\u00e1tica y m\u00e1s directa en el territorio. Continuamente particip\u00e9, integr\u00e9 la primera mesa interina del 2019. Fuimos al segundo Encuentro Nacional de OCC tambi\u00e9n. Despu\u00e9s vino la pandemia, el trabajo comunal qued\u00f3 un poco dormido y este a\u00f1o se volvi\u00f3 a reactivar con las mesas de Red Cultura. Ahora estamos en la etapa de revitalizar la mesa comunal\u201d, cuenta.<\/p>\n<p style=\"text-align: justify;\">Cerca de 20 agrupaciones de todo el territorio de Ays\u00e9n han participado en las mesas de OCC, entre las que destacan Llovizna de la Patagonia de Lago Verde, Artesanos Los Canelos de Cisnes, Vuelo Teatro y Malotun Ortiga de Coyhaique, Caleta Kayak de Tortel y la Agrupaci\u00f3n Cheelkenue de Cochrane, entre muchas otras.<\/p>\n<p style=\"text-align: justify;\">Con el fin de fomentar el desarrollo art\u00edstico cultural de las comunas, el programa de Fortalecimiento de la Identidad Cultural Regional (FICR) y el programa Red Cultura financiar\u00e1n iniciativas culturales asociativas por un monto total de 78 millones de pesos.<\/p>\n<p style=\"text-align: justify;\">Francisco Hern\u00e1ndez extra\u00f1a la presencialidad y las instancias que se daban entre diversas agrupaciones regionales y nacionales. Dice que \u201cse pierde mucho el gusto de querer juntarse. Es un poco m\u00e1s fr\u00edo porque son reuniones m\u00e1s cortas para resolver un par de temas. La gracia de encontrarse ten\u00eda un nivel de satisfacci\u00f3n, ir a las reuniones con Cultura y con las agrupaciones. Ahora que tenemos la virtualidad deja todo ese sinsabor, todo homog\u00e9neo, pero finalmente al menos tenemos actividades. Igual se vuelve interesante el trabajo con Red Cultura\u201d.<\/p>\n<\/div><\/section><\/div><div  style='height:50px' class='hr hr-invisible   avia-builder-el-6  el_after_av_one_full  el_before_av_social_share '><span class='hr-inner ' ><span class='hr-inner-style'><\/span><\/span><\/div><\/p>\n<div  class='av-social-sharing-box  avia-builder-el-7  el_after_av_hr  el_before_av_hr  '><div class='av-share-box'><h5 class='av-share-link-description av-no-toc '>Compartir esta noticia<\/h5><ul class='av-share-box-list noLightbox'><li class='av-share-link av-social-link-facebook' ><a target=\"_blank\" aria-label=\"Compartir en Facebook\" href='https:\/\/www.facebook.com\/sharer.php?u=https:\/\/radiorevelacionfm.cl\/?p=5526&#038;t=Red%20Cultura%20dialoga%20con%20organizaciones%20comunitarias%20para%20fortalecer%20el%20trabajo%20territorial' aria-hidden='false' data-av_icon='\ue8f3' data-av_iconfont='entypo-fontello' title='' data-avia-related-tooltip='Compartir en Facebook' rel=\"noopener\"><span class='avia_hidden_link_text'>Compartir en Facebook<\/span><\/a><\/li><li class='av-share-link av-social-link-twitter' ><a target=\"_blank\" aria-label=\"Compartir en Twitter\" href='https:\/\/twitter.com\/share?text=Red%20Cultura%20dialoga%20con%20organizaciones%20comunitarias%20para%20fortalecer%20el%20trabajo%20territorial&#038;url=https:\/\/radiorevelacionfm.cl\/?p=5526' aria-hidden='false' data-av_icon='\ue8f1' data-av_iconfont='entypo-fontello' title='' data-avia-related-tooltip='Compartir en Twitter' rel=\"noopener\"><span class='avia_hidden_link_text'>Compartir en Twitter<\/span><\/a><\/li><li class='av-share-link av-social-link-whatsapp' ><a target=\"_blank\" aria-label=\"Compartir en Whatsapp\" href='https:\/\/api.whatsapp.com\/send?text=https:\/\/radiorevelacionfm.cl\/?p=5526' aria-hidden='false' data-av_icon='\uf232' data-av_iconfont='entypo-fontello' title='' data-avia-related-tooltip='Compartir en Whatsapp' rel=\"noopener\"><span class='avia_hidden_link_text'>Compartir en Whatsapp<\/span><\/a><\/li><li class='av-share-link av-social-link-linkedin' ><a target=\"_blank\" aria-label=\"Compartir en LinkedIn\" href='https:\/\/linkedin.com\/shareArticle?mini=true&#038;title=Red%20Cultura%20dialoga%20con%20organizaciones%20comunitarias%20para%20fortalecer%20el%20trabajo%20territorial&#038;url=https:\/\/radiorevelacionfm.cl\/?p=5526' aria-hidden='false' data-av_icon='\ue8fc' data-av_iconfont='entypo-fontello' title='' data-avia-related-tooltip='Compartir en LinkedIn' rel=\"noopener\"><span class='avia_hidden_link_text'>Compartir en LinkedIn<\/span><\/a><\/li><li class='av-share-link av-social-link-mail' ><a  aria-label=\"Compartir por correo\" href='mailto:?subject=Red%20Cultura%20dialoga%20con%20organizaciones%20comunitarias%20para%20fortalecer%20el%20trabajo%20territorial&#038;body=https:\/\/radiorevelacionfm.cl\/?p=5526' aria-hidden='false' data-av_icon='\ue805' data-av_iconfont='entypo-fontello' title='' data-avia-related-tooltip='Compartir por correo'><span class='avia_hidden_link_text'>Compartir por correo<\/span><\/a><\/li><\/ul><\/div><\/div>\n<div  style='height:50px' class='hr hr-invisible   avia-builder-el-8  el_after_av_social_share  el_before_av_comments_list '><span class='hr-inner ' ><span class='hr-inner-style'><\/span><\/span><\/div>\n<div  class='av-buildercomment  av-blog-meta-html-info-disabled av-blog-meta-tag-disabled  '><\/div>\n","protected":false},"excerpt":{"rendered":"","protected":false},"author":1,"featured_media":0,"comment_status":"open","ping_status":"open","sticky":false,"template":"","format":"standard","meta":{"footnotes":""},"categories":[52],"tags":[],"class_list":["post-5526","post","type-post","status-publish","format-standard","hentry","category-cultura"],"jetpack_featured_media_url":"","_links":{"self":[{"href":"https:\/\/radiorevelacionfm.cl\/index.php?rest_route=\/wp\/v2\/posts\/5526","targetHints":{"allow":["GET"]}}],"collection":[{"href":"https:\/\/radiorevelacionfm.cl\/index.php?rest_route=\/wp\/v2\/posts"}],"about":[{"href":"https:\/\/radiorevelacionfm.cl\/index.php?rest_route=\/wp\/v2\/types\/post"}],"author":[{"embeddable":true,"href":"https:\/\/radiorevelacionfm.cl\/index.php?rest_route=\/wp\/v2\/users\/1"}],"replies":[{"embeddable":true,"href":"https:\/\/radiorevelacionfm.cl\/index.php?rest_route=%2Fwp%2Fv2%2Fcomments&post=5526"}],"version-history":[{"count":2,"href":"https:\/\/radiorevelacionfm.cl\/index.php?rest_route=\/wp\/v2\/posts\/5526\/revisions"}],"predecessor-version":[{"id":5543,"href":"https:\/\/radiorevelacionfm.cl\/index.php?rest_route=\/wp\/v2\/posts\/5526\/revisions\/5543"}],"wp:attachment":[{"href":"https:\/\/radiorevelacionfm.cl\/index.php?rest_route=%2Fwp%2Fv2%2Fmedia&parent=5526"}],"wp:term":[{"taxonomy":"category","embeddable":true,"href":"https:\/\/radiorevelacionfm.cl\/index.php?rest_route=%2Fwp%2Fv2%2Fcategories&post=5526"},{"taxonomy":"post_tag","embeddable":true,"href":"https:\/\/radiorevelacionfm.cl\/index.php?rest_route=%2Fwp%2Fv2%2Ftags&post=5526"}],"curies":[{"name":"wp","href":"https:\/\/api.w.org\/{rel}","templated":true}]}}