{"id":55259,"date":"2025-06-14T11:38:45","date_gmt":"2025-06-14T14:38:45","guid":{"rendered":"https:\/\/radiorevelacionfm.cl\/?p=55259"},"modified":"2025-06-14T11:38:45","modified_gmt":"2025-06-14T14:38:45","slug":"revisa-si-estas-en-la-nomina-definitiva-de-vocales-para-las-primarias-2025","status":"publish","type":"post","link":"https:\/\/radiorevelacionfm.cl\/?p=55259","title":{"rendered":"Revisa si est\u00e1s en la n\u00f3mina definitiva de vocales para las Primarias 2025"},"content":{"rendered":"<div class=\"flex_column av_one_full  flex_column_div av-zero-column-padding first  avia-builder-el-0  el_before_av_one_full  avia-builder-el-first  \" style='border-radius:0px; '><div  class='avia-image-container  av-styling-    avia-builder-el-1  avia-builder-el-no-sibling  avia-align-center '  itemprop=\"image\" itemscope=\"itemscope\" itemtype=\"https:\/\/schema.org\/ImageObject\"  ><div class='avia-image-container-inner'><div class='avia-image-overlay-wrap'><img decoding=\"async\" class='wp-image-55260 avia-img-lazy-loading-not-55260 avia_image' src=\"https:\/\/radiorevelacionfm.cl\/wp-content\/uploads\/2025\/06\/servel-4-1.jpg\" alt='' title='servel (4) (1)' height=\"600\" width=\"1143\"  itemprop=\"thumbnailUrl\" srcset=\"https:\/\/radiorevelacionfm.cl\/wp-content\/uploads\/2025\/06\/servel-4-1.jpg 1143w, https:\/\/radiorevelacionfm.cl\/wp-content\/uploads\/2025\/06\/servel-4-1-300x157.jpg 300w, https:\/\/radiorevelacionfm.cl\/wp-content\/uploads\/2025\/06\/servel-4-1-1030x541.jpg 1030w, https:\/\/radiorevelacionfm.cl\/wp-content\/uploads\/2025\/06\/servel-4-1-768x403.jpg 768w, https:\/\/radiorevelacionfm.cl\/wp-content\/uploads\/2025\/06\/servel-4-1-705x370.jpg 705w, https:\/\/radiorevelacionfm.cl\/wp-content\/uploads\/2025\/06\/servel-4-1-450x236.jpg 450w, https:\/\/radiorevelacionfm.cl\/wp-content\/uploads\/2025\/06\/servel-4-1-600x315.jpg 600w\" sizes=\"(max-width: 1143px) 100vw, 1143px\" \/><\/div><\/div><\/div><\/div><div class=\"flex_column av_one_full  flex_column_div av-zero-column-padding first  avia-builder-el-2  el_after_av_one_full  el_before_av_one_full  column-top-margin\" style='border-radius:0px; '><section class=\"av_textblock_section \"  itemscope=\"itemscope\" itemtype=\"https:\/\/schema.org\/BlogPosting\" itemprop=\"blogPost\" ><div class='avia_textblock  '   itemprop=\"text\" ><p style=\"text-align: center;\"><span style=\"font-size: 18pt;\"><b>Revisa si est\u00e1s en la n\u00f3mina definitiva de vocales para las Primarias 2025\u00a0<\/b><\/span><\/p>\n<div id=\"gtx-trans\" style=\"position: absolute; left: -50px; top: 4.31534px;\">\n<div class=\"gtx-trans-icon\"><\/div>\n<\/div>\n<\/div><\/section><\/div><div class=\"flex_column av_one_full  flex_column_div av-zero-column-padding first  avia-builder-el-4  el_after_av_one_full  el_before_av_hr  column-top-margin\" style='border-radius:0px; '><section class=\"av_textblock_section \"  itemscope=\"itemscope\" itemtype=\"https:\/\/schema.org\/BlogPosting\" itemprop=\"blogPost\" ><div class='avia_textblock  '   itemprop=\"text\" ><p style=\"text-align: justify;\">Este s\u00e1bado 14 de junio, las Juntas Electorales publicaron la n\u00f3mina definitiva de vocales de mesa para las Elecciones Primarias. Esta designaci\u00f3n incluye a los vocales reemplazantes, tras el periodo de excusas que se desarroll\u00f3 entre el 9 y 11 de junio.<br \/>\nEs relevante que tanto quienes presentaron excusas como el electorado en general revisen nuevamente sus datos electorales en consulta.servel.cl, para verificar si deben cumplir de forma obligatoria con la funci\u00f3n de vocal de mesa en este proceso electoral.<br \/>\n<i>Importante: Para los electores y electoras de las ciudades de Copiap\u00f3, Cha\u00f1aral y Caldera, en la Regi\u00f3n de Atacama, la revisi\u00f3n de su local de votaci\u00f3n es indispensable. El \u00faltimo evento s\u00edsmico provoc\u00f3 da\u00f1os en colegios destinados a locales de votaci\u00f3n y fue necesario el cambio de ellos, seg\u00fan el detalle <a href=\"https:\/\/tplqcjn.r.us-east-1.awstrack.me\/L0\/https:%2F%2Fwww.servel.cl%2F2025%2F06%2F14%2Fvocales-mesa-primarias-2025%2F\/1\/010001976ead43f9-a49cc2ac-2c09-4422-84c0-e2a54067ca26-000000\/rPEFpDHqfaiM6vAbbrpb4q1yJBM=430\" target=\"_blank\" rel=\"noopener noreferrer\">ac\u00e1.<\/a><\/i><\/p>\n<p><b>Multas para vocales\u00a0<\/b><\/p>\n<p>Los vocales designados en esta instancia son definitivos y cumplir con su deber es obligatorio. La ley no contempla un nuevo periodo de excusas. De no poder presentarse a cumplir esta funci\u00f3n, deber\u00e1n justificar su inasistencia ante el Juzgado de Polic\u00eda Local, en caso de ser citados.<br \/>\nEl incumplimiento de este deber c\u00edvico puede ser sancionado con multas que van desde 2 a 8 UTM.<\/p>\n<p>Conoce las cartillas de instrucciones para mesas de sufragio\u00a0<a href=\"https:\/\/tplqcjn.r.us-east-1.awstrack.me\/L0\/https:%2F%2Fwww.servel.cl%2Fwp-content%2Fuploads%2F2025%2F06%2FCartilla-MRS_Nacional_VF.pdf\/1\/010001976ead43f9-a49cc2ac-2c09-4422-84c0-e2a54067ca26-000000\/F8afE_XK-CUGN3IVtkSAJPSooBs=430\" target=\"_blank\" rel=\"noopener noreferrer\">ac\u00e1<\/a>.<\/p>\n<\/div><\/section><\/div><div  style='height:50px' class='hr hr-invisible   avia-builder-el-6  el_after_av_one_full  el_before_av_social_share '><span class='hr-inner ' ><span class='hr-inner-style'><\/span><\/span><\/div><\/p>\n<div  class='av-social-sharing-box  avia-builder-el-7  el_after_av_hr  el_before_av_hr  '><div class='av-share-box'><h5 class='av-share-link-description av-no-toc '>Compartir esta noticia<\/h5><ul class='av-share-box-list noLightbox'><li class='av-share-link av-social-link-facebook' ><a target=\"_blank\" aria-label=\"Compartir en Facebook\" href='https:\/\/www.facebook.com\/sharer.php?u=https:\/\/radiorevelacionfm.cl\/?p=55259&#038;t=Revisa%20si%20est%C3%A1s%20en%20la%20n%C3%B3mina%20definitiva%20de%20vocales%20para%20las%20Primarias%202025' aria-hidden='false' data-av_icon='\ue8f3' data-av_iconfont='entypo-fontello' title='' data-avia-related-tooltip='Compartir en Facebook' rel=\"noopener\"><span class='avia_hidden_link_text'>Compartir en Facebook<\/span><\/a><\/li><li class='av-share-link av-social-link-twitter' ><a target=\"_blank\" aria-label=\"Compartir en Twitter\" href='https:\/\/twitter.com\/share?text=Revisa%20si%20est%C3%A1s%20en%20la%20n%C3%B3mina%20definitiva%20de%20vocales%20para%20las%20Primarias%202025&#038;url=https:\/\/radiorevelacionfm.cl\/?p=55259' aria-hidden='false' data-av_icon='\ue8f1' data-av_iconfont='entypo-fontello' title='' data-avia-related-tooltip='Compartir en Twitter' rel=\"noopener\"><span class='avia_hidden_link_text'>Compartir en Twitter<\/span><\/a><\/li><li class='av-share-link av-social-link-whatsapp' ><a target=\"_blank\" aria-label=\"Compartir en Whatsapp\" href='https:\/\/api.whatsapp.com\/send?text=https:\/\/radiorevelacionfm.cl\/?p=55259' aria-hidden='false' data-av_icon='\uf232' data-av_iconfont='entypo-fontello' title='' data-avia-related-tooltip='Compartir en Whatsapp' rel=\"noopener\"><span class='avia_hidden_link_text'>Compartir en Whatsapp<\/span><\/a><\/li><li class='av-share-link av-social-link-linkedin' ><a target=\"_blank\" aria-label=\"Compartir en LinkedIn\" href='https:\/\/linkedin.com\/shareArticle?mini=true&#038;title=Revisa%20si%20est%C3%A1s%20en%20la%20n%C3%B3mina%20definitiva%20de%20vocales%20para%20las%20Primarias%202025&#038;url=https:\/\/radiorevelacionfm.cl\/?p=55259' aria-hidden='false' data-av_icon='\ue8fc' data-av_iconfont='entypo-fontello' title='' data-avia-related-tooltip='Compartir en LinkedIn' rel=\"noopener\"><span class='avia_hidden_link_text'>Compartir en LinkedIn<\/span><\/a><\/li><li class='av-share-link av-social-link-mail' ><a  aria-label=\"Compartir por correo\" href='mailto:?subject=Revisa%20si%20est%C3%A1s%20en%20la%20n%C3%B3mina%20definitiva%20de%20vocales%20para%20las%20Primarias%202025&#038;body=https:\/\/radiorevelacionfm.cl\/?p=55259' aria-hidden='false' data-av_icon='\ue805' data-av_iconfont='entypo-fontello' title='' data-avia-related-tooltip='Compartir por correo'><span class='avia_hidden_link_text'>Compartir por correo<\/span><\/a><\/li><\/ul><\/div><\/div>\n<div  style='height:50px' class='hr hr-invisible   avia-builder-el-8  el_after_av_social_share  el_before_av_comments_list '><span class='hr-inner ' ><span class='hr-inner-style'><\/span><\/span><\/div>\n<div  class='av-buildercomment  av-blog-meta-html-info-disabled av-blog-meta-tag-disabled  '><\/div>\n","protected":false},"excerpt":{"rendered":"","protected":false},"author":1,"featured_media":55260,"comment_status":"closed","ping_status":"closed","sticky":false,"template":"","format":"standard","meta":{"footnotes":""},"categories":[35],"tags":[],"class_list":["post-55259","post","type-post","status-publish","format-standard","has-post-thumbnail","hentry","category-politica"],"jetpack_featured_media_url":"https:\/\/radiorevelacionfm.cl\/wp-content\/uploads\/2025\/06\/servel-4-1.jpg","_links":{"self":[{"href":"https:\/\/radiorevelacionfm.cl\/index.php?rest_route=\/wp\/v2\/posts\/55259","targetHints":{"allow":["GET"]}}],"collection":[{"href":"https:\/\/radiorevelacionfm.cl\/index.php?rest_route=\/wp\/v2\/posts"}],"about":[{"href":"https:\/\/radiorevelacionfm.cl\/index.php?rest_route=\/wp\/v2\/types\/post"}],"author":[{"embeddable":true,"href":"https:\/\/radiorevelacionfm.cl\/index.php?rest_route=\/wp\/v2\/users\/1"}],"replies":[{"embeddable":true,"href":"https:\/\/radiorevelacionfm.cl\/index.php?rest_route=%2Fwp%2Fv2%2Fcomments&post=55259"}],"version-history":[{"count":2,"href":"https:\/\/radiorevelacionfm.cl\/index.php?rest_route=\/wp\/v2\/posts\/55259\/revisions"}],"predecessor-version":[{"id":55262,"href":"https:\/\/radiorevelacionfm.cl\/index.php?rest_route=\/wp\/v2\/posts\/55259\/revisions\/55262"}],"wp:featuredmedia":[{"embeddable":true,"href":"https:\/\/radiorevelacionfm.cl\/index.php?rest_route=\/wp\/v2\/media\/55260"}],"wp:attachment":[{"href":"https:\/\/radiorevelacionfm.cl\/index.php?rest_route=%2Fwp%2Fv2%2Fmedia&parent=55259"}],"wp:term":[{"taxonomy":"category","embeddable":true,"href":"https:\/\/radiorevelacionfm.cl\/index.php?rest_route=%2Fwp%2Fv2%2Fcategories&post=55259"},{"taxonomy":"post_tag","embeddable":true,"href":"https:\/\/radiorevelacionfm.cl\/index.php?rest_route=%2Fwp%2Fv2%2Ftags&post=55259"}],"curies":[{"name":"wp","href":"https:\/\/api.w.org\/{rel}","templated":true}]}}