{"id":55253,"date":"2025-06-14T10:55:31","date_gmt":"2025-06-14T13:55:31","guid":{"rendered":"https:\/\/radiorevelacionfm.cl\/?p=55253"},"modified":"2025-06-14T10:55:31","modified_gmt":"2025-06-14T13:55:31","slug":"asociacion-chilena-de-municipalidades-tenemos-que-asegurar-que-los-colegios-sean-espacios-seguros-el-futuro-de-chile-comienza-en-la-sala-de-clases","status":"publish","type":"post","link":"https:\/\/radiorevelacionfm.cl\/?p=55253","title":{"rendered":"Asociaci\u00f3n Chilena de Municipalidades: \u00abTenemos que asegurar que los colegios sean espacios seguros, el futuro de Chile comienza en la sala de clases\u00bb"},"content":{"rendered":"<div class=\"flex_column av_one_full  flex_column_div av-zero-column-padding first  avia-builder-el-0  el_before_av_one_full  avia-builder-el-first  \" style='border-radius:0px; '><div  class='avia-image-container  av-styling-    avia-builder-el-1  avia-builder-el-no-sibling  avia-align-center '  itemprop=\"image\" itemscope=\"itemscope\" itemtype=\"https:\/\/schema.org\/ImageObject\"  ><div class='avia-image-container-inner'><div class='avia-image-overlay-wrap'><img decoding=\"async\" class='wp-image-55254 avia-img-lazy-loading-not-55254 avia_image' src=\"https:\/\/radiorevelacionfm.cl\/wp-content\/uploads\/2025\/06\/FOTO-4-25-1-1.jpeg\" alt='' title='FOTO 4 (25) (1) (1)' height=\"600\" width=\"901\"  itemprop=\"thumbnailUrl\" srcset=\"https:\/\/radiorevelacionfm.cl\/wp-content\/uploads\/2025\/06\/FOTO-4-25-1-1.jpeg 901w, https:\/\/radiorevelacionfm.cl\/wp-content\/uploads\/2025\/06\/FOTO-4-25-1-1-300x200.jpeg 300w, https:\/\/radiorevelacionfm.cl\/wp-content\/uploads\/2025\/06\/FOTO-4-25-1-1-768x511.jpeg 768w, https:\/\/radiorevelacionfm.cl\/wp-content\/uploads\/2025\/06\/FOTO-4-25-1-1-705x469.jpeg 705w, https:\/\/radiorevelacionfm.cl\/wp-content\/uploads\/2025\/06\/FOTO-4-25-1-1-450x300.jpeg 450w, https:\/\/radiorevelacionfm.cl\/wp-content\/uploads\/2025\/06\/FOTO-4-25-1-1-600x400.jpeg 600w\" sizes=\"(max-width: 901px) 100vw, 901px\" \/><\/div><\/div><\/div><\/div><div class=\"flex_column av_one_full  flex_column_div av-zero-column-padding first  avia-builder-el-2  el_after_av_one_full  el_before_av_one_full  column-top-margin\" style='border-radius:0px; '><section class=\"av_textblock_section \"  itemscope=\"itemscope\" itemtype=\"https:\/\/schema.org\/BlogPosting\" itemprop=\"blogPost\" ><div class='avia_textblock  '   itemprop=\"text\" ><p style=\"text-align: center;\"><span style=\"font-size: 18pt;\"><b>Asociaci\u00f3n Chilena de Municipalidades: \u00abTenemos que asegurar que los colegios sean espacios seguros, el futuro de Chile comienza en la sala de clases\u00bb<\/b><\/span><\/p>\n<div id=\"gtx-trans\" style=\"position: absolute; left: -50px; top: 4.31534px;\">\n<div class=\"gtx-trans-icon\"><\/div>\n<\/div>\n<\/div><\/section><\/div><div class=\"flex_column av_one_full  flex_column_div av-zero-column-padding first  avia-builder-el-4  el_after_av_one_full  el_before_av_hr  column-top-margin\" style='border-radius:0px; '><section class=\"av_textblock_section \"  itemscope=\"itemscope\" itemtype=\"https:\/\/schema.org\/BlogPosting\" itemprop=\"blogPost\" ><div class='avia_textblock  '   itemprop=\"text\" ><p class=\"v1MsoNormal\" style=\"text-align: justify;\"><i>En reuni\u00f3n con el Ministro de Educaci\u00f3n, la Asociaci\u00f3n abord\u00f3, entre otros, los desaf\u00edos que enfrenta el sistema educativo p\u00fablico con la violencia escolar y el impacto del proceso de traspaso hacia los Servicios Locales de Educaci\u00f3n P\u00fablica (SLEP).<\/i><\/p>\n<p class=\"v1MsoNormal\" style=\"text-align: justify;\">La Asociaci\u00f3n Chilena de Municipalidades (ACHM), representada por su\u00a0<b>Presidente, Gustavo Alessandri<\/b>, se reuni\u00f3 hoy con el\u00a0<b>Ministro de Educaci\u00f3n,<\/b>\u00a0<b>Nicol\u00e1s Cataldo<\/b>, donde analizaron las problem\u00e1ticas que atraviesa actualmente el sistema escolar p\u00fablico, debido especialmente a los\u00a0<b>episodios de violencia en los establecimientos<\/b>\u00a0y las consecuencias del\u00a0<b>proceso de transferencia a los SLEP.\u00a0<\/b><\/p>\n<p class=\"v1MsoNormal\" style=\"text-align: justify;\">Desde la ACHM se plante\u00f3 la necesidad de\u00a0<b>abrir un di\u00e1logo permanente y formal<\/b>\u00a0entre el Ministerio de Educaci\u00f3n y los municipios, con el fin de revisar colectivamente las pol\u00edticas en curso, corregir aquellas que presentan dificultades y\u00a0<b>construir soluciones sostenibles que garanticen el derecho a una educaci\u00f3n digna<\/b>,<b>\u00a0segura y de calidad.<\/b><\/p>\n<p class=\"v1MsoNormal\" style=\"text-align: justify;\">En la instancia, y en una carta entregada al ministro Cataldo y adherida por m\u00e1s de 50 municipios a lo largo del pa\u00eds, la ACHM expres\u00f3 tambi\u00e9n su preocupaci\u00f3n por temas como las\u00a0<b>brechas en infraestructura escolar<\/b>; las\u00a0<b>dificultades asociadas al sistema de admisi\u00f3n escolar; la falta de transporte<\/b>\u00a0adecuado en zonas rurales y; la\u00a0<b>necesidad de revisar el Estatuto Docente<\/b>, que no siempre se adapta a las realidades locales ni al contexto en que se ejerce la labor pedag\u00f3gica.<\/p>\n<p class=\"v1MsoNormal\" style=\"text-align: justify;\"><span lang=\"ES-TRAD\">\u00abTenemos que asegurar que los colegios sean espacios seguros, ya que hoy una madre, una t\u00eda o una abuela deja a un ni\u00f1o en la escuela sin la certeza de que estar\u00e1 protegido. Lo violencia que antes pasaba fuera, hoy tambi\u00e9n ocurre dentro, y eso no lo podemos permitir. Cada estudiante, docente y asistente merece sentirse protegido, porque el futuro de Chile comienza en la sala de clases\u00bb,\u00a0<\/span><b>se\u00f1al\u00f3 Gustavo Alessandri.<\/b><\/p>\n<p class=\"v1MsoNormal\" style=\"text-align: justify;\"><span lang=\"ES-TRAD\">En tanto, el\u00a0<b>Ministro de Educaci\u00f3n, Nicol\u00e1s Cataldo,<\/b>\u00a0dijo que \u00abquiero destacar que el mensaje principal que nos ha transmitido la Asociaci\u00f3n Chilena de Municipalidades ha sido el de ponerse a disposici\u00f3n para enfrentar lo que hemos caracterizado como una crisis de la educaci\u00f3n, que tiene distintas expresiones, reconociendo tambi\u00e9n sus avances y que es necesario colaborar. Es importante generar un trabajo colaborativo, sostenido y de voluntad compartida, que nos permita enfrentar juntos la crisis que atraviesa la educaci\u00f3n p\u00fablica en el pa\u00eds\u00bb.<\/span><\/p>\n<p class=\"v1MsoNormal\" style=\"text-align: justify;\"><span lang=\"ES-TRAD\">\u00a0<\/span>\u00abEs muy importante avanzar en temas que son fundamentales: convivencia, infraestructura y el sistema de admisi\u00f3n escolar. Tambi\u00e9n, quiero destacar la buena disposici\u00f3n de los alcaldes y del Ministerio para construir una mejor educaci\u00f3n p\u00fablica\u00bb, agreg\u00f3\u00a0<b>Karina Delfino, alcaldesa de Quinta Normal<\/b>, quien tambi\u00e9n particip\u00f3 en la instancia.<\/p>\n<p class=\"v1MsoNormal\" style=\"text-align: justify;\">En la reuni\u00f3n estuvieron presentes los alcaldes Gustavo Alessandri, junto a la Primera Vicepresidenta de la ACHM, Karina Delfino; la Vicepresidenta, Isabel Valenzuela; el Presidente de AMUR, Jaime Escudero; y el Alcalde de El Tabo, Marco Antonio Gonz\u00e1lez.<\/p>\n<\/div><\/section><\/div><div  style='height:50px' class='hr hr-invisible   avia-builder-el-6  el_after_av_one_full  el_before_av_social_share '><span class='hr-inner ' ><span class='hr-inner-style'><\/span><\/span><\/div><\/p>\n<div  class='av-social-sharing-box  avia-builder-el-7  el_after_av_hr  el_before_av_hr  '><div class='av-share-box'><h5 class='av-share-link-description av-no-toc '>Compartir esta noticia<\/h5><ul class='av-share-box-list noLightbox'><li class='av-share-link av-social-link-facebook' ><a target=\"_blank\" aria-label=\"Compartir en Facebook\" href='https:\/\/www.facebook.com\/sharer.php?u=https:\/\/radiorevelacionfm.cl\/?p=55253&#038;t=Asociaci%C3%B3n%20Chilena%20de%20Municipalidades%3A%20%C2%ABTenemos%20que%20asegurar%20que%20los%20colegios%20sean%20espacios%20seguros%2C%20el%20futuro%20de%20Chile%20comienza%20en%20la%20sala%20de%20clases%C2%BB' aria-hidden='false' data-av_icon='\ue8f3' data-av_iconfont='entypo-fontello' title='' data-avia-related-tooltip='Compartir en Facebook' rel=\"noopener\"><span class='avia_hidden_link_text'>Compartir en Facebook<\/span><\/a><\/li><li class='av-share-link av-social-link-twitter' ><a target=\"_blank\" aria-label=\"Compartir en Twitter\" href='https:\/\/twitter.com\/share?text=Asociaci%C3%B3n%20Chilena%20de%20Municipalidades%3A%20%C2%ABTenemos%20que%20asegurar%20que%20los%20colegios%20sean%20espacios%20seguros%2C%20el%20futuro%20de%20Chile%20comienza%20en%20la%20sala%20de%20clases%C2%BB&#038;url=https:\/\/radiorevelacionfm.cl\/?p=55253' aria-hidden='false' data-av_icon='\ue8f1' data-av_iconfont='entypo-fontello' title='' data-avia-related-tooltip='Compartir en Twitter' rel=\"noopener\"><span class='avia_hidden_link_text'>Compartir en Twitter<\/span><\/a><\/li><li class='av-share-link av-social-link-whatsapp' ><a target=\"_blank\" aria-label=\"Compartir en Whatsapp\" href='https:\/\/api.whatsapp.com\/send?text=https:\/\/radiorevelacionfm.cl\/?p=55253' aria-hidden='false' data-av_icon='\uf232' data-av_iconfont='entypo-fontello' title='' data-avia-related-tooltip='Compartir en Whatsapp' rel=\"noopener\"><span class='avia_hidden_link_text'>Compartir en Whatsapp<\/span><\/a><\/li><li class='av-share-link av-social-link-linkedin' ><a target=\"_blank\" aria-label=\"Compartir en LinkedIn\" href='https:\/\/linkedin.com\/shareArticle?mini=true&#038;title=Asociaci%C3%B3n%20Chilena%20de%20Municipalidades%3A%20%C2%ABTenemos%20que%20asegurar%20que%20los%20colegios%20sean%20espacios%20seguros%2C%20el%20futuro%20de%20Chile%20comienza%20en%20la%20sala%20de%20clases%C2%BB&#038;url=https:\/\/radiorevelacionfm.cl\/?p=55253' aria-hidden='false' data-av_icon='\ue8fc' data-av_iconfont='entypo-fontello' title='' data-avia-related-tooltip='Compartir en LinkedIn' rel=\"noopener\"><span class='avia_hidden_link_text'>Compartir en LinkedIn<\/span><\/a><\/li><li class='av-share-link av-social-link-mail' ><a  aria-label=\"Compartir por correo\" href='mailto:?subject=Asociaci%C3%B3n%20Chilena%20de%20Municipalidades%3A%20%C2%ABTenemos%20que%20asegurar%20que%20los%20colegios%20sean%20espacios%20seguros%2C%20el%20futuro%20de%20Chile%20comienza%20en%20la%20sala%20de%20clases%C2%BB&#038;body=https:\/\/radiorevelacionfm.cl\/?p=55253' aria-hidden='false' data-av_icon='\ue805' data-av_iconfont='entypo-fontello' title='' data-avia-related-tooltip='Compartir por correo'><span class='avia_hidden_link_text'>Compartir por correo<\/span><\/a><\/li><\/ul><\/div><\/div>\n<div  style='height:50px' class='hr hr-invisible   avia-builder-el-8  el_after_av_social_share  el_before_av_comments_list '><span class='hr-inner ' ><span class='hr-inner-style'><\/span><\/span><\/div>\n<div  class='av-buildercomment  av-blog-meta-html-info-disabled av-blog-meta-tag-disabled  '><\/div>\n","protected":false},"excerpt":{"rendered":"","protected":false},"author":1,"featured_media":55254,"comment_status":"closed","ping_status":"closed","sticky":false,"template":"","format":"standard","meta":{"footnotes":""},"categories":[1],"tags":[],"class_list":["post-55253","post","type-post","status-publish","format-standard","has-post-thumbnail","hentry","category-sin-categoria"],"jetpack_featured_media_url":"https:\/\/radiorevelacionfm.cl\/wp-content\/uploads\/2025\/06\/FOTO-4-25-1-1.jpeg","_links":{"self":[{"href":"https:\/\/radiorevelacionfm.cl\/index.php?rest_route=\/wp\/v2\/posts\/55253","targetHints":{"allow":["GET"]}}],"collection":[{"href":"https:\/\/radiorevelacionfm.cl\/index.php?rest_route=\/wp\/v2\/posts"}],"about":[{"href":"https:\/\/radiorevelacionfm.cl\/index.php?rest_route=\/wp\/v2\/types\/post"}],"author":[{"embeddable":true,"href":"https:\/\/radiorevelacionfm.cl\/index.php?rest_route=\/wp\/v2\/users\/1"}],"replies":[{"embeddable":true,"href":"https:\/\/radiorevelacionfm.cl\/index.php?rest_route=%2Fwp%2Fv2%2Fcomments&post=55253"}],"version-history":[{"count":2,"href":"https:\/\/radiorevelacionfm.cl\/index.php?rest_route=\/wp\/v2\/posts\/55253\/revisions"}],"predecessor-version":[{"id":55258,"href":"https:\/\/radiorevelacionfm.cl\/index.php?rest_route=\/wp\/v2\/posts\/55253\/revisions\/55258"}],"wp:featuredmedia":[{"embeddable":true,"href":"https:\/\/radiorevelacionfm.cl\/index.php?rest_route=\/wp\/v2\/media\/55254"}],"wp:attachment":[{"href":"https:\/\/radiorevelacionfm.cl\/index.php?rest_route=%2Fwp%2Fv2%2Fmedia&parent=55253"}],"wp:term":[{"taxonomy":"category","embeddable":true,"href":"https:\/\/radiorevelacionfm.cl\/index.php?rest_route=%2Fwp%2Fv2%2Fcategories&post=55253"},{"taxonomy":"post_tag","embeddable":true,"href":"https:\/\/radiorevelacionfm.cl\/index.php?rest_route=%2Fwp%2Fv2%2Ftags&post=55253"}],"curies":[{"name":"wp","href":"https:\/\/api.w.org\/{rel}","templated":true}]}}