{"id":55248,"date":"2025-06-13T20:36:37","date_gmt":"2025-06-13T23:36:37","guid":{"rendered":"https:\/\/radiorevelacionfm.cl\/?p=55248"},"modified":"2025-06-13T20:36:37","modified_gmt":"2025-06-13T23:36:37","slug":"subsecretario-de-agricultura-lidera-intensa-agenda-de-trabajo-en-aysen-junto-a-equipos-del-agro","status":"publish","type":"post","link":"https:\/\/radiorevelacionfm.cl\/?p=55248","title":{"rendered":"Subsecretario de Agricultura lidera intensa agenda de trabajo en Ays\u00e9n junto a equipos del Agro"},"content":{"rendered":"<div class=\"flex_column av_one_full  flex_column_div av-zero-column-padding first  avia-builder-el-0  el_before_av_one_full  avia-builder-el-first  \" style='border-radius:0px; '><div  class='avia-image-container  av-styling-    avia-builder-el-1  avia-builder-el-no-sibling  avia-align-center '  itemprop=\"image\" itemscope=\"itemscope\" itemtype=\"https:\/\/schema.org\/ImageObject\"  ><div class='avia-image-container-inner'><div class='avia-image-overlay-wrap'><img decoding=\"async\" class='wp-image-55249 avia-img-lazy-loading-not-55249 avia_image' src=\"https:\/\/radiorevelacionfm.cl\/wp-content\/uploads\/2025\/06\/Comision-Agricultura-Camara-1-1-1.jpeg\" alt='' title='Comisi\u00f3n Agricultura C\u00e1mara 1 (1) (1)' height=\"600\" width=\"900\"  itemprop=\"thumbnailUrl\" srcset=\"https:\/\/radiorevelacionfm.cl\/wp-content\/uploads\/2025\/06\/Comision-Agricultura-Camara-1-1-1.jpeg 900w, https:\/\/radiorevelacionfm.cl\/wp-content\/uploads\/2025\/06\/Comision-Agricultura-Camara-1-1-1-300x200.jpeg 300w, https:\/\/radiorevelacionfm.cl\/wp-content\/uploads\/2025\/06\/Comision-Agricultura-Camara-1-1-1-768x512.jpeg 768w, https:\/\/radiorevelacionfm.cl\/wp-content\/uploads\/2025\/06\/Comision-Agricultura-Camara-1-1-1-705x470.jpeg 705w, https:\/\/radiorevelacionfm.cl\/wp-content\/uploads\/2025\/06\/Comision-Agricultura-Camara-1-1-1-450x300.jpeg 450w, https:\/\/radiorevelacionfm.cl\/wp-content\/uploads\/2025\/06\/Comision-Agricultura-Camara-1-1-1-600x400.jpeg 600w\" sizes=\"(max-width: 900px) 100vw, 900px\" \/><\/div><\/div><\/div><\/div><div class=\"flex_column av_one_full  flex_column_div av-zero-column-padding first  avia-builder-el-2  el_after_av_one_full  el_before_av_one_full  column-top-margin\" style='border-radius:0px; '><section class=\"av_textblock_section \"  itemscope=\"itemscope\" itemtype=\"https:\/\/schema.org\/BlogPosting\" itemprop=\"blogPost\" ><div class='avia_textblock  '   itemprop=\"text\" ><p style=\"text-align: center;\"><span style=\"font-size: 18pt;\"><b>Subsecretario de Agricultura lidera intensa agenda de trabajo en Ays\u00e9n junto a equipos del Agro<\/b><\/span><\/p>\n<div id=\"gtx-trans\" style=\"position: absolute; left: -50px; top: 4.31534px;\">\n<div class=\"gtx-trans-icon\"><\/div>\n<\/div>\n<\/div><\/section><\/div><div class=\"flex_column av_one_full  flex_column_div av-zero-column-padding first  avia-builder-el-4  el_after_av_one_full  el_before_av_hr  column-top-margin\" style='border-radius:0px; '><section class=\"av_textblock_section \"  itemscope=\"itemscope\" itemtype=\"https:\/\/schema.org\/BlogPosting\" itemprop=\"blogPost\" ><div class='avia_textblock  '   itemprop=\"text\" ><div style=\"text-align: justify;\"><i>La autoridad particip\u00f3 en la sesi\u00f3n especial que la Comisi\u00f3n de Agricultura, Silvicultura y Desarrollo Rural de la C\u00e1mara de Diputadas y Diputados, realiz\u00f3 en Coyhaique, as\u00ed como tambi\u00e9n en la segunda sesi\u00f3n del Comit\u00e9 Directivo y Ejecutivo de la Mesa de la Mujer Rural de Ays\u00e9n. Adem\u00e1s, se traslad\u00f3 hasta Valle Simpson para conocer el trabajo de una agricultora quien, con apoyo de distintos servicios del Minagri, ha emprendido en el rubro de la fruticultura.<\/i><\/div>\n<div style=\"text-align: justify;\"><b><i>\u00a0<\/i><\/b><\/div>\n<div style=\"text-align: justify;\">Con el prop\u00f3sito de fortalecer la coordinaci\u00f3n institucional del Ministerio de Agricultura en el territorio, el subsecretario de Agricultura, Alan Espinoza Ortiz, desarroll\u00f3 una nutrida agenda de trabajo en la regi\u00f3n de Ays\u00e9n. Acompa\u00f1ado por el seremi de Agricultura, Eugenio Ruiz Espinoza, la autoridad nacional sostuvo encuentros con autoridades regionales, equipos t\u00e9cnicos, representantes del mundo campesino y parlamentarios, en una visita que reafirm\u00f3 el compromiso del Gobierno del Presidente Gabriel Boric, con el desarrollo del agro en el sur austral del pa\u00eds.<\/div>\n<div style=\"text-align: justify;\">Entre las actividades destacadas, el subsecretario particip\u00f3 en la segunda sesi\u00f3n del Comit\u00e9 Directivo y Ejecutivo de la Mesa de la Mujer Rural de Ays\u00e9n, instancia en la que se reconoci\u00f3 el rol fundamental que cumplen las mujeres rurales en la seguridad alimentaria, el liderazgo territorial y la producci\u00f3n familiar campesina.<\/div>\n<div style=\"text-align: justify;\">Durante la tarde, junto al director nacional del Instituto de Desarrollo Agropecuario (INDAP), Santiago Rojas, el subsecretario particip\u00f3 en la sesi\u00f3n especial de la Comisi\u00f3n de Agricultura, Silvicultura y Desarrollo Rural de la C\u00e1mara de Diputadas y Diputados, realizada en el Centro Cultural de Coyhaique. La sesi\u00f3n fue presidida por el diputado Jorge Rathgeb y cont\u00f3 con la presencia de los diputados Ren\u00e9 Alinco, Marcia Raphael y Miguel \u00c1ngel Calisto, as\u00ed como del gobernador regional, Marcelo Santana, el presidente de la Asociaci\u00f3n Regional de Municipalidades (AREMU), Francisco Roncagliolo, concejales, consejeros regionales, dirigentes y productoras y productores de distintas comunas.<\/div>\n<div style=\"text-align: justify;\">\u00abSesion\u00f3 la Comisi\u00f3n de Agricultura de la C\u00e1mara de Diputados en Coyhaique, donde estuvimos junto a los tres honorables diputados de la Rep\u00fablica, representantes de la regi\u00f3n, pudiendo compartir y debatir respecto a cu\u00e1les son los procesos y c\u00f3mo vemos en conjunto la agricultura. Tambi\u00e9n estuvieron presentes alcaldes, miembros de Concejo Municipal y del Consejo del Gobierno Regional y tambi\u00e9n representantes y agricultores\u00bb, se\u00f1al\u00f3 el subsecretario. \u00abQueremos en conjunto con todos y todas, poder seguir avanzando hacia una mejor agricultura en la regi\u00f3n de Ays\u00e9n y viendo c\u00f3mo viene la pr\u00f3xima temporada\u00bb, agreg\u00f3.<\/div>\n<div style=\"text-align: justify;\">En la actividad, asimismo, participaron las y los directores regionales de INDAP, del Instituto de Investigaciones Agropecuarias (INIA), del Servicio Agr\u00edcola y Ganadero (SAG), de la Corporaci\u00f3n Nacional Forestal (CONAF) y del Instituto Forestal (INFOR), junto a representantes de la Comisi\u00f3n Nacional de Riego (CNR) y de la Fundaci\u00f3n para la Innovaci\u00f3n Agraria (FIA).<\/div>\n<div style=\"text-align: justify;\">En este contexto, el seremi de Agricultura de Ays\u00e9n, Eugenio Ruiz, destac\u00f3 que \u00abha sido una visita muy intensa, creo que los logros han sido bastante significativos. Este intercambio de informaci\u00f3n y requerimientos por parte de nuestros usuarios, principalmente campesinos y campesinas de la regi\u00f3n de Ays\u00e9n, nos permite entrelazar din\u00e1micas de trabajo que fortalezcan el futuro del agro en la regi\u00f3n\u00bb.<\/div>\n<div style=\"text-align: justify;\">La visita culmin\u00f3 con una salida a terreno en el sector de Valle Simpson, donde el subsecretario visit\u00f3 el predio de la agricultora Patricia Gonz\u00e1lez quien, con apoyo de distintos servicios del Minagri, ha emprendido en el rubro de la fruticultura.<\/div>\n<div style=\"text-align: justify;\">En la actividad tambi\u00e9n participaron las y los directores de los servicios del Agro en la regi\u00f3n, donde se constat\u00f3 en terreno c\u00f3mo la articulaci\u00f3n institucional incide positivamente en los procesos productivos, la innovaci\u00f3n y la sostenibilidad de la agricultura familiar campesina.<\/div>\n<div style=\"text-align: justify;\"><\/div>\n<\/div><\/section><\/div><div  style='height:50px' class='hr hr-invisible   avia-builder-el-6  el_after_av_one_full  el_before_av_social_share '><span class='hr-inner ' ><span class='hr-inner-style'><\/span><\/span><\/div><\/p>\n<div  class='av-social-sharing-box  avia-builder-el-7  el_after_av_hr  el_before_av_hr  '><div class='av-share-box'><h5 class='av-share-link-description av-no-toc '>Compartir esta noticia<\/h5><ul class='av-share-box-list noLightbox'><li class='av-share-link av-social-link-facebook' ><a target=\"_blank\" aria-label=\"Compartir en Facebook\" href='https:\/\/www.facebook.com\/sharer.php?u=https:\/\/radiorevelacionfm.cl\/?p=55248&#038;t=Subsecretario%20de%20Agricultura%20lidera%20intensa%20agenda%20de%20trabajo%20en%20Ays%C3%A9n%20junto%20a%20equipos%20del%20Agro' aria-hidden='false' data-av_icon='\ue8f3' data-av_iconfont='entypo-fontello' title='' data-avia-related-tooltip='Compartir en Facebook' rel=\"noopener\"><span class='avia_hidden_link_text'>Compartir en Facebook<\/span><\/a><\/li><li class='av-share-link av-social-link-twitter' ><a target=\"_blank\" aria-label=\"Compartir en Twitter\" href='https:\/\/twitter.com\/share?text=Subsecretario%20de%20Agricultura%20lidera%20intensa%20agenda%20de%20trabajo%20en%20Ays%C3%A9n%20junto%20a%20equipos%20del%20Agro&#038;url=https:\/\/radiorevelacionfm.cl\/?p=55248' aria-hidden='false' data-av_icon='\ue8f1' data-av_iconfont='entypo-fontello' title='' data-avia-related-tooltip='Compartir en Twitter' rel=\"noopener\"><span class='avia_hidden_link_text'>Compartir en Twitter<\/span><\/a><\/li><li class='av-share-link av-social-link-whatsapp' ><a target=\"_blank\" aria-label=\"Compartir en Whatsapp\" href='https:\/\/api.whatsapp.com\/send?text=https:\/\/radiorevelacionfm.cl\/?p=55248' aria-hidden='false' data-av_icon='\uf232' data-av_iconfont='entypo-fontello' title='' data-avia-related-tooltip='Compartir en Whatsapp' rel=\"noopener\"><span class='avia_hidden_link_text'>Compartir en Whatsapp<\/span><\/a><\/li><li class='av-share-link av-social-link-linkedin' ><a target=\"_blank\" aria-label=\"Compartir en LinkedIn\" href='https:\/\/linkedin.com\/shareArticle?mini=true&#038;title=Subsecretario%20de%20Agricultura%20lidera%20intensa%20agenda%20de%20trabajo%20en%20Ays%C3%A9n%20junto%20a%20equipos%20del%20Agro&#038;url=https:\/\/radiorevelacionfm.cl\/?p=55248' aria-hidden='false' data-av_icon='\ue8fc' data-av_iconfont='entypo-fontello' title='' data-avia-related-tooltip='Compartir en LinkedIn' rel=\"noopener\"><span class='avia_hidden_link_text'>Compartir en LinkedIn<\/span><\/a><\/li><li class='av-share-link av-social-link-mail' ><a  aria-label=\"Compartir por correo\" href='mailto:?subject=Subsecretario%20de%20Agricultura%20lidera%20intensa%20agenda%20de%20trabajo%20en%20Ays%C3%A9n%20junto%20a%20equipos%20del%20Agro&#038;body=https:\/\/radiorevelacionfm.cl\/?p=55248' aria-hidden='false' data-av_icon='\ue805' data-av_iconfont='entypo-fontello' title='' data-avia-related-tooltip='Compartir por correo'><span class='avia_hidden_link_text'>Compartir por correo<\/span><\/a><\/li><\/ul><\/div><\/div>\n<div  style='height:50px' class='hr hr-invisible   avia-builder-el-8  el_after_av_social_share  el_before_av_comments_list '><span class='hr-inner ' ><span class='hr-inner-style'><\/span><\/span><\/div>\n<div  class='av-buildercomment  av-blog-meta-html-info-disabled av-blog-meta-tag-disabled  '><\/div>\n","protected":false},"excerpt":{"rendered":"","protected":false},"author":1,"featured_media":55249,"comment_status":"closed","ping_status":"closed","sticky":false,"template":"","format":"standard","meta":{"footnotes":""},"categories":[58],"tags":[],"class_list":["post-55248","post","type-post","status-publish","format-standard","has-post-thumbnail","hentry","category-agricultura"],"jetpack_featured_media_url":"https:\/\/radiorevelacionfm.cl\/wp-content\/uploads\/2025\/06\/Comision-Agricultura-Camara-1-1-1.jpeg","_links":{"self":[{"href":"https:\/\/radiorevelacionfm.cl\/index.php?rest_route=\/wp\/v2\/posts\/55248","targetHints":{"allow":["GET"]}}],"collection":[{"href":"https:\/\/radiorevelacionfm.cl\/index.php?rest_route=\/wp\/v2\/posts"}],"about":[{"href":"https:\/\/radiorevelacionfm.cl\/index.php?rest_route=\/wp\/v2\/types\/post"}],"author":[{"embeddable":true,"href":"https:\/\/radiorevelacionfm.cl\/index.php?rest_route=\/wp\/v2\/users\/1"}],"replies":[{"embeddable":true,"href":"https:\/\/radiorevelacionfm.cl\/index.php?rest_route=%2Fwp%2Fv2%2Fcomments&post=55248"}],"version-history":[{"count":2,"href":"https:\/\/radiorevelacionfm.cl\/index.php?rest_route=\/wp\/v2\/posts\/55248\/revisions"}],"predecessor-version":[{"id":55257,"href":"https:\/\/radiorevelacionfm.cl\/index.php?rest_route=\/wp\/v2\/posts\/55248\/revisions\/55257"}],"wp:featuredmedia":[{"embeddable":true,"href":"https:\/\/radiorevelacionfm.cl\/index.php?rest_route=\/wp\/v2\/media\/55249"}],"wp:attachment":[{"href":"https:\/\/radiorevelacionfm.cl\/index.php?rest_route=%2Fwp%2Fv2%2Fmedia&parent=55248"}],"wp:term":[{"taxonomy":"category","embeddable":true,"href":"https:\/\/radiorevelacionfm.cl\/index.php?rest_route=%2Fwp%2Fv2%2Fcategories&post=55248"},{"taxonomy":"post_tag","embeddable":true,"href":"https:\/\/radiorevelacionfm.cl\/index.php?rest_route=%2Fwp%2Fv2%2Ftags&post=55248"}],"curies":[{"name":"wp","href":"https:\/\/api.w.org\/{rel}","templated":true}]}}