{"id":55241,"date":"2025-06-13T19:34:49","date_gmt":"2025-06-13T22:34:49","guid":{"rendered":"https:\/\/radiorevelacionfm.cl\/?p=55241"},"modified":"2025-06-13T19:34:49","modified_gmt":"2025-06-13T22:34:49","slug":"senda-y-mop-refuerzan-mensaje-preventivo-con-instalacion-de-panel-en-ruta-7","status":"publish","type":"post","link":"https:\/\/radiorevelacionfm.cl\/?p=55241","title":{"rendered":"SENDA y MOP refuerzan mensaje preventivo con instalaci\u00f3n de panel en Ruta 7"},"content":{"rendered":"<div class=\"flex_column av_one_full  flex_column_div av-zero-column-padding first  avia-builder-el-0  el_before_av_one_full  avia-builder-el-first  \" style='border-radius:0px; '><div  class='avia-image-container  av-styling-    avia-builder-el-1  avia-builder-el-no-sibling  avia-align-center '  itemprop=\"image\" itemscope=\"itemscope\" itemtype=\"https:\/\/schema.org\/ImageObject\"  ><div class='avia-image-container-inner'><div class='avia-image-overlay-wrap'><img decoding=\"async\" class='wp-image-55242 avia-img-lazy-loading-not-55242 avia_image' src=\"https:\/\/radiorevelacionfm.cl\/wp-content\/uploads\/2025\/06\/hito1-1_optimized.jpeg\" alt='' title='hito1-(1)_optimized' height=\"600\" width=\"900\"  itemprop=\"thumbnailUrl\" srcset=\"https:\/\/radiorevelacionfm.cl\/wp-content\/uploads\/2025\/06\/hito1-1_optimized.jpeg 900w, https:\/\/radiorevelacionfm.cl\/wp-content\/uploads\/2025\/06\/hito1-1_optimized-300x200.jpeg 300w, https:\/\/radiorevelacionfm.cl\/wp-content\/uploads\/2025\/06\/hito1-1_optimized-768x512.jpeg 768w, https:\/\/radiorevelacionfm.cl\/wp-content\/uploads\/2025\/06\/hito1-1_optimized-705x470.jpeg 705w, https:\/\/radiorevelacionfm.cl\/wp-content\/uploads\/2025\/06\/hito1-1_optimized-450x300.jpeg 450w, https:\/\/radiorevelacionfm.cl\/wp-content\/uploads\/2025\/06\/hito1-1_optimized-600x400.jpeg 600w\" sizes=\"(max-width: 900px) 100vw, 900px\" \/><\/div><\/div><\/div><\/div><div class=\"flex_column av_one_full  flex_column_div av-zero-column-padding first  avia-builder-el-2  el_after_av_one_full  el_before_av_one_full  column-top-margin\" style='border-radius:0px; '><section class=\"av_textblock_section \"  itemscope=\"itemscope\" itemtype=\"https:\/\/schema.org\/BlogPosting\" itemprop=\"blogPost\" ><div class='avia_textblock  '   itemprop=\"text\" ><p style=\"text-align: center;\" align=\"center\"><span style=\"font-size: 18pt;\"><strong><span style=\"font-family: 'Museo Sans 300';\">SENDA y MOP refuerzan mensaje preventivo con instalaci\u00f3n de panel en Ruta 7<\/span><\/strong><\/span><\/p>\n<div id=\"gtx-trans\" style=\"position: absolute; left: -50px; top: 4.31534px;\">\n<div class=\"gtx-trans-icon\"><\/div>\n<\/div>\n<\/div><\/section><\/div><div class=\"flex_column av_one_full  flex_column_div av-zero-column-padding first  avia-builder-el-4  el_after_av_one_full  el_before_av_hr  column-top-margin\" style='border-radius:0px; '><section class=\"av_textblock_section \"  itemscope=\"itemscope\" itemtype=\"https:\/\/schema.org\/BlogPosting\" itemprop=\"blogPost\" ><div class='avia_textblock  '   itemprop=\"text\" ><p style=\"text-align: justify;\"><em>En el marco del Mes de la Prevenci\u00f3n, autoridades regionales promueven la conducci\u00f3n responsable libre de alcohol y otras drogas.<\/em><\/p>\n<p style=\"text-align: justify;\">En una acci\u00f3n conjunta liderada por el Servicio Nacional para la Prevenci\u00f3n y Rehabilitaci\u00f3n del Consumo de Drogas y Alcohol (SENDA) y la Secretar\u00eda Regional Ministerial del Ministerio de Obras P\u00fablicas (MOP), se llev\u00f3 a cabo la instalaci\u00f3n simb\u00f3lica de mensajes preventivos en un panel de mensajer\u00eda variable ubicado en la Ruta 7, sector Recta Foitzick de Coyhaique.<\/p>\n<p style=\"text-align: justify;\">La iniciativa, enmarcada en el Mes de la Prevenci\u00f3n del consumo de alcohol y otras drogas, busca concientizar a la comunidad sobre la importancia de una conducci\u00f3n responsable, promoviendo el cuidado colectivo y entornos seguros para todos y todas. A trav\u00e9s de frases visibles en este espacio de alto tr\u00e1nsito vehicular, se entrega un llamado directo a evitar el consumo de sustancias al conducir, destacando que cada decisi\u00f3n cuenta y puede salvar vidas.<\/p>\n<p style=\"text-align: justify;\">La directora regional de SENDA Ays\u00e9n, Victoria Contreras Lemus, destac\u00f3 que \u201cestamos marcando un hito sumamente importante y que dice relaci\u00f3n con poder permear la pol\u00edtica p\u00fablica de la prevenci\u00f3n del consumo de sustancias en distintos espacios de nuestra comunidad, como es en este caso en una zona carretera donde circula una gran cantidad de veh\u00edculos. Tambi\u00e9n hacemos un llamado no s\u00f3lo a las personas que est\u00e1n conduciendo, indic\u00e1ndoles que el conducir y el consumo de alcohol y otras son conductas incompatibles, pero tambi\u00e9n hacemos un llamado al resto de la comunidad, para que podamos tener un espacio de cuidado.\u201d<\/p>\n<p style=\"text-align: justify;\">Por su parte, la seremi del MOP, Paloma Jara Vald\u00e9s, relev\u00f3 el valor del panel como herramienta de comunicaci\u00f3n directa con la ciudadan\u00eda y su aporte a la seguridad vial en una ruta estrat\u00e9gica de la regi\u00f3n.<br \/>\n\u201cPara el Ministerio de Obras P\u00fablicas, en especial para la Direcci\u00f3n de Vialidad, es un honor poder prestar nuestros servicios, en este caso a SENDA, en un convenio de apoyo donde en esta se\u00f1alizaci\u00f3n de mensajer\u00eda variable vamos a poder contar con ciertos mensajes, que no s\u00f3lo hablan de las condiciones del tr\u00e1nsito, sino tambi\u00e9n de algunos mensajes que tienen que ver con la prevenci\u00f3n del consumo de sustancias a la hora de manejar\u201d, subray\u00f3 la autoridad.<\/p>\n<p style=\"text-align: justify;\">El delegado presidencial regional, Jorge D\u00edaz Guzm\u00e1n, destac\u00f3 que, \u201cen este mes que estamos precisamente enfatizando la prevenci\u00f3n, estamos haciendo la puesta en marcha de esta se\u00f1al que est\u00e1 destinada a prevenir situaciones de riesgo. Para nuestro Gobierno siempre el cuidado de las personas es fundamental\u201d.<\/p>\n<p style=\"text-align: justify;\">\u201cEstos paneles est\u00e1n regulados en el manual de se\u00f1ales del Ministerio de Transportes y constituyen un tremendo aporte en torno a la infraestructura para garantizar la seguridad vial de los transe\u00fantes, de los conductores y de los pasajeros tambi\u00e9n, del transporte p\u00fablico\u201d, agreg\u00f3 el seremi de Transportes y Telecomunicaciones, Hans Zimmermann Due\u00f1as.<\/p>\n<p style=\"text-align: justify;\">Finalmente, Carabineros de Chile, mediante el teniente coronel, Hugo Garc\u00e9s Quintana, se\u00f1al\u00f3 que \u201ccomo Carabineros, estamos constantemente apoyando las campa\u00f1as preventivas, que en este mes de la prevenci\u00f3n estamos apoyando, es as\u00ed que durante este a\u00f1o\u00a0 van m\u00e1s de 1.400 controles con SENDA, de ellos un 10% corresponde a detenidos por distintos hechos relacionados al consumo de alcohol\u00a0 y drogas y seguimos en todas las rutas, informando a los conductores sobre el estado de las rutas, de las condiciones clim\u00e1ticas y de las precauciones que deben tener al momento de conducir y d\u00eda a d\u00eda los Carabineros est\u00e1n desplegados en las rutas de la regi\u00f3n.\u201d<\/p>\n<p style=\"text-align: justify;\">La actividad cont\u00f3 con la participaci\u00f3n de la Seremi de Seguridad P\u00fablica, Carabineros de Chile, la Delegaci\u00f3n Presidencial Regional y la Municipalidad de Coyhaique, reflejando un esfuerzo intersectorial comprometido con la promoci\u00f3n de estilos de vida saludables y la corresponsabilidad social.<\/p>\n<p style=\"text-align: justify;\">Con mensajes como \u201ccu\u00eddate en cada ruta y decisi\u00f3n\u201d, \u201cm\u00e1s comunidad m\u00e1s prevenci\u00f3n\u201d, \u201cpara quienes te quieren lo eres todo\u201d y \u201ccuid\u00e9monos, si bebes no conduzcas\u201d, la campa\u00f1a invita a la comunidad a sumarse al Mes de la Prevenci\u00f3n, recordando que el autocuidado y la responsabilidad son claves para avanzar hacia una regi\u00f3n m\u00e1s segura y consciente.<\/p>\n<\/div><\/section><\/div><div  style='height:50px' class='hr hr-invisible   avia-builder-el-6  el_after_av_one_full  el_before_av_social_share '><span class='hr-inner ' ><span class='hr-inner-style'><\/span><\/span><\/div><\/p>\n<div  class='av-social-sharing-box  avia-builder-el-7  el_after_av_hr  el_before_av_hr  '><div class='av-share-box'><h5 class='av-share-link-description av-no-toc '>Compartir esta noticia<\/h5><ul class='av-share-box-list noLightbox'><li class='av-share-link av-social-link-facebook' ><a target=\"_blank\" aria-label=\"Compartir en Facebook\" href='https:\/\/www.facebook.com\/sharer.php?u=https:\/\/radiorevelacionfm.cl\/?p=55241&#038;t=SENDA%20y%20MOP%20refuerzan%20mensaje%20preventivo%20con%20instalaci%C3%B3n%20de%20panel%20en%20Ruta%207' aria-hidden='false' data-av_icon='\ue8f3' data-av_iconfont='entypo-fontello' title='' data-avia-related-tooltip='Compartir en Facebook' rel=\"noopener\"><span class='avia_hidden_link_text'>Compartir en Facebook<\/span><\/a><\/li><li class='av-share-link av-social-link-twitter' ><a target=\"_blank\" aria-label=\"Compartir en Twitter\" href='https:\/\/twitter.com\/share?text=SENDA%20y%20MOP%20refuerzan%20mensaje%20preventivo%20con%20instalaci%C3%B3n%20de%20panel%20en%20Ruta%207&#038;url=https:\/\/radiorevelacionfm.cl\/?p=55241' aria-hidden='false' data-av_icon='\ue8f1' data-av_iconfont='entypo-fontello' title='' data-avia-related-tooltip='Compartir en Twitter' rel=\"noopener\"><span class='avia_hidden_link_text'>Compartir en Twitter<\/span><\/a><\/li><li class='av-share-link av-social-link-whatsapp' ><a target=\"_blank\" aria-label=\"Compartir en Whatsapp\" href='https:\/\/api.whatsapp.com\/send?text=https:\/\/radiorevelacionfm.cl\/?p=55241' aria-hidden='false' data-av_icon='\uf232' data-av_iconfont='entypo-fontello' title='' data-avia-related-tooltip='Compartir en Whatsapp' rel=\"noopener\"><span class='avia_hidden_link_text'>Compartir en Whatsapp<\/span><\/a><\/li><li class='av-share-link av-social-link-linkedin' ><a target=\"_blank\" aria-label=\"Compartir en LinkedIn\" href='https:\/\/linkedin.com\/shareArticle?mini=true&#038;title=SENDA%20y%20MOP%20refuerzan%20mensaje%20preventivo%20con%20instalaci%C3%B3n%20de%20panel%20en%20Ruta%207&#038;url=https:\/\/radiorevelacionfm.cl\/?p=55241' aria-hidden='false' data-av_icon='\ue8fc' data-av_iconfont='entypo-fontello' title='' data-avia-related-tooltip='Compartir en LinkedIn' rel=\"noopener\"><span class='avia_hidden_link_text'>Compartir en LinkedIn<\/span><\/a><\/li><li class='av-share-link av-social-link-mail' ><a  aria-label=\"Compartir por correo\" href='mailto:?subject=SENDA%20y%20MOP%20refuerzan%20mensaje%20preventivo%20con%20instalaci%C3%B3n%20de%20panel%20en%20Ruta%207&#038;body=https:\/\/radiorevelacionfm.cl\/?p=55241' aria-hidden='false' data-av_icon='\ue805' data-av_iconfont='entypo-fontello' title='' data-avia-related-tooltip='Compartir por correo'><span class='avia_hidden_link_text'>Compartir por correo<\/span><\/a><\/li><\/ul><\/div><\/div>\n<div  style='height:50px' class='hr hr-invisible   avia-builder-el-8  el_after_av_social_share  el_before_av_comments_list '><span class='hr-inner ' ><span class='hr-inner-style'><\/span><\/span><\/div>\n<div  class='av-buildercomment  av-blog-meta-html-info-disabled av-blog-meta-tag-disabled  '><\/div>\n","protected":false},"excerpt":{"rendered":"","protected":false},"author":1,"featured_media":55242,"comment_status":"closed","ping_status":"closed","sticky":false,"template":"","format":"standard","meta":{"footnotes":""},"categories":[66],"tags":[],"class_list":["post-55241","post","type-post","status-publish","format-standard","has-post-thumbnail","hentry","category-obras-publicas"],"jetpack_featured_media_url":"https:\/\/radiorevelacionfm.cl\/wp-content\/uploads\/2025\/06\/hito1-1_optimized.jpeg","_links":{"self":[{"href":"https:\/\/radiorevelacionfm.cl\/index.php?rest_route=\/wp\/v2\/posts\/55241","targetHints":{"allow":["GET"]}}],"collection":[{"href":"https:\/\/radiorevelacionfm.cl\/index.php?rest_route=\/wp\/v2\/posts"}],"about":[{"href":"https:\/\/radiorevelacionfm.cl\/index.php?rest_route=\/wp\/v2\/types\/post"}],"author":[{"embeddable":true,"href":"https:\/\/radiorevelacionfm.cl\/index.php?rest_route=\/wp\/v2\/users\/1"}],"replies":[{"embeddable":true,"href":"https:\/\/radiorevelacionfm.cl\/index.php?rest_route=%2Fwp%2Fv2%2Fcomments&post=55241"}],"version-history":[{"count":2,"href":"https:\/\/radiorevelacionfm.cl\/index.php?rest_route=\/wp\/v2\/posts\/55241\/revisions"}],"predecessor-version":[{"id":55252,"href":"https:\/\/radiorevelacionfm.cl\/index.php?rest_route=\/wp\/v2\/posts\/55241\/revisions\/55252"}],"wp:featuredmedia":[{"embeddable":true,"href":"https:\/\/radiorevelacionfm.cl\/index.php?rest_route=\/wp\/v2\/media\/55242"}],"wp:attachment":[{"href":"https:\/\/radiorevelacionfm.cl\/index.php?rest_route=%2Fwp%2Fv2%2Fmedia&parent=55241"}],"wp:term":[{"taxonomy":"category","embeddable":true,"href":"https:\/\/radiorevelacionfm.cl\/index.php?rest_route=%2Fwp%2Fv2%2Fcategories&post=55241"},{"taxonomy":"post_tag","embeddable":true,"href":"https:\/\/radiorevelacionfm.cl\/index.php?rest_route=%2Fwp%2Fv2%2Ftags&post=55241"}],"curies":[{"name":"wp","href":"https:\/\/api.w.org\/{rel}","templated":true}]}}