{"id":55238,"date":"2025-06-13T18:39:39","date_gmt":"2025-06-13T21:39:39","guid":{"rendered":"https:\/\/radiorevelacionfm.cl\/?p=55238"},"modified":"2025-06-13T18:39:39","modified_gmt":"2025-06-13T21:39:39","slug":"en-yacimiento-el-toqui-trabajadores-reciben-capacitacion-en-puentes-grua-y-equipo-reflex-de-sondaje","status":"publish","type":"post","link":"https:\/\/radiorevelacionfm.cl\/?p=55238","title":{"rendered":"En Yacimiento el Toqui: trabajadores reciben capacitaci\u00f3n en puentes gr\u00faa y equipo reflex de sondaje"},"content":{"rendered":"<div class=\"flex_column av_one_full  flex_column_div av-zero-column-padding first  avia-builder-el-0  el_before_av_one_full  avia-builder-el-first  \" style='border-radius:0px; '><div  class='avia-image-container  av-styling-    avia-builder-el-1  avia-builder-el-no-sibling  avia-align-center '  itemprop=\"image\" itemscope=\"itemscope\" itemtype=\"https:\/\/schema.org\/ImageObject\"  ><div class='avia-image-container-inner'><div class='avia-image-overlay-wrap'><img decoding=\"async\" class='wp-image-55239 avia-img-lazy-loading-not-55239 avia_image' src=\"https:\/\/radiorevelacionfm.cl\/wp-content\/uploads\/2025\/06\/CAPACITACIONSONDAJES2-1-1.jpg\" alt='' title='CAPACITACI\u00d3NSONDAJES2 (1) (1)' height=\"600\" width=\"800\"  itemprop=\"thumbnailUrl\" srcset=\"https:\/\/radiorevelacionfm.cl\/wp-content\/uploads\/2025\/06\/CAPACITACIONSONDAJES2-1-1.jpg 800w, https:\/\/radiorevelacionfm.cl\/wp-content\/uploads\/2025\/06\/CAPACITACIONSONDAJES2-1-1-300x225.jpg 300w, https:\/\/radiorevelacionfm.cl\/wp-content\/uploads\/2025\/06\/CAPACITACIONSONDAJES2-1-1-768x576.jpg 768w, https:\/\/radiorevelacionfm.cl\/wp-content\/uploads\/2025\/06\/CAPACITACIONSONDAJES2-1-1-705x529.jpg 705w, https:\/\/radiorevelacionfm.cl\/wp-content\/uploads\/2025\/06\/CAPACITACIONSONDAJES2-1-1-450x338.jpg 450w, https:\/\/radiorevelacionfm.cl\/wp-content\/uploads\/2025\/06\/CAPACITACIONSONDAJES2-1-1-600x450.jpg 600w\" sizes=\"(max-width: 800px) 100vw, 800px\" \/><\/div><\/div><\/div><\/div><div class=\"flex_column av_one_full  flex_column_div av-zero-column-padding first  avia-builder-el-2  el_after_av_one_full  el_before_av_one_full  column-top-margin\" style='border-radius:0px; '><section class=\"av_textblock_section \"  itemscope=\"itemscope\" itemtype=\"https:\/\/schema.org\/BlogPosting\" itemprop=\"blogPost\" ><div class='avia_textblock  '   itemprop=\"text\" ><p style=\"text-align: center;\"><strong><span style=\"font-size: 18pt;\">En Yacimiento el Toqui: trabajadores reciben capacitaci\u00f3n en puentes gr\u00faa y equipo reflex de sondaje<\/span><\/strong><\/p>\n<div id=\"gtx-trans\" style=\"position: absolute; left: -50px; top: 4.31534px;\">\n<div class=\"gtx-trans-icon\"><\/div>\n<\/div>\n<\/div><\/section><\/div><div class=\"flex_column av_one_full  flex_column_div av-zero-column-padding first  avia-builder-el-4  el_after_av_one_full  el_before_av_hr  column-top-margin\" style='border-radius:0px; '><section class=\"av_textblock_section \"  itemscope=\"itemscope\" itemtype=\"https:\/\/schema.org\/BlogPosting\" itemprop=\"blogPost\" ><div class='avia_textblock  '   itemprop=\"text\" ><div>\n<p class=\"v1MsoNormal\" style=\"text-align: justify;\"><span lang=\"ES-CL\">Trabajadores de la empresa Minera Pac\u00edfico del Sur, de las \u00e1reas de Geolog\u00eda y de personal operario de puentes gr\u00faa, recibieron una completa capacitaci\u00f3n destinada a fortalecer el conocimiento y la eficiencia en su trabajo en la mina.<\/span><\/p>\n<p class=\"v1MsoNormal\" style=\"text-align: justify;\"><span lang=\"ES-CL\">En una primera instancia, la empresa recibi\u00f3 al profesional peruano Jos\u00e9 R\u00edos, especialista de instrumentos de medici\u00f3n de trayectoria en sondaje qui\u00e9n entreg\u00f3 una completa capacitaci\u00f3n a las \u00e1reas de geolog\u00eda y topograf\u00eda, cruciales en el proceso de exploraci\u00f3n minera.<\/span><\/p>\n<p class=\"v1MsoNormal\" style=\"text-align: justify;\"><span lang=\"ES-CL\">Respecto a los conocimientos entregados el profesional se\u00f1al\u00f3:\u00a0<em>\u00abEstamos aqu\u00ed para entregar conocimientos actualizados en materia de instrumentos de medici\u00f3n de trayectoria de sondaje, son equipos muy modernos, de alta tecnolog\u00eda, que nos permiten conocer la trayectoria real del taladro de perforado y cubicar muy bien la reserva mineral que se tiene\u00bb.<\/em><\/span><\/p>\n<p class=\"v1MsoNormal\" style=\"text-align: justify;\"><span lang=\"ES-CL\">As\u00ed tambi\u00e9n el Jefe de Geolog\u00eda de Minera Pac\u00edfico del Sur, Ge\u00f3logo Cristian Salgado, se\u00f1al\u00f3:<em>\u00bb El proceso de b\u00fasqueda del mineral se hace a trav\u00e9s de sondajes y para nosotros es determinante conocer la ubicaci\u00f3n espacial de estos sondajes, por eso incorporamos este nuevo instrumento llamado compass que mide la desviaci\u00f3n de la trayectoria del sondaje lo que permite hacer los modelos geol\u00f3gicos con mayor precisi\u00f3n y a los ingenieros les ayuda a hacer una mejor planificiaci\u00f3n\u00bb,\u00a0<\/em>se\u00f1al\u00f3 el ge\u00f3logo.<b>\u00a0<\/b>\u00a0<\/span><\/p>\n<p class=\"v1MsoNormal\" style=\"text-align: justify;\"><span lang=\"ES-CL\">\u00a0<\/span><\/p>\n<p class=\"v1MsoNormal\" style=\"text-align: justify;\"><b><span lang=\"ES-CL\">Capacitaci\u00f3n en Puentes Gr\u00faa<\/span><\/b><\/p>\n<p class=\"v1MsoNormal\" style=\"text-align: justify;\"><span lang=\"ES-CL\">La segunda capacitaci\u00f3n en Puentes Gr\u00faa fue dictada por la prevencionista de riesgos y experta en seguridad minera, Kissy Aranda, de la Asociaci\u00f3n Chilena de Seguridad quien se refiri\u00f3 a la importancia de esta capacitaci\u00f3n a los trabajadores que trabajan al interior de la minera con este tipo de gr\u00faas y se\u00f1al\u00f3:<em>\u00a0El organismo administrador ACHS nos traslada a esta importante empresa minera, espec\u00edficamente para capacitar a sus trabajadores en el uso de puentes gr\u00faa, los riesgos asociados a estos puentes, las medidas de control y poder incentivar a los trabajadores sobre el autocuidado, valor agregado muy importante para disminuir las tasas de accidentabilidad en las empresas mineras\u00bb<\/em><\/span><\/p>\n<p class=\"v1MsoNormal\" style=\"text-align: justify;\"><span lang=\"ES-CL\">Respecto al mismo tema, el Jefe de Prevenci\u00f3n de Riesgos de Minera Pac\u00edfico del Sur, William Gonz\u00e1lez, se\u00f1al\u00f3:<em>\u00a0\u00abLos puentes gr\u00faa son equipos para el izaje y movimiento transversal de cargas, como apoyo mec\u00e1nico para mover repuestos o materiales de alto tonelaje al interior de la mina, en planta. Por su alto peso estas gr\u00faas permiten el desplazamiento de esta carga de una manera eficiente, pero para ello tambi\u00e9n se debe capacitar a nuestros trabajadores en el uso adecuado de estos equipos y disminuir al m\u00e1ximo los riesgos asociados\u00bb<\/em>\u00a0Finaliz\u00f3.<\/span><\/p>\n<p class=\"v1MsoNormal\" style=\"text-align: justify;\"><span lang=\"ES-CL\">La capacitaci\u00f3n es determinante a la hora de avanzar en la prevenci\u00f3n al interior de un proceso minero. \u00a0<\/span><\/p>\n<\/div>\n<\/div><\/section><\/div><div  style='height:50px' class='hr hr-invisible   avia-builder-el-6  el_after_av_one_full  el_before_av_social_share '><span class='hr-inner ' ><span class='hr-inner-style'><\/span><\/span><\/div><\/p>\n<div  class='av-social-sharing-box  avia-builder-el-7  el_after_av_hr  el_before_av_hr  '><div class='av-share-box'><h5 class='av-share-link-description av-no-toc '>Compartir esta noticia<\/h5><ul class='av-share-box-list noLightbox'><li class='av-share-link av-social-link-facebook' ><a target=\"_blank\" aria-label=\"Compartir en Facebook\" href='https:\/\/www.facebook.com\/sharer.php?u=https:\/\/radiorevelacionfm.cl\/?p=55238&#038;t=En%20Yacimiento%20el%20Toqui%3A%20trabajadores%20reciben%20capacitaci%C3%B3n%20en%20puentes%20gr%C3%BAa%20y%20equipo%20reflex%20de%20sondaje' aria-hidden='false' data-av_icon='\ue8f3' data-av_iconfont='entypo-fontello' title='' data-avia-related-tooltip='Compartir en Facebook' rel=\"noopener\"><span class='avia_hidden_link_text'>Compartir en Facebook<\/span><\/a><\/li><li class='av-share-link av-social-link-twitter' ><a target=\"_blank\" aria-label=\"Compartir en Twitter\" href='https:\/\/twitter.com\/share?text=En%20Yacimiento%20el%20Toqui%3A%20trabajadores%20reciben%20capacitaci%C3%B3n%20en%20puentes%20gr%C3%BAa%20y%20equipo%20reflex%20de%20sondaje&#038;url=https:\/\/radiorevelacionfm.cl\/?p=55238' aria-hidden='false' data-av_icon='\ue8f1' data-av_iconfont='entypo-fontello' title='' data-avia-related-tooltip='Compartir en Twitter' rel=\"noopener\"><span class='avia_hidden_link_text'>Compartir en Twitter<\/span><\/a><\/li><li class='av-share-link av-social-link-whatsapp' ><a target=\"_blank\" aria-label=\"Compartir en Whatsapp\" href='https:\/\/api.whatsapp.com\/send?text=https:\/\/radiorevelacionfm.cl\/?p=55238' aria-hidden='false' data-av_icon='\uf232' data-av_iconfont='entypo-fontello' title='' data-avia-related-tooltip='Compartir en Whatsapp' rel=\"noopener\"><span class='avia_hidden_link_text'>Compartir en Whatsapp<\/span><\/a><\/li><li class='av-share-link av-social-link-linkedin' ><a target=\"_blank\" aria-label=\"Compartir en LinkedIn\" href='https:\/\/linkedin.com\/shareArticle?mini=true&#038;title=En%20Yacimiento%20el%20Toqui%3A%20trabajadores%20reciben%20capacitaci%C3%B3n%20en%20puentes%20gr%C3%BAa%20y%20equipo%20reflex%20de%20sondaje&#038;url=https:\/\/radiorevelacionfm.cl\/?p=55238' aria-hidden='false' data-av_icon='\ue8fc' data-av_iconfont='entypo-fontello' title='' data-avia-related-tooltip='Compartir en LinkedIn' rel=\"noopener\"><span class='avia_hidden_link_text'>Compartir en LinkedIn<\/span><\/a><\/li><li class='av-share-link av-social-link-mail' ><a  aria-label=\"Compartir por correo\" href='mailto:?subject=En%20Yacimiento%20el%20Toqui%3A%20trabajadores%20reciben%20capacitaci%C3%B3n%20en%20puentes%20gr%C3%BAa%20y%20equipo%20reflex%20de%20sondaje&#038;body=https:\/\/radiorevelacionfm.cl\/?p=55238' aria-hidden='false' data-av_icon='\ue805' data-av_iconfont='entypo-fontello' title='' data-avia-related-tooltip='Compartir por correo'><span class='avia_hidden_link_text'>Compartir por correo<\/span><\/a><\/li><\/ul><\/div><\/div>\n<div  style='height:50px' class='hr hr-invisible   avia-builder-el-8  el_after_av_social_share  el_before_av_comments_list '><span class='hr-inner ' ><span class='hr-inner-style'><\/span><\/span><\/div>\n<div  class='av-buildercomment  av-blog-meta-html-info-disabled av-blog-meta-tag-disabled  '><\/div>\n","protected":false},"excerpt":{"rendered":"","protected":false},"author":1,"featured_media":55239,"comment_status":"closed","ping_status":"closed","sticky":false,"template":"","format":"standard","meta":{"footnotes":""},"categories":[38],"tags":[],"class_list":["post-55238","post","type-post","status-publish","format-standard","has-post-thumbnail","hentry","category-regional"],"jetpack_featured_media_url":"https:\/\/radiorevelacionfm.cl\/wp-content\/uploads\/2025\/06\/CAPACITACIONSONDAJES2-1-1.jpg","_links":{"self":[{"href":"https:\/\/radiorevelacionfm.cl\/index.php?rest_route=\/wp\/v2\/posts\/55238","targetHints":{"allow":["GET"]}}],"collection":[{"href":"https:\/\/radiorevelacionfm.cl\/index.php?rest_route=\/wp\/v2\/posts"}],"about":[{"href":"https:\/\/radiorevelacionfm.cl\/index.php?rest_route=\/wp\/v2\/types\/post"}],"author":[{"embeddable":true,"href":"https:\/\/radiorevelacionfm.cl\/index.php?rest_route=\/wp\/v2\/users\/1"}],"replies":[{"embeddable":true,"href":"https:\/\/radiorevelacionfm.cl\/index.php?rest_route=%2Fwp%2Fv2%2Fcomments&post=55238"}],"version-history":[{"count":2,"href":"https:\/\/radiorevelacionfm.cl\/index.php?rest_route=\/wp\/v2\/posts\/55238\/revisions"}],"predecessor-version":[{"id":55251,"href":"https:\/\/radiorevelacionfm.cl\/index.php?rest_route=\/wp\/v2\/posts\/55238\/revisions\/55251"}],"wp:featuredmedia":[{"embeddable":true,"href":"https:\/\/radiorevelacionfm.cl\/index.php?rest_route=\/wp\/v2\/media\/55239"}],"wp:attachment":[{"href":"https:\/\/radiorevelacionfm.cl\/index.php?rest_route=%2Fwp%2Fv2%2Fmedia&parent=55238"}],"wp:term":[{"taxonomy":"category","embeddable":true,"href":"https:\/\/radiorevelacionfm.cl\/index.php?rest_route=%2Fwp%2Fv2%2Fcategories&post=55238"},{"taxonomy":"post_tag","embeddable":true,"href":"https:\/\/radiorevelacionfm.cl\/index.php?rest_route=%2Fwp%2Fv2%2Ftags&post=55238"}],"curies":[{"name":"wp","href":"https:\/\/api.w.org\/{rel}","templated":true}]}}