{"id":55230,"date":"2025-06-13T17:29:41","date_gmt":"2025-06-13T20:29:41","guid":{"rendered":"https:\/\/radiorevelacionfm.cl\/?p=55230"},"modified":"2025-06-13T17:29:41","modified_gmt":"2025-06-13T20:29:41","slug":"alcalde-roncagliolo-ante-comision-de-agricultura-hoy-estamos-mas-desprotegidos-frente-a-los-perros-que-frente-al-puma","status":"publish","type":"post","link":"https:\/\/radiorevelacionfm.cl\/?p=55230","title":{"rendered":"Alcalde Roncagliolo ante Comisi\u00f3n de Agricultura: \u201cHoy estamos m\u00e1s desprotegidos frente a los perros que frente al puma\u201d"},"content":{"rendered":"<div class=\"flex_column av_one_full  flex_column_div av-zero-column-padding first  avia-builder-el-0  el_before_av_one_full  avia-builder-el-first  \" style='border-radius:0px; '><div  class='avia-image-container  av-styling-    avia-builder-el-1  avia-builder-el-no-sibling  avia-align-center '  itemprop=\"image\" itemscope=\"itemscope\" itemtype=\"https:\/\/schema.org\/ImageObject\"  ><div class='avia-image-container-inner'><div class='avia-image-overlay-wrap'><img decoding=\"async\" class='wp-image-55231 avia-img-lazy-loading-not-55231 avia_image' src=\"https:\/\/radiorevelacionfm.cl\/wp-content\/uploads\/2025\/06\/Presidente-AREMU-Comision-Agricultura-Coyhaique-1-1.jpeg\" alt='' title='Presidente AREMU - Comisi\u00f3n Agricultura, Coyhaique (1) (1)' height=\"600\" width=\"800\"  itemprop=\"thumbnailUrl\" srcset=\"https:\/\/radiorevelacionfm.cl\/wp-content\/uploads\/2025\/06\/Presidente-AREMU-Comision-Agricultura-Coyhaique-1-1.jpeg 800w, https:\/\/radiorevelacionfm.cl\/wp-content\/uploads\/2025\/06\/Presidente-AREMU-Comision-Agricultura-Coyhaique-1-1-300x225.jpeg 300w, https:\/\/radiorevelacionfm.cl\/wp-content\/uploads\/2025\/06\/Presidente-AREMU-Comision-Agricultura-Coyhaique-1-1-768x576.jpeg 768w, https:\/\/radiorevelacionfm.cl\/wp-content\/uploads\/2025\/06\/Presidente-AREMU-Comision-Agricultura-Coyhaique-1-1-705x529.jpeg 705w, https:\/\/radiorevelacionfm.cl\/wp-content\/uploads\/2025\/06\/Presidente-AREMU-Comision-Agricultura-Coyhaique-1-1-450x338.jpeg 450w, https:\/\/radiorevelacionfm.cl\/wp-content\/uploads\/2025\/06\/Presidente-AREMU-Comision-Agricultura-Coyhaique-1-1-600x450.jpeg 600w\" sizes=\"(max-width: 800px) 100vw, 800px\" \/><\/div><\/div><\/div><\/div><div class=\"flex_column av_one_full  flex_column_div av-zero-column-padding first  avia-builder-el-2  el_after_av_one_full  el_before_av_one_full  column-top-margin\" style='border-radius:0px; '><section class=\"av_textblock_section \"  itemscope=\"itemscope\" itemtype=\"https:\/\/schema.org\/BlogPosting\" itemprop=\"blogPost\" ><div class='avia_textblock  '   itemprop=\"text\" ><p style=\"text-align: center;\"><strong><span style=\"font-size: 18pt;\">Alcalde Roncagliolo ante Comisi\u00f3n de Agricultura: \u201cHoy estamos m\u00e1s desprotegidos frente a los perros que frente al puma\u201d<\/span><\/strong><\/p>\n<div id=\"gtx-trans\" style=\"position: absolute; left: -50px; top: 4.31534px;\">\n<div class=\"gtx-trans-icon\"><\/div>\n<\/div>\n<\/div><\/section><\/div><div class=\"flex_column av_one_full  flex_column_div av-zero-column-padding first  avia-builder-el-4  el_after_av_one_full  el_before_av_hr  column-top-margin\" style='border-radius:0px; '><section class=\"av_textblock_section \"  itemscope=\"itemscope\" itemtype=\"https:\/\/schema.org\/BlogPosting\" itemprop=\"blogPost\" ><div class='avia_textblock  '   itemprop=\"text\" ><p style=\"text-align: justify;\">La Asociaci\u00f3n Regional de Municipalidades de Ays\u00e9n (AREMU), presidida por el alcalde de Cisnes, Francisco Roncagliolo, alert\u00f3 ante la Comisi\u00f3n de Agricultura, Silvicultura y Desarrollo Rural de la C\u00e1mara de Diputados, sobre la grave crisis que afecta al mundo rural de la regi\u00f3n debido a los constantes ataques de perros asilvestrados.<\/p>\n<p style=\"text-align: justify;\">Durante la sesi\u00f3n desarrollada en Coyhaique, el edil plante\u00f3 la urgente necesidad de tomar medidas concretas ante esta situaci\u00f3n que ha generado la p\u00e9rdida de ovejas, terneros e incluso vacas pre\u00f1adas, provocando un impacto devastador en las econom\u00edas campesinas y ganaderas.<\/p>\n<p style=\"text-align: justify;\">\u00abHoy estamos m\u00e1s desprotegidos frente a los perros que frente al puma o al zorro\u00bb, se\u00f1al\u00f3 Roncagliolo, quien explic\u00f3 que, si bien los municipios cumplen con la aplicaci\u00f3n de la Ley de Tenencia Responsable, esta normativa solo rige en zonas urbanas, dejando sin respuesta al sector rural, donde m\u00e1s se sufren las consecuencias.<\/p>\n<p style=\"text-align: justify;\">El alcalde propuso establecer una mesa de trabajo regional que incluya a parlamentarios, al Gobierno Regional y a los municipios, en el marco de la discusi\u00f3n de la Ley de Presupuesto 2026, con el fin de asegurar recursos espec\u00edficos para enfrentar esta problem\u00e1tica en zonas extremas como Ays\u00e9n.<\/p>\n<p style=\"text-align: justify;\">\u201cNecesitamos herramientas reales para que nuestra gente siga trabajando el campo. Lo que hoy se est\u00e1 perdiendo es el esfuerzo de generaciones completas que han sostenido el mundo rural. Es tiempo de pasar del diagn\u00f3stico a la acci\u00f3n\u201d, enfatiz\u00f3.<\/p>\n<p style=\"text-align: justify;\">Adem\u00e1s, el presidente de AREMU valor\u00f3 la visita de la Comisi\u00f3n de Agricultura a la regi\u00f3n y llam\u00f3 a que este tipo de instancias no se queden solo en el di\u00e1logo, sino que se transformen en pol\u00edticas p\u00fablicas efectivas. \u201cNecesitamos recuperar las ganas de que nuestra gente siga trabajando el campo. Los alcaldes de Ays\u00e9n estamos disponibles para colaborar en todo lo necesario\u201d, cerr\u00f3.<\/p>\n<\/div><\/section><\/div><div  style='height:50px' class='hr hr-invisible   avia-builder-el-6  el_after_av_one_full  el_before_av_social_share '><span class='hr-inner ' ><span class='hr-inner-style'><\/span><\/span><\/div><\/p>\n<div  class='av-social-sharing-box  avia-builder-el-7  el_after_av_hr  el_before_av_hr  '><div class='av-share-box'><h5 class='av-share-link-description av-no-toc '>Compartir esta noticia<\/h5><ul class='av-share-box-list noLightbox'><li class='av-share-link av-social-link-facebook' ><a target=\"_blank\" aria-label=\"Compartir en Facebook\" href='https:\/\/www.facebook.com\/sharer.php?u=https:\/\/radiorevelacionfm.cl\/?p=55230&#038;t=Alcalde%20Roncagliolo%20ante%20Comisi%C3%B3n%20de%20Agricultura%3A%20%E2%80%9CHoy%20estamos%20m%C3%A1s%20desprotegidos%20frente%20a%20los%20perros%20que%20frente%20al%20puma%E2%80%9D' aria-hidden='false' data-av_icon='\ue8f3' data-av_iconfont='entypo-fontello' title='' data-avia-related-tooltip='Compartir en Facebook' rel=\"noopener\"><span class='avia_hidden_link_text'>Compartir en Facebook<\/span><\/a><\/li><li class='av-share-link av-social-link-twitter' ><a target=\"_blank\" aria-label=\"Compartir en Twitter\" href='https:\/\/twitter.com\/share?text=Alcalde%20Roncagliolo%20ante%20Comisi%C3%B3n%20de%20Agricultura%3A%20%E2%80%9CHoy%20estamos%20m%C3%A1s%20desprotegidos%20frente%20a%20los%20perros%20que%20frente%20al%20puma%E2%80%9D&#038;url=https:\/\/radiorevelacionfm.cl\/?p=55230' aria-hidden='false' data-av_icon='\ue8f1' data-av_iconfont='entypo-fontello' title='' data-avia-related-tooltip='Compartir en Twitter' rel=\"noopener\"><span class='avia_hidden_link_text'>Compartir en Twitter<\/span><\/a><\/li><li class='av-share-link av-social-link-whatsapp' ><a target=\"_blank\" aria-label=\"Compartir en Whatsapp\" href='https:\/\/api.whatsapp.com\/send?text=https:\/\/radiorevelacionfm.cl\/?p=55230' aria-hidden='false' data-av_icon='\uf232' data-av_iconfont='entypo-fontello' title='' data-avia-related-tooltip='Compartir en Whatsapp' rel=\"noopener\"><span class='avia_hidden_link_text'>Compartir en Whatsapp<\/span><\/a><\/li><li class='av-share-link av-social-link-linkedin' ><a target=\"_blank\" aria-label=\"Compartir en LinkedIn\" href='https:\/\/linkedin.com\/shareArticle?mini=true&#038;title=Alcalde%20Roncagliolo%20ante%20Comisi%C3%B3n%20de%20Agricultura%3A%20%E2%80%9CHoy%20estamos%20m%C3%A1s%20desprotegidos%20frente%20a%20los%20perros%20que%20frente%20al%20puma%E2%80%9D&#038;url=https:\/\/radiorevelacionfm.cl\/?p=55230' aria-hidden='false' data-av_icon='\ue8fc' data-av_iconfont='entypo-fontello' title='' data-avia-related-tooltip='Compartir en LinkedIn' rel=\"noopener\"><span class='avia_hidden_link_text'>Compartir en LinkedIn<\/span><\/a><\/li><li class='av-share-link av-social-link-mail' ><a  aria-label=\"Compartir por correo\" href='mailto:?subject=Alcalde%20Roncagliolo%20ante%20Comisi%C3%B3n%20de%20Agricultura%3A%20%E2%80%9CHoy%20estamos%20m%C3%A1s%20desprotegidos%20frente%20a%20los%20perros%20que%20frente%20al%20puma%E2%80%9D&#038;body=https:\/\/radiorevelacionfm.cl\/?p=55230' aria-hidden='false' data-av_icon='\ue805' data-av_iconfont='entypo-fontello' title='' data-avia-related-tooltip='Compartir por correo'><span class='avia_hidden_link_text'>Compartir por correo<\/span><\/a><\/li><\/ul><\/div><\/div>\n<div  style='height:50px' class='hr hr-invisible   avia-builder-el-8  el_after_av_social_share  el_before_av_comments_list '><span class='hr-inner ' ><span class='hr-inner-style'><\/span><\/span><\/div>\n<div  class='av-buildercomment  av-blog-meta-html-info-disabled av-blog-meta-tag-disabled  '><\/div>\n","protected":false},"excerpt":{"rendered":"","protected":false},"author":1,"featured_media":55231,"comment_status":"closed","ping_status":"closed","sticky":false,"template":"","format":"standard","meta":{"footnotes":""},"categories":[38],"tags":[],"class_list":["post-55230","post","type-post","status-publish","format-standard","has-post-thumbnail","hentry","category-regional"],"jetpack_featured_media_url":"https:\/\/radiorevelacionfm.cl\/wp-content\/uploads\/2025\/06\/Presidente-AREMU-Comision-Agricultura-Coyhaique-1-1.jpeg","_links":{"self":[{"href":"https:\/\/radiorevelacionfm.cl\/index.php?rest_route=\/wp\/v2\/posts\/55230","targetHints":{"allow":["GET"]}}],"collection":[{"href":"https:\/\/radiorevelacionfm.cl\/index.php?rest_route=\/wp\/v2\/posts"}],"about":[{"href":"https:\/\/radiorevelacionfm.cl\/index.php?rest_route=\/wp\/v2\/types\/post"}],"author":[{"embeddable":true,"href":"https:\/\/radiorevelacionfm.cl\/index.php?rest_route=\/wp\/v2\/users\/1"}],"replies":[{"embeddable":true,"href":"https:\/\/radiorevelacionfm.cl\/index.php?rest_route=%2Fwp%2Fv2%2Fcomments&post=55230"}],"version-history":[{"count":2,"href":"https:\/\/radiorevelacionfm.cl\/index.php?rest_route=\/wp\/v2\/posts\/55230\/revisions"}],"predecessor-version":[{"id":55237,"href":"https:\/\/radiorevelacionfm.cl\/index.php?rest_route=\/wp\/v2\/posts\/55230\/revisions\/55237"}],"wp:featuredmedia":[{"embeddable":true,"href":"https:\/\/radiorevelacionfm.cl\/index.php?rest_route=\/wp\/v2\/media\/55231"}],"wp:attachment":[{"href":"https:\/\/radiorevelacionfm.cl\/index.php?rest_route=%2Fwp%2Fv2%2Fmedia&parent=55230"}],"wp:term":[{"taxonomy":"category","embeddable":true,"href":"https:\/\/radiorevelacionfm.cl\/index.php?rest_route=%2Fwp%2Fv2%2Fcategories&post=55230"},{"taxonomy":"post_tag","embeddable":true,"href":"https:\/\/radiorevelacionfm.cl\/index.php?rest_route=%2Fwp%2Fv2%2Ftags&post=55230"}],"curies":[{"name":"wp","href":"https:\/\/api.w.org\/{rel}","templated":true}]}}