{"id":5523,"date":"2021-06-22T17:46:28","date_gmt":"2021-06-22T20:46:28","guid":{"rendered":"https:\/\/radiorevelacionfm.cl\/?p=5523"},"modified":"2021-06-22T17:46:28","modified_gmt":"2021-06-22T20:46:28","slug":"fonoinfancia-celebra-20-anos-acompanando-a-las-familias-chilenas","status":"publish","type":"post","link":"https:\/\/radiorevelacionfm.cl\/?p=5523","title":{"rendered":"Fonoinfancia celebra 20 a\u00f1os acompa\u00f1ando a las familias chilenas"},"content":{"rendered":"<div class=\"flex_column av_one_full  flex_column_div av-zero-column-padding first  avia-builder-el-0  el_before_av_one_full  avia-builder-el-first  \" style='border-radius:0px; '><div  class='avia-image-container  av-styling-    avia-builder-el-1  avia-builder-el-no-sibling  avia-align-center '  itemprop=\"image\" itemscope=\"itemscope\" itemtype=\"https:\/\/schema.org\/ImageObject\"  ><div class='avia-image-container-inner'><div class='avia-image-overlay-wrap'><img decoding=\"async\" class='wp-image-5524 avia-img-lazy-loading-not-5524 avia_image' src=\"https:\/\/radiorevelacionfm.cl\/wp-content\/uploads\/2021\/06\/psicologa-1.jpg\" alt='' title='psic\u00f3loga (1)' height=\"600\" width=\"900\"  itemprop=\"thumbnailUrl\" srcset=\"https:\/\/radiorevelacionfm.cl\/wp-content\/uploads\/2021\/06\/psicologa-1.jpg 900w, https:\/\/radiorevelacionfm.cl\/wp-content\/uploads\/2021\/06\/psicologa-1-300x200.jpg 300w, https:\/\/radiorevelacionfm.cl\/wp-content\/uploads\/2021\/06\/psicologa-1-768x512.jpg 768w, https:\/\/radiorevelacionfm.cl\/wp-content\/uploads\/2021\/06\/psicologa-1-705x470.jpg 705w, https:\/\/radiorevelacionfm.cl\/wp-content\/uploads\/2021\/06\/psicologa-1-600x400.jpg 600w\" sizes=\"(max-width: 900px) 100vw, 900px\" \/><\/div><\/div><\/div><\/div><div class=\"flex_column av_one_full  flex_column_div av-zero-column-padding first  avia-builder-el-2  el_after_av_one_full  el_before_av_one_full  column-top-margin\" style='border-radius:0px; '><section class=\"av_textblock_section \"  itemscope=\"itemscope\" itemtype=\"https:\/\/schema.org\/BlogPosting\" itemprop=\"blogPost\" ><div class='avia_textblock  '   itemprop=\"text\" ><p style=\"text-align: center;\"><strong><span style=\"font-size: 18pt;\">Fonoinfancia celebra 20 a\u00f1os acompa\u00f1ando a las familias chilenas<\/span><\/strong><\/p>\n<div id=\"gtx-trans\" style=\"position: absolute; left: -50px; top: 4.31534px;\">\n<div class=\"gtx-trans-icon\"><\/div>\n<\/div>\n<\/div><\/section><\/div><div class=\"flex_column av_one_full  flex_column_div av-zero-column-padding first  avia-builder-el-4  el_after_av_one_full  el_before_av_hr  column-top-margin\" style='border-radius:0px; '><section class=\"av_textblock_section \"  itemscope=\"itemscope\" itemtype=\"https:\/\/schema.org\/BlogPosting\" itemprop=\"blogPost\" ><div class='avia_textblock  '   itemprop=\"text\" ><p style=\"text-align: justify;\">El servicio de atenci\u00f3n no presencial perteneciente a Fundaci\u00f3n Integra cumpli\u00f3 dos d\u00e9cadas de funcionamiento en la que ha prestado m\u00e1s de 200 mil\u00a0consultas,\u00a0promoviendo el buen trato hacia ni\u00f1os y la crianza respetuosa.<\/p>\n<p style=\"text-align: justify;\">Fonoinfancia cumpli\u00f3 20 a\u00f1os. El 31 de mayo de 2001 abri\u00f3 su\u00a0l\u00ednea de atenci\u00f3n telef\u00f3nica 800 200 818 para atender las inquietudes de padres, madres y cuidadores\/as de todo el pa\u00eds. Adem\u00e1s de entregar orientaci\u00f3n a equipos de salas cuna y jardines infantiles de Fundaci\u00f3n Integra. Y por ello, durante todo el mes de junio, decidi\u00f3 celebrar el trabajo realizado junto a sus colaboradores.<i><\/i><\/p>\n<p style=\"text-align: justify;\">El servicio de atenci\u00f3n psicol\u00f3gica no presencial gratuito, est\u00e1 compuesto por un equipo de 16 psic\u00f3logos y psic\u00f3logas especialistas en temas de infancia, crianza y familia, quienes atienden a diario y de manera totalmente gratuita consultas, a trav\u00e9s del tel\u00e9fono y desde un chat, y tambi\u00e9n reciben consultas por correo electr\u00f3nico (<a href=\"mailto:fonoinfancia@integra.cl\" target=\"_blank\" rel=\"noopener\">fonoinfancia@integra.cl<\/a>), p\u00e1gina web (<a href=\"http:\/\/www.fonoinfancia.c\/\" target=\"_blank\" rel=\"noopener\" data-saferedirecturl=\"https:\/\/www.google.com\/url?q=http:\/\/www.fonoinfancia.c&amp;source=gmail&amp;ust=1624480157877000&amp;usg=AFQjCNGx0TbtfbT1n8ZubtjtqdPsTqiffQ\">www.fonoinfancia.c<\/a>) y redes sociales, con el objetivo de promover el buen trato hacia ni\u00f1os y ni\u00f1as y entregar a los adultos herramientas para una crianza respetuosa.<\/p>\n<p style=\"text-align: justify;\">Seg\u00fan Jos\u00e9 Manuel Ready, director ejecutivo de Fundaci\u00f3n Integra, durante dos d\u00e9cadas Fonoinfancia ha tenido un rol fundamental a la hora de orientar y acompa\u00f1ar a las familias.<\/p>\n<p style=\"text-align: justify;\">\u201cLos aprendizajes significativos y el desarrollo pleno de ni\u00f1os y ni\u00f1as, requiere de un acompa\u00f1amiento psicoemocional permanente y apoyo profesional adecuado. Desde la pandemia de COVID-19 esta tarea en Fonoinfancia ha cobrado mayor relevancia, debido a la contenci\u00f3n emocional que ha tenido que entregar a madres, padres y cuidadores\/as, a trav\u00e9s de sus canales de apoyo, contribuyendo de esta forma, al bienestar de muchos ni\u00f1os y ni\u00f1as en la primera infancia\u201d, se\u00f1ala.<\/p>\n<p style=\"text-align: justify;\">Alicia Varela, jefa de promoci\u00f3n de Fonoinfancia, indica que en estos 20 a\u00f1os, se ha acompa\u00f1ado a familias de distintos lugares del pa\u00eds con temas de crianza y respondido dudas de equipos educativos de Integra, sobre el desarrollo y procesos emocionales de ni\u00f1os y ni\u00f1as.<\/p>\n<p style=\"text-align: justify;\">\u201cDesde un enfoque de derechos &#8211; que reconoce a ni\u00f1os y ni\u00f1as como sujetos con caracter\u00edsticas y necesidades propias &#8211; y articul\u00e1ndonos con otras instituciones, hemos podido contribuir al desarrollo de capacidades en los adultos, no solo para cuidar, sino tambi\u00e9n para proteger, educar y socializar a ni\u00f1os y ni\u00f1as. Asimismo, hemos querido contribuir al ejercicio de una parentalidad positiva centrada en el inter\u00e9s superior de ni\u00f1os y ni\u00f1as, y que promueve estilos de crianza bien tratantes, no violentos y respetuosos, y junto con ello el establecimiento de l\u00edmites que permitan su pleno desarrollo\u201d, explica.<\/p>\n<p style=\"text-align: justify;\">Algunos de los temas que con frecuencia abordan en este servicio son: \u00bfC\u00f3mo abordar las pataletas?; A mi hijo le cuesta hacer amigos; \u00bfQu\u00e9 hacer cuando los hermanos se pelean?; C\u00f3mo hablar de la separaci\u00f3n o la muerte de un ser querido; \u00bfEs recomendable hablar sobre sexualidad con los ni\u00f1os\/as?; Dificultades para alimentarse o conciliar el sue\u00f1o y La pertinencia del uso de aparatos tecnol\u00f3gicos, entre otros.<\/p>\n<p style=\"text-align: justify;\">A la fecha el servicio ha atendido en 20 a\u00f1os\u00a0206.696 consultas,\u00a0lo que demuestra que este canal es una forma efectiva de responder a la necesidad que muchas familias chilenas tienen de recibir apoyo profesional para la crianza y desarrollo de ni\u00f1os y ni\u00f1as.<\/p>\n<p style=\"text-align: justify;\"><span lang=\"ES-TRAD\">Integra pertenece a la Red de Fundaciones de la Presidencia de la Rep\u00fablica. Con 30 a\u00f1os de experiencia, es la red m\u00e1s grande de salas cuna y jardines infantiles del pa\u00eds con m\u00e1s de 1.200 establecimientos gratuitos, a los que asisten m\u00e1s de 90 mil ni\u00f1os y ni\u00f1as en todo Chile.<\/span><\/p>\n<\/div><\/section><\/div><div  style='height:50px' class='hr hr-invisible   avia-builder-el-6  el_after_av_one_full  el_before_av_social_share '><span class='hr-inner ' ><span class='hr-inner-style'><\/span><\/span><\/div><\/p>\n<div  class='av-social-sharing-box  avia-builder-el-7  el_after_av_hr  el_before_av_hr  '><div class='av-share-box'><h5 class='av-share-link-description av-no-toc '>Compartir esta noticia<\/h5><ul class='av-share-box-list noLightbox'><li class='av-share-link av-social-link-facebook' ><a target=\"_blank\" aria-label=\"Compartir en Facebook\" href='https:\/\/www.facebook.com\/sharer.php?u=https:\/\/radiorevelacionfm.cl\/?p=5523&#038;t=Fonoinfancia%20celebra%2020%20a%C3%B1os%20acompa%C3%B1ando%20a%20las%20familias%20chilenas' aria-hidden='false' data-av_icon='\ue8f3' data-av_iconfont='entypo-fontello' title='' data-avia-related-tooltip='Compartir en Facebook' rel=\"noopener\"><span class='avia_hidden_link_text'>Compartir en Facebook<\/span><\/a><\/li><li class='av-share-link av-social-link-twitter' ><a target=\"_blank\" aria-label=\"Compartir en Twitter\" href='https:\/\/twitter.com\/share?text=Fonoinfancia%20celebra%2020%20a%C3%B1os%20acompa%C3%B1ando%20a%20las%20familias%20chilenas&#038;url=https:\/\/radiorevelacionfm.cl\/?p=5523' aria-hidden='false' data-av_icon='\ue8f1' data-av_iconfont='entypo-fontello' title='' data-avia-related-tooltip='Compartir en Twitter' rel=\"noopener\"><span class='avia_hidden_link_text'>Compartir en Twitter<\/span><\/a><\/li><li class='av-share-link av-social-link-whatsapp' ><a target=\"_blank\" aria-label=\"Compartir en Whatsapp\" href='https:\/\/api.whatsapp.com\/send?text=https:\/\/radiorevelacionfm.cl\/?p=5523' aria-hidden='false' data-av_icon='\uf232' data-av_iconfont='entypo-fontello' title='' data-avia-related-tooltip='Compartir en Whatsapp' rel=\"noopener\"><span class='avia_hidden_link_text'>Compartir en Whatsapp<\/span><\/a><\/li><li class='av-share-link av-social-link-linkedin' ><a target=\"_blank\" aria-label=\"Compartir en LinkedIn\" href='https:\/\/linkedin.com\/shareArticle?mini=true&#038;title=Fonoinfancia%20celebra%2020%20a%C3%B1os%20acompa%C3%B1ando%20a%20las%20familias%20chilenas&#038;url=https:\/\/radiorevelacionfm.cl\/?p=5523' aria-hidden='false' data-av_icon='\ue8fc' data-av_iconfont='entypo-fontello' title='' data-avia-related-tooltip='Compartir en LinkedIn' rel=\"noopener\"><span class='avia_hidden_link_text'>Compartir en LinkedIn<\/span><\/a><\/li><li class='av-share-link av-social-link-mail' ><a  aria-label=\"Compartir por correo\" href='mailto:?subject=Fonoinfancia%20celebra%2020%20a%C3%B1os%20acompa%C3%B1ando%20a%20las%20familias%20chilenas&#038;body=https:\/\/radiorevelacionfm.cl\/?p=5523' aria-hidden='false' data-av_icon='\ue805' data-av_iconfont='entypo-fontello' title='' data-avia-related-tooltip='Compartir por correo'><span class='avia_hidden_link_text'>Compartir por correo<\/span><\/a><\/li><\/ul><\/div><\/div>\n<div  style='height:50px' class='hr hr-invisible   avia-builder-el-8  el_after_av_social_share  el_before_av_comments_list '><span class='hr-inner ' ><span class='hr-inner-style'><\/span><\/span><\/div>\n<div  class='av-buildercomment  av-blog-meta-html-info-disabled av-blog-meta-tag-disabled  '><\/div>\n","protected":false},"excerpt":{"rendered":"","protected":false},"author":1,"featured_media":5524,"comment_status":"open","ping_status":"open","sticky":false,"template":"","format":"standard","meta":{"footnotes":""},"categories":[49],"tags":[],"class_list":["post-5523","post","type-post","status-publish","format-standard","has-post-thumbnail","hentry","category-educacion"],"jetpack_featured_media_url":"https:\/\/radiorevelacionfm.cl\/wp-content\/uploads\/2021\/06\/psicologa-1.jpg","_links":{"self":[{"href":"https:\/\/radiorevelacionfm.cl\/index.php?rest_route=\/wp\/v2\/posts\/5523","targetHints":{"allow":["GET"]}}],"collection":[{"href":"https:\/\/radiorevelacionfm.cl\/index.php?rest_route=\/wp\/v2\/posts"}],"about":[{"href":"https:\/\/radiorevelacionfm.cl\/index.php?rest_route=\/wp\/v2\/types\/post"}],"author":[{"embeddable":true,"href":"https:\/\/radiorevelacionfm.cl\/index.php?rest_route=\/wp\/v2\/users\/1"}],"replies":[{"embeddable":true,"href":"https:\/\/radiorevelacionfm.cl\/index.php?rest_route=%2Fwp%2Fv2%2Fcomments&post=5523"}],"version-history":[{"count":1,"href":"https:\/\/radiorevelacionfm.cl\/index.php?rest_route=\/wp\/v2\/posts\/5523\/revisions"}],"predecessor-version":[{"id":5525,"href":"https:\/\/radiorevelacionfm.cl\/index.php?rest_route=\/wp\/v2\/posts\/5523\/revisions\/5525"}],"wp:featuredmedia":[{"embeddable":true,"href":"https:\/\/radiorevelacionfm.cl\/index.php?rest_route=\/wp\/v2\/media\/5524"}],"wp:attachment":[{"href":"https:\/\/radiorevelacionfm.cl\/index.php?rest_route=%2Fwp%2Fv2%2Fmedia&parent=5523"}],"wp:term":[{"taxonomy":"category","embeddable":true,"href":"https:\/\/radiorevelacionfm.cl\/index.php?rest_route=%2Fwp%2Fv2%2Fcategories&post=5523"},{"taxonomy":"post_tag","embeddable":true,"href":"https:\/\/radiorevelacionfm.cl\/index.php?rest_route=%2Fwp%2Fv2%2Ftags&post=5523"}],"curies":[{"name":"wp","href":"https:\/\/api.w.org\/{rel}","templated":true}]}}