{"id":55223,"date":"2025-06-13T17:24:30","date_gmt":"2025-06-13T20:24:30","guid":{"rendered":"https:\/\/radiorevelacionfm.cl\/?p=55223"},"modified":"2025-06-13T17:24:30","modified_gmt":"2025-06-13T20:24:30","slug":"subsecretario-de-pesca-se-abre-a-posibilidad-de-diversificacion-productiva-de-recursos-bentonicos-en-melinka","status":"publish","type":"post","link":"https:\/\/radiorevelacionfm.cl\/?p=55223","title":{"rendered":"Subsecretario de Pesca se abre a posibilidad de diversificaci\u00f3n productiva de recursos bent\u00f3nicos en Melinka"},"content":{"rendered":"<div class=\"flex_column av_one_full  flex_column_div av-zero-column-padding first  avia-builder-el-0  el_before_av_one_full  avia-builder-el-first  \" style='border-radius:0px; '><div  class='avia-image-container  av-styling-    avia-builder-el-1  avia-builder-el-no-sibling  avia-align-center '  itemprop=\"image\" itemscope=\"itemscope\" itemtype=\"https:\/\/schema.org\/ImageObject\"  ><div class='avia-image-container-inner'><div class='avia-image-overlay-wrap'><img decoding=\"async\" class='wp-image-55224 avia-img-lazy-loading-not-55224 avia_image' src=\"https:\/\/radiorevelacionfm.cl\/wp-content\/uploads\/2025\/06\/FOTO-REU-MELINKA-1-1.jpg\" alt='' title='FOTO REU MELINKA (1) (1)' height=\"600\" width=\"800\"  itemprop=\"thumbnailUrl\" srcset=\"https:\/\/radiorevelacionfm.cl\/wp-content\/uploads\/2025\/06\/FOTO-REU-MELINKA-1-1.jpg 800w, https:\/\/radiorevelacionfm.cl\/wp-content\/uploads\/2025\/06\/FOTO-REU-MELINKA-1-1-300x225.jpg 300w, https:\/\/radiorevelacionfm.cl\/wp-content\/uploads\/2025\/06\/FOTO-REU-MELINKA-1-1-768x576.jpg 768w, https:\/\/radiorevelacionfm.cl\/wp-content\/uploads\/2025\/06\/FOTO-REU-MELINKA-1-1-705x529.jpg 705w, https:\/\/radiorevelacionfm.cl\/wp-content\/uploads\/2025\/06\/FOTO-REU-MELINKA-1-1-450x338.jpg 450w, https:\/\/radiorevelacionfm.cl\/wp-content\/uploads\/2025\/06\/FOTO-REU-MELINKA-1-1-600x450.jpg 600w\" sizes=\"(max-width: 800px) 100vw, 800px\" \/><\/div><\/div><\/div><\/div><div class=\"flex_column av_one_full  flex_column_div av-zero-column-padding first  avia-builder-el-2  el_after_av_one_full  el_before_av_one_full  column-top-margin\" style='border-radius:0px; '><section class=\"av_textblock_section \"  itemscope=\"itemscope\" itemtype=\"https:\/\/schema.org\/BlogPosting\" itemprop=\"blogPost\" ><div class='avia_textblock  '   itemprop=\"text\" ><p style=\"text-align: center;\"><span style=\"font-size: 18pt;\"><b>Subsecretario de Pesca se abre a posibilidad de diversificaci\u00f3n productiva de recursos bent\u00f3nicos en Melinka\u00a0<\/b><\/span><\/p>\n<div id=\"gtx-trans\" style=\"position: absolute; left: -50px; top: 4.31534px;\">\n<div class=\"gtx-trans-icon\"><\/div>\n<\/div>\n<\/div><\/section><\/div><div class=\"flex_column av_one_full  flex_column_div av-zero-column-padding first  avia-builder-el-4  el_after_av_one_full  el_before_av_hr  column-top-margin\" style='border-radius:0px; '><section class=\"av_textblock_section \"  itemscope=\"itemscope\" itemtype=\"https:\/\/schema.org\/BlogPosting\" itemprop=\"blogPost\" ><div class='avia_textblock  '   itemprop=\"text\" ><div style=\"text-align: justify;\"><em>Tras gestiones de dirigentes, autoridades locales y los diputados Calisto y Raphael, Julio Salas asegur\u00f3 que generar\u00e1n una l\u00ednea de trabajo a corto plazo con miras a la diversificaci\u00f3n.\u00a0<\/em><\/div>\n<div style=\"text-align: justify;\"><b>\u00a0<\/b><\/div>\n<div style=\"text-align: justify;\">Esta semana una gran comitiva proveniente del archipi\u00e9lago de las Guaitecas lleg\u00f3 al Congreso Nacional con la intenci\u00f3n de plantearle a los parlamentarios regionales y autoridades nacionales la necesidad de diversificar las especies que se pueden extraer en esa comuna.<\/div>\n<div style=\"text-align: justify;\"><\/div>\n<div style=\"text-align: justify;\">Si hablamos de recursos bent\u00f3nicos, actualmente en Melinka los pescadores artesanales y extractores de recursos bent\u00f3nicos pueden extraer luga y erizo, lo que ha generado una serie de problemas sociales y el empobrecimiento de la poblaci\u00f3n, quienes en cerca de un 80% dependen de los recursos del mar.<\/div>\n<div style=\"text-align: justify;\"><\/div>\n<div style=\"text-align: justify;\">Ante esto, los diputados Miguel \u00c1ngel Calisto y Marcia Raphael gestionaron una reuni\u00f3n con el Subsecretario de Pesca y el Ministro de Econom\u00eda. Fue en esa instancia donde las autoridades nacionales se abrieron a la posibilidad de permitir la extracci\u00f3n de otros recursos marinos en este sector del litoral aysenino.<\/div>\n<div style=\"text-align: justify;\"><\/div>\n<div style=\"text-align: justify;\">Seg\u00fan el Subsecretario de Pesca, Julio Salas, \u00abestuvimos conversando en una muy buena reuni\u00f3n cu\u00e1les son las dificultades que tiene Guaitecas por la falta de diversificaci\u00f3n productiva, la dependencia que tiene de dos recursos, la Luga y el Erizo, y hemos visto que existe efectivamente la posibilidad de diversificar a otras especies y por lo tanto vamos a generar una l\u00ednea de trabajo de muy corto plazo para poder resolver la apertura de algunos recursos a quienes est\u00e1n efectivamente desarrollando la actividad\u00bb.<\/div>\n<div style=\"text-align: justify;\"><\/div>\n<div style=\"text-align: justify;\">Carlos Ruiz, dirigente de la pesca artesanal de Melinka, indic\u00f3 que \u00abagradecer a los dos diputados que est\u00e1n aqu\u00ed presentes por estas reuniones que\u00a0 organizaron, tambi\u00e9n al subsecretario de Pesca y al ministro que estuvo presente en el momento, porque hoy d\u00eda se logr\u00f3 algo importante que no se hab\u00eda hecho en bastantes a\u00f1os. Bastantes administraciones han tratado de trabajar con esto sobre la diversificaci\u00f3n productiva en Guaitecas, pero no hab\u00edamos llegado a acuerdos y tampoco se hab\u00eda logrado lo que se logr\u00f3 hoy\u00bb.<\/div>\n<div style=\"text-align: justify;\"><\/div>\n<div style=\"text-align: justify;\">Ante esto, el diputado Calisto se\u00f1al\u00f3 que \u00abtuvimos una muy buena reuni\u00f3n con el\u00a0 subsecretario de Pesca quien tuvo la disposici\u00f3n para poder permitir la apertura respecto de la explotaci\u00f3n de nuevos recursos. Hoy d\u00eda Melinka y el archipi\u00e9lago de las Guaitecas subsiste solamente con la luga y el erizo y evidentemente eso es imposible sostener en el tiempo.\u00a0 El empobrecimiento de la localidad es visible y por eso hoy d\u00eda las autoridades y los dirigentes presentes hemos levantado este tema\u00bb.<\/div>\n<div style=\"text-align: justify;\"><\/div>\n<div style=\"text-align: justify;\">Por su parte, Marcia Raphael indic\u00f3 que \u00abcreemos que ha sido una muy buena reuni\u00f3n, el subsecretario estuvo bastante abierto a recibir la solicitud, pero, adem\u00e1s de eso, creo que es sumamente importante lo que se est\u00e1 gestando ahora, que es la asociatividad de los pescadores. Que ellos se hayan puesto de acuerdo y que vengan para plantear una sola propuesta, creo que es sumamente importante. Hoy d\u00eda ellos tienen muchos problemas con los dos productos que tienen para la pesca, que es el erizo y la luga, y hoy d\u00eda han decidido tambi\u00e9n abrirse a nuevas instancias de productividad con otros productos del mar. El subsecretario se comprometi\u00f3 a darles una respuesta prontamente sobre cu\u00e1les ser\u00edan los productos a los cuales podr\u00edan acceder\u00bb.<\/div>\n<div style=\"text-align: justify;\"><\/div>\n<div style=\"text-align: justify;\">El alcalde de Melinka, Bans Puinao, se\u00f1al\u00f3 que \u00bb\u00a0se asumieron compromisos, sobre todo en la parte de la pesca artesanal, que es fundamental para la Comunidad de Guaitecas. M\u00e1s del 80% de la econom\u00eda es liderada por la pesca artesanal. Hablamos de diversificaci\u00f3n de productos y tambi\u00e9n otros compromisos que vamos a generar a corto, mediano y largo plazo. As\u00ed que estamos muy contentos, Agradecer enormemente tambi\u00e9n a nuestros parlamentarios, quienes hicieron posible tambi\u00e9n esta reuni\u00f3n\u00bb.<\/div>\n<div><\/div>\n<div>La concejala de Melinka, Tamara Chiguay, indic\u00f3 que \u00abllevamos muy buenas noticias con la apertura de nuevos recursos con lo que se comprometi\u00f3 el subsecretario, as\u00ed que feliz por recoger el trabajo que llevamos realizando con la Comisi\u00f3n Pesca hace varios meses\u00bb.<\/div>\n<div><\/div>\n<div>Finalmente, el concejal Pablo Soto, quien indic\u00f3 que \u00abnos vamos muy contentos por la recepci\u00f3n, primero que todo, de nuestras autoridades, por el respaldo que hemos tenido de nuestros diputados, estamos muy contentos porque fuimos escuchados, llevamos buenas noticias, lo mejor de todo es el compromiso que hizo el subsecretario con nosotros\u00bb.<\/div>\n<\/div><\/section><\/div><div  style='height:50px' class='hr hr-invisible   avia-builder-el-6  el_after_av_one_full  el_before_av_social_share '><span class='hr-inner ' ><span class='hr-inner-style'><\/span><\/span><\/div><\/p>\n<div  class='av-social-sharing-box  avia-builder-el-7  el_after_av_hr  el_before_av_hr  '><div class='av-share-box'><h5 class='av-share-link-description av-no-toc '>Compartir esta noticia<\/h5><ul class='av-share-box-list noLightbox'><li class='av-share-link av-social-link-facebook' ><a target=\"_blank\" aria-label=\"Compartir en Facebook\" href='https:\/\/www.facebook.com\/sharer.php?u=https:\/\/radiorevelacionfm.cl\/?p=55223&#038;t=Subsecretario%20de%20Pesca%20se%20abre%20a%20posibilidad%20de%20diversificaci%C3%B3n%20productiva%20de%20recursos%20bent%C3%B3nicos%20en%20Melinka' aria-hidden='false' data-av_icon='\ue8f3' data-av_iconfont='entypo-fontello' title='' data-avia-related-tooltip='Compartir en Facebook' rel=\"noopener\"><span class='avia_hidden_link_text'>Compartir en Facebook<\/span><\/a><\/li><li class='av-share-link av-social-link-twitter' ><a target=\"_blank\" aria-label=\"Compartir en Twitter\" href='https:\/\/twitter.com\/share?text=Subsecretario%20de%20Pesca%20se%20abre%20a%20posibilidad%20de%20diversificaci%C3%B3n%20productiva%20de%20recursos%20bent%C3%B3nicos%20en%20Melinka&#038;url=https:\/\/radiorevelacionfm.cl\/?p=55223' aria-hidden='false' data-av_icon='\ue8f1' data-av_iconfont='entypo-fontello' title='' data-avia-related-tooltip='Compartir en Twitter' rel=\"noopener\"><span class='avia_hidden_link_text'>Compartir en Twitter<\/span><\/a><\/li><li class='av-share-link av-social-link-whatsapp' ><a target=\"_blank\" aria-label=\"Compartir en Whatsapp\" href='https:\/\/api.whatsapp.com\/send?text=https:\/\/radiorevelacionfm.cl\/?p=55223' aria-hidden='false' data-av_icon='\uf232' data-av_iconfont='entypo-fontello' title='' data-avia-related-tooltip='Compartir en Whatsapp' rel=\"noopener\"><span class='avia_hidden_link_text'>Compartir en Whatsapp<\/span><\/a><\/li><li class='av-share-link av-social-link-linkedin' ><a target=\"_blank\" aria-label=\"Compartir en LinkedIn\" href='https:\/\/linkedin.com\/shareArticle?mini=true&#038;title=Subsecretario%20de%20Pesca%20se%20abre%20a%20posibilidad%20de%20diversificaci%C3%B3n%20productiva%20de%20recursos%20bent%C3%B3nicos%20en%20Melinka&#038;url=https:\/\/radiorevelacionfm.cl\/?p=55223' aria-hidden='false' data-av_icon='\ue8fc' data-av_iconfont='entypo-fontello' title='' data-avia-related-tooltip='Compartir en LinkedIn' rel=\"noopener\"><span class='avia_hidden_link_text'>Compartir en LinkedIn<\/span><\/a><\/li><li class='av-share-link av-social-link-mail' ><a  aria-label=\"Compartir por correo\" href='mailto:?subject=Subsecretario%20de%20Pesca%20se%20abre%20a%20posibilidad%20de%20diversificaci%C3%B3n%20productiva%20de%20recursos%20bent%C3%B3nicos%20en%20Melinka&#038;body=https:\/\/radiorevelacionfm.cl\/?p=55223' aria-hidden='false' data-av_icon='\ue805' data-av_iconfont='entypo-fontello' title='' data-avia-related-tooltip='Compartir por correo'><span class='avia_hidden_link_text'>Compartir por correo<\/span><\/a><\/li><\/ul><\/div><\/div>\n<div  style='height:50px' class='hr hr-invisible   avia-builder-el-8  el_after_av_social_share  el_before_av_comments_list '><span class='hr-inner ' ><span class='hr-inner-style'><\/span><\/span><\/div>\n<div  class='av-buildercomment  av-blog-meta-html-info-disabled av-blog-meta-tag-disabled  '><\/div>\n","protected":false},"excerpt":{"rendered":"","protected":false},"author":1,"featured_media":55224,"comment_status":"closed","ping_status":"closed","sticky":false,"template":"","format":"standard","meta":{"footnotes":""},"categories":[60],"tags":[],"class_list":["post-55223","post","type-post","status-publish","format-standard","has-post-thumbnail","hentry","category-pesca"],"jetpack_featured_media_url":"https:\/\/radiorevelacionfm.cl\/wp-content\/uploads\/2025\/06\/FOTO-REU-MELINKA-1-1.jpg","_links":{"self":[{"href":"https:\/\/radiorevelacionfm.cl\/index.php?rest_route=\/wp\/v2\/posts\/55223","targetHints":{"allow":["GET"]}}],"collection":[{"href":"https:\/\/radiorevelacionfm.cl\/index.php?rest_route=\/wp\/v2\/posts"}],"about":[{"href":"https:\/\/radiorevelacionfm.cl\/index.php?rest_route=\/wp\/v2\/types\/post"}],"author":[{"embeddable":true,"href":"https:\/\/radiorevelacionfm.cl\/index.php?rest_route=\/wp\/v2\/users\/1"}],"replies":[{"embeddable":true,"href":"https:\/\/radiorevelacionfm.cl\/index.php?rest_route=%2Fwp%2Fv2%2Fcomments&post=55223"}],"version-history":[{"count":2,"href":"https:\/\/radiorevelacionfm.cl\/index.php?rest_route=\/wp\/v2\/posts\/55223\/revisions"}],"predecessor-version":[{"id":55235,"href":"https:\/\/radiorevelacionfm.cl\/index.php?rest_route=\/wp\/v2\/posts\/55223\/revisions\/55235"}],"wp:featuredmedia":[{"embeddable":true,"href":"https:\/\/radiorevelacionfm.cl\/index.php?rest_route=\/wp\/v2\/media\/55224"}],"wp:attachment":[{"href":"https:\/\/radiorevelacionfm.cl\/index.php?rest_route=%2Fwp%2Fv2%2Fmedia&parent=55223"}],"wp:term":[{"taxonomy":"category","embeddable":true,"href":"https:\/\/radiorevelacionfm.cl\/index.php?rest_route=%2Fwp%2Fv2%2Fcategories&post=55223"},{"taxonomy":"post_tag","embeddable":true,"href":"https:\/\/radiorevelacionfm.cl\/index.php?rest_route=%2Fwp%2Fv2%2Ftags&post=55223"}],"curies":[{"name":"wp","href":"https:\/\/api.w.org\/{rel}","templated":true}]}}