{"id":55216,"date":"2025-06-13T14:30:29","date_gmt":"2025-06-13T17:30:29","guid":{"rendered":"https:\/\/radiorevelacionfm.cl\/?p=55216"},"modified":"2025-06-13T14:30:29","modified_gmt":"2025-06-13T17:30:29","slug":"en-prision-preventiva-imputado-por-desacato-y-violacion-de-morada","status":"publish","type":"post","link":"https:\/\/radiorevelacionfm.cl\/?p=55216","title":{"rendered":"En prisi\u00f3n preventiva imputado por desacato y violaci\u00f3n de morada"},"content":{"rendered":"<div class=\"flex_column av_one_full  flex_column_div av-zero-column-padding first  avia-builder-el-0  el_before_av_one_full  avia-builder-el-first  \" style='border-radius:0px; '><div  class='avia-image-container  av-styling-    avia-builder-el-1  avia-builder-el-no-sibling  avia-align-center '  itemprop=\"image\" itemscope=\"itemscope\" itemtype=\"https:\/\/schema.org\/ImageObject\"  ><div class='avia-image-container-inner'><div class='avia-image-overlay-wrap'><img decoding=\"async\" class='wp-image-55217 avia-img-lazy-loading-not-55217 avia_image' src=\"https:\/\/radiorevelacionfm.cl\/wp-content\/uploads\/2025\/06\/Jose_Patricio3-1-1.jpg\" alt='' title='Jose_Patricio3 (1) (1)' height=\"600\" width=\"900\"  itemprop=\"thumbnailUrl\" srcset=\"https:\/\/radiorevelacionfm.cl\/wp-content\/uploads\/2025\/06\/Jose_Patricio3-1-1.jpg 900w, https:\/\/radiorevelacionfm.cl\/wp-content\/uploads\/2025\/06\/Jose_Patricio3-1-1-300x200.jpg 300w, https:\/\/radiorevelacionfm.cl\/wp-content\/uploads\/2025\/06\/Jose_Patricio3-1-1-768x512.jpg 768w, https:\/\/radiorevelacionfm.cl\/wp-content\/uploads\/2025\/06\/Jose_Patricio3-1-1-705x470.jpg 705w, https:\/\/radiorevelacionfm.cl\/wp-content\/uploads\/2025\/06\/Jose_Patricio3-1-1-450x300.jpg 450w, https:\/\/radiorevelacionfm.cl\/wp-content\/uploads\/2025\/06\/Jose_Patricio3-1-1-600x400.jpg 600w\" sizes=\"(max-width: 900px) 100vw, 900px\" \/><\/div><\/div><\/div><\/div><div class=\"flex_column av_one_full  flex_column_div av-zero-column-padding first  avia-builder-el-2  el_after_av_one_full  el_before_av_one_full  column-top-margin\" style='border-radius:0px; '><section class=\"av_textblock_section \"  itemscope=\"itemscope\" itemtype=\"https:\/\/schema.org\/BlogPosting\" itemprop=\"blogPost\" ><div class='avia_textblock  '   itemprop=\"text\" ><p style=\"text-align: center;\"><span style=\"font-size: 18pt;\"><b>En prisi\u00f3n preventiva imputado por desacato y violaci\u00f3n de morada<\/b><\/span><\/p>\n<div id=\"gtx-trans\" style=\"position: absolute; left: -50px; top: 4.31534px;\">\n<div class=\"gtx-trans-icon\"><\/div>\n<\/div>\n<\/div><\/section><\/div><div class=\"flex_column av_one_full  flex_column_div av-zero-column-padding first  avia-builder-el-4  el_after_av_one_full  el_before_av_hr  column-top-margin\" style='border-radius:0px; '><section class=\"av_textblock_section \"  itemscope=\"itemscope\" itemtype=\"https:\/\/schema.org\/BlogPosting\" itemprop=\"blogPost\" ><div class='avia_textblock  '   itemprop=\"text\" ><p class=\"v1MsoNormal\" style=\"text-align: justify;\"><em>Sujeto hab\u00eda agredido anteriormente a su madre.<\/em><\/p>\n<p class=\"v1MsoNormal\" style=\"text-align: justify;\">El Ministerio P\u00fablico formaliz\u00f3 una investigaci\u00f3n en contra de un imputado de 19 a\u00f1os, por los delitos de desacato y violaci\u00f3n de morada. Los hechos se originaron luego de que el sujeto incumpliera una medida cautelar vigente en favor de la v\u00edctima, en este caso su madre, dictada en el contexto de una causa por lesiones menos graves. El imputado fue detenido por funcionarios de Carabineros de la Primera Comisar\u00eda de Coyhaique.<\/p>\n<p class=\"v1MsoNormal\" style=\"text-align: justify;\">Seg\u00fan explic\u00f3 el abogado asistente de la Fiscal\u00eda Local de Coyhaique, Jos\u00e9 Patricio Rivas, \u201cel d\u00eda 11 junio del 2025, el Ministerio P\u00fablico formaliz\u00f3 la investigaci\u00f3n en contra de un imputado de 19 a\u00f1os por el delito de desacato y violaci\u00f3n de morada, esto debido a que d\u00edas anteriores el imputado hab\u00eda sido notificado de una medida cautelar en favor, en este caso de la v\u00edctima, que viene a ser su madre por el delito de lesiones menos graves\u201d.<\/p>\n<p class=\"v1MsoNormal\" style=\"text-align: justify;\">Rivas agreg\u00f3 que \u201cesta medida cautelar consist\u00eda en la prohibici\u00f3n de acercamiento del imputado a su madre y en virtud de ello, en este caso, el imputado incumpli\u00f3 dicha medida cautelar, pasando a control de detenci\u00f3n por los delitos de desacato y violaci\u00f3n de morada\u201d.<\/p>\n<p class=\"v1MsoNormal\" style=\"text-align: justify;\">Frente a esta situaci\u00f3n, el Ministerio P\u00fablico solicit\u00f3 al Juzgado de Garant\u00eda la medida cautelar de prisi\u00f3n preventiva. \u201cSolicitamos la medida cautelar m\u00e1s gravosa que figura en nuestro ordenamiento jur\u00eddico, lo que es la prisi\u00f3n preventiva, ponderando dicha situaci\u00f3n de que el imputado incumpl\u00eda y no acataba las decisiones del Tribunal\u201d, detall\u00f3 el abogado.<\/p>\n<p class=\"v1MsoNormal\" style=\"text-align: justify;\">El tribunal acogi\u00f3 la solicitud de la Fiscal\u00eda, decretando la prisi\u00f3n preventiva del imputado mientras dure la investigaci\u00f3n cuyo plazo fue fijado en 60 d\u00edas.<\/p>\n<\/div><\/section><\/div><div  style='height:50px' class='hr hr-invisible   avia-builder-el-6  el_after_av_one_full  el_before_av_social_share '><span class='hr-inner ' ><span class='hr-inner-style'><\/span><\/span><\/div><\/p>\n<div  class='av-social-sharing-box  avia-builder-el-7  el_after_av_hr  el_before_av_hr  '><div class='av-share-box'><h5 class='av-share-link-description av-no-toc '>Compartir esta noticia<\/h5><ul class='av-share-box-list noLightbox'><li class='av-share-link av-social-link-facebook' ><a target=\"_blank\" aria-label=\"Compartir en Facebook\" href='https:\/\/www.facebook.com\/sharer.php?u=https:\/\/radiorevelacionfm.cl\/?p=55216&#038;t=En%20prisi%C3%B3n%20preventiva%20imputado%20por%20desacato%20y%20violaci%C3%B3n%20de%20morada' aria-hidden='false' data-av_icon='\ue8f3' data-av_iconfont='entypo-fontello' title='' data-avia-related-tooltip='Compartir en Facebook' rel=\"noopener\"><span class='avia_hidden_link_text'>Compartir en Facebook<\/span><\/a><\/li><li class='av-share-link av-social-link-twitter' ><a target=\"_blank\" aria-label=\"Compartir en Twitter\" href='https:\/\/twitter.com\/share?text=En%20prisi%C3%B3n%20preventiva%20imputado%20por%20desacato%20y%20violaci%C3%B3n%20de%20morada&#038;url=https:\/\/radiorevelacionfm.cl\/?p=55216' aria-hidden='false' data-av_icon='\ue8f1' data-av_iconfont='entypo-fontello' title='' data-avia-related-tooltip='Compartir en Twitter' rel=\"noopener\"><span class='avia_hidden_link_text'>Compartir en Twitter<\/span><\/a><\/li><li class='av-share-link av-social-link-whatsapp' ><a target=\"_blank\" aria-label=\"Compartir en Whatsapp\" href='https:\/\/api.whatsapp.com\/send?text=https:\/\/radiorevelacionfm.cl\/?p=55216' aria-hidden='false' data-av_icon='\uf232' data-av_iconfont='entypo-fontello' title='' data-avia-related-tooltip='Compartir en Whatsapp' rel=\"noopener\"><span class='avia_hidden_link_text'>Compartir en Whatsapp<\/span><\/a><\/li><li class='av-share-link av-social-link-linkedin' ><a target=\"_blank\" aria-label=\"Compartir en LinkedIn\" href='https:\/\/linkedin.com\/shareArticle?mini=true&#038;title=En%20prisi%C3%B3n%20preventiva%20imputado%20por%20desacato%20y%20violaci%C3%B3n%20de%20morada&#038;url=https:\/\/radiorevelacionfm.cl\/?p=55216' aria-hidden='false' data-av_icon='\ue8fc' data-av_iconfont='entypo-fontello' title='' data-avia-related-tooltip='Compartir en LinkedIn' rel=\"noopener\"><span class='avia_hidden_link_text'>Compartir en LinkedIn<\/span><\/a><\/li><li class='av-share-link av-social-link-mail' ><a  aria-label=\"Compartir por correo\" href='mailto:?subject=En%20prisi%C3%B3n%20preventiva%20imputado%20por%20desacato%20y%20violaci%C3%B3n%20de%20morada&#038;body=https:\/\/radiorevelacionfm.cl\/?p=55216' aria-hidden='false' data-av_icon='\ue805' data-av_iconfont='entypo-fontello' title='' data-avia-related-tooltip='Compartir por correo'><span class='avia_hidden_link_text'>Compartir por correo<\/span><\/a><\/li><\/ul><\/div><\/div>\n<div  style='height:50px' class='hr hr-invisible   avia-builder-el-8  el_after_av_social_share  el_before_av_comments_list '><span class='hr-inner ' ><span class='hr-inner-style'><\/span><\/span><\/div>\n<div  class='av-buildercomment  av-blog-meta-html-info-disabled av-blog-meta-tag-disabled  '><\/div>\n","protected":false},"excerpt":{"rendered":"","protected":false},"author":1,"featured_media":55217,"comment_status":"closed","ping_status":"closed","sticky":false,"template":"","format":"standard","meta":{"footnotes":""},"categories":[36],"tags":[],"class_list":["post-55216","post","type-post","status-publish","format-standard","has-post-thumbnail","hentry","category-policial"],"jetpack_featured_media_url":"https:\/\/radiorevelacionfm.cl\/wp-content\/uploads\/2025\/06\/Jose_Patricio3-1-1.jpg","_links":{"self":[{"href":"https:\/\/radiorevelacionfm.cl\/index.php?rest_route=\/wp\/v2\/posts\/55216","targetHints":{"allow":["GET"]}}],"collection":[{"href":"https:\/\/radiorevelacionfm.cl\/index.php?rest_route=\/wp\/v2\/posts"}],"about":[{"href":"https:\/\/radiorevelacionfm.cl\/index.php?rest_route=\/wp\/v2\/types\/post"}],"author":[{"embeddable":true,"href":"https:\/\/radiorevelacionfm.cl\/index.php?rest_route=\/wp\/v2\/users\/1"}],"replies":[{"embeddable":true,"href":"https:\/\/radiorevelacionfm.cl\/index.php?rest_route=%2Fwp%2Fv2%2Fcomments&post=55216"}],"version-history":[{"count":2,"href":"https:\/\/radiorevelacionfm.cl\/index.php?rest_route=\/wp\/v2\/posts\/55216\/revisions"}],"predecessor-version":[{"id":55219,"href":"https:\/\/radiorevelacionfm.cl\/index.php?rest_route=\/wp\/v2\/posts\/55216\/revisions\/55219"}],"wp:featuredmedia":[{"embeddable":true,"href":"https:\/\/radiorevelacionfm.cl\/index.php?rest_route=\/wp\/v2\/media\/55217"}],"wp:attachment":[{"href":"https:\/\/radiorevelacionfm.cl\/index.php?rest_route=%2Fwp%2Fv2%2Fmedia&parent=55216"}],"wp:term":[{"taxonomy":"category","embeddable":true,"href":"https:\/\/radiorevelacionfm.cl\/index.php?rest_route=%2Fwp%2Fv2%2Fcategories&post=55216"},{"taxonomy":"post_tag","embeddable":true,"href":"https:\/\/radiorevelacionfm.cl\/index.php?rest_route=%2Fwp%2Fv2%2Ftags&post=55216"}],"curies":[{"name":"wp","href":"https:\/\/api.w.org\/{rel}","templated":true}]}}