{"id":55208,"date":"2025-06-13T14:56:57","date_gmt":"2025-06-13T17:56:57","guid":{"rendered":"https:\/\/radiorevelacionfm.cl\/?p=55208"},"modified":"2025-06-13T14:56:57","modified_gmt":"2025-06-13T17:56:57","slug":"edelaysen-dicta-charla-sobre-seguridad-electrica-a-trabajadores-de-ampliacion-del-aeropuerto-de-balmaceda","status":"publish","type":"post","link":"https:\/\/radiorevelacionfm.cl\/?p=55208","title":{"rendered":"Edelaysen dicta charla sobre seguridad el\u00e9ctrica a trabajadores de ampliaci\u00f3n del aeropuerto de Balmaceda"},"content":{"rendered":"<div class=\"flex_column av_one_full  flex_column_div av-zero-column-padding first  avia-builder-el-0  el_before_av_one_full  avia-builder-el-first  \" style='border-radius:0px; '><div  class='avia-image-container  av-styling-    avia-builder-el-1  avia-builder-el-no-sibling  avia-align-center '  itemprop=\"image\" itemscope=\"itemscope\" itemtype=\"https:\/\/schema.org\/ImageObject\"  ><div class='avia-image-container-inner'><div class='avia-image-overlay-wrap'><img decoding=\"async\" class='wp-image-55209 avia-img-lazy-loading-not-55209 avia_image' src=\"https:\/\/radiorevelacionfm.cl\/wp-content\/uploads\/2025\/06\/Charla-Mira-para-Arriba1-1-1.jpeg\" alt='' title='Charla Mira para Arriba1 (1) (1)' height=\"600\" width=\"800\"  itemprop=\"thumbnailUrl\" srcset=\"https:\/\/radiorevelacionfm.cl\/wp-content\/uploads\/2025\/06\/Charla-Mira-para-Arriba1-1-1.jpeg 800w, https:\/\/radiorevelacionfm.cl\/wp-content\/uploads\/2025\/06\/Charla-Mira-para-Arriba1-1-1-300x225.jpeg 300w, https:\/\/radiorevelacionfm.cl\/wp-content\/uploads\/2025\/06\/Charla-Mira-para-Arriba1-1-1-768x576.jpeg 768w, https:\/\/radiorevelacionfm.cl\/wp-content\/uploads\/2025\/06\/Charla-Mira-para-Arriba1-1-1-705x529.jpeg 705w, https:\/\/radiorevelacionfm.cl\/wp-content\/uploads\/2025\/06\/Charla-Mira-para-Arriba1-1-1-450x338.jpeg 450w, https:\/\/radiorevelacionfm.cl\/wp-content\/uploads\/2025\/06\/Charla-Mira-para-Arriba1-1-1-600x450.jpeg 600w\" sizes=\"(max-width: 800px) 100vw, 800px\" \/><\/div><\/div><\/div><\/div><div class=\"flex_column av_one_full  flex_column_div av-zero-column-padding first  avia-builder-el-2  el_after_av_one_full  el_before_av_one_full  column-top-margin\" style='border-radius:0px; '><section class=\"av_textblock_section \"  itemscope=\"itemscope\" itemtype=\"https:\/\/schema.org\/BlogPosting\" itemprop=\"blogPost\" ><div class='avia_textblock  '   itemprop=\"text\" ><p style=\"text-align: center;\"><span style=\"font-size: 18pt;\"><strong>Edelaysen dicta charla sobre seguridad el\u00e9ctrica a trabajadores de ampliaci\u00f3n del aeropuerto de Balmaceda<\/strong><\/span><\/p>\n<div id=\"gtx-trans\" style=\"position: absolute; left: -50px; top: 4.31534px;\">\n<div class=\"gtx-trans-icon\"><\/div>\n<\/div>\n<\/div><\/section><\/div><div class=\"flex_column av_one_full  flex_column_div av-zero-column-padding first  avia-builder-el-4  el_after_av_one_full  el_before_av_hr  column-top-margin\" style='border-radius:0px; '><section class=\"av_textblock_section \"  itemscope=\"itemscope\" itemtype=\"https:\/\/schema.org\/BlogPosting\" itemprop=\"blogPost\" ><div class='avia_textblock  '   itemprop=\"text\" ><p style=\"text-align: justify;\"><em>A trav\u00e9s del programa \u201cMira para Arriba\u201d, la el\u00e9ctrica inici\u00f3 un nuevo ciclo de charlas preventivas para empresas que ejecutan proyectos en la regi\u00f3n de Ays\u00e9n.<\/em><\/p>\n<p style=\"text-align: justify;\">Esta semana Edelaysen inici\u00f3 un nuevo ciclo de su programa \u201cMira para Arriba\u201d, orientada en la prevenci\u00f3n de riesgos y la seguridad de quienes desarrollan obras en la regi\u00f3n. De acuerdo con ello, se dirigi\u00f3 una charla a aproximadamente 100 trabajadores que participan en las faenas de ampliaci\u00f3n del aeropuerto de Balmaceda.<\/p>\n<p style=\"text-align: justify;\">Durante la actividad, se entregaron recomendaciones clave para trabajar de forma segura cerca de redes el\u00e9ctricas, reconociendo zonas de riesgo, distancias m\u00ednimas de seguridad y medidas de precauci\u00f3n ante tareas que involucren maquinaria o elementos que pudieran entrar en contacto con las l\u00edneas.<\/p>\n<p style=\"text-align: justify;\">Yasna Vera, ejecutiva de relacionamiento de Edelaysen destac\u00f3 sobre la actividad qu\u00e9: \u201cen Edelaysen nos preocupa que quienes trabajan en obras cercanas a nuestras redes el\u00e9ctricas tengan la informaci\u00f3n necesaria para prevenir accidentes. El programa \u201cMira para Arriba\u201d busca justamente eso, generar conciencia, entregar recomendaciones claras y proteger la vida de las personas. Es por ello, que estamos muy agradecidos por el espacio que se nos brind\u00f3 junto a los trabajadores de la ampliaci\u00f3n del aeropuerto, que busca generar conciencia respecto de esta importante tem\u00e1tica\u201d.<\/p>\n<p style=\"text-align: justify;\">Cabe destacar, que este programa tiene como prop\u00f3sito informar y educar sobre los riesgos el\u00e9ctricos que pueden presentarse al ejecutar labores en proximidad de tendido el\u00e9ctrico, promoviendo la prevenci\u00f3n de accidentes.<\/p>\n<p style=\"text-align: justify;\">Sandra Rosas de Construcciones Urales Chile indic\u00f3 que: \u201cLa charla estuvo s\u00faper interesante porque muchas personas trabajan cerca de las l\u00edneas el\u00e9ctricas, ya sea en alta tensi\u00f3n y media tensi\u00f3n y no conocen los riesgos que significa estar ah\u00ed y muchas veces cometen acciones inseguras. Por eso es importante esta charla, porque te da a conocer muchos puntos relacionados con las medidas preventivas que debemos tener, tanto en la construcci\u00f3n cuando estamos trabajando y tambi\u00e9n en la casa, en cosas tan comunes como la limpieza de los ductos de humo, que muchas veces pasan accidentes por desconocimiento\u201d.<\/p>\n<p style=\"text-align: justify;\">En tal sentido, este programa ofrece charlas gratuitas a la comunidad, empresas y gremios que trabajan cerca de instalaciones el\u00e9ctricas, con el fin de crear una cultura preventiva y reducir accidentes laborales. A los participantes se les entregaron herramientas claras y aplicables en terreno, adaptadas al contexto espec\u00edfico de las faenas de construcci\u00f3n.<\/p>\n<p style=\"text-align: justify;\">Desde Edelaysen destacaron que este ciclo seguir\u00e1 recorriendo distintos puntos de la regi\u00f3n, con visitas a distintas obras y empresas, para reforzar el mensaje de seguridad frente a riesgos el\u00e9ctricos.<\/p>\n<p style=\"text-align: justify;\"><strong>\u00a0<\/strong><\/p>\n<p style=\"text-align: justify;\"><strong>\u00a0<\/strong><\/p>\n<p><strong>\u00a0<\/strong><\/p>\n<\/div><\/section><\/div><div  style='height:50px' class='hr hr-invisible   avia-builder-el-6  el_after_av_one_full  el_before_av_social_share '><span class='hr-inner ' ><span class='hr-inner-style'><\/span><\/span><\/div><\/p>\n<div  class='av-social-sharing-box  avia-builder-el-7  el_after_av_hr  el_before_av_hr  '><div class='av-share-box'><h5 class='av-share-link-description av-no-toc '>Compartir esta noticia<\/h5><ul class='av-share-box-list noLightbox'><li class='av-share-link av-social-link-facebook' ><a target=\"_blank\" aria-label=\"Compartir en Facebook\" href='https:\/\/www.facebook.com\/sharer.php?u=https:\/\/radiorevelacionfm.cl\/?p=55208&#038;t=Edelaysen%20dicta%20charla%20sobre%20seguridad%20el%C3%A9ctrica%20a%20trabajadores%20de%20ampliaci%C3%B3n%20del%20aeropuerto%20de%20Balmaceda' aria-hidden='false' data-av_icon='\ue8f3' data-av_iconfont='entypo-fontello' title='' data-avia-related-tooltip='Compartir en Facebook' rel=\"noopener\"><span class='avia_hidden_link_text'>Compartir en Facebook<\/span><\/a><\/li><li class='av-share-link av-social-link-twitter' ><a target=\"_blank\" aria-label=\"Compartir en Twitter\" href='https:\/\/twitter.com\/share?text=Edelaysen%20dicta%20charla%20sobre%20seguridad%20el%C3%A9ctrica%20a%20trabajadores%20de%20ampliaci%C3%B3n%20del%20aeropuerto%20de%20Balmaceda&#038;url=https:\/\/radiorevelacionfm.cl\/?p=55208' aria-hidden='false' data-av_icon='\ue8f1' data-av_iconfont='entypo-fontello' title='' data-avia-related-tooltip='Compartir en Twitter' rel=\"noopener\"><span class='avia_hidden_link_text'>Compartir en Twitter<\/span><\/a><\/li><li class='av-share-link av-social-link-whatsapp' ><a target=\"_blank\" aria-label=\"Compartir en Whatsapp\" href='https:\/\/api.whatsapp.com\/send?text=https:\/\/radiorevelacionfm.cl\/?p=55208' aria-hidden='false' data-av_icon='\uf232' data-av_iconfont='entypo-fontello' title='' data-avia-related-tooltip='Compartir en Whatsapp' rel=\"noopener\"><span class='avia_hidden_link_text'>Compartir en Whatsapp<\/span><\/a><\/li><li class='av-share-link av-social-link-linkedin' ><a target=\"_blank\" aria-label=\"Compartir en LinkedIn\" href='https:\/\/linkedin.com\/shareArticle?mini=true&#038;title=Edelaysen%20dicta%20charla%20sobre%20seguridad%20el%C3%A9ctrica%20a%20trabajadores%20de%20ampliaci%C3%B3n%20del%20aeropuerto%20de%20Balmaceda&#038;url=https:\/\/radiorevelacionfm.cl\/?p=55208' aria-hidden='false' data-av_icon='\ue8fc' data-av_iconfont='entypo-fontello' title='' data-avia-related-tooltip='Compartir en LinkedIn' rel=\"noopener\"><span class='avia_hidden_link_text'>Compartir en LinkedIn<\/span><\/a><\/li><li class='av-share-link av-social-link-mail' ><a  aria-label=\"Compartir por correo\" href='mailto:?subject=Edelaysen%20dicta%20charla%20sobre%20seguridad%20el%C3%A9ctrica%20a%20trabajadores%20de%20ampliaci%C3%B3n%20del%20aeropuerto%20de%20Balmaceda&#038;body=https:\/\/radiorevelacionfm.cl\/?p=55208' aria-hidden='false' data-av_icon='\ue805' data-av_iconfont='entypo-fontello' title='' data-avia-related-tooltip='Compartir por correo'><span class='avia_hidden_link_text'>Compartir por correo<\/span><\/a><\/li><\/ul><\/div><\/div>\n<div  style='height:50px' class='hr hr-invisible   avia-builder-el-8  el_after_av_social_share  el_before_av_comments_list '><span class='hr-inner ' ><span class='hr-inner-style'><\/span><\/span><\/div>\n<div  class='av-buildercomment  av-blog-meta-html-info-disabled av-blog-meta-tag-disabled  '><\/div>\n","protected":false},"excerpt":{"rendered":"","protected":false},"author":1,"featured_media":55209,"comment_status":"closed","ping_status":"closed","sticky":false,"template":"","format":"standard","meta":{"footnotes":""},"categories":[1],"tags":[],"class_list":["post-55208","post","type-post","status-publish","format-standard","has-post-thumbnail","hentry","category-sin-categoria"],"jetpack_featured_media_url":"https:\/\/radiorevelacionfm.cl\/wp-content\/uploads\/2025\/06\/Charla-Mira-para-Arriba1-1-1.jpeg","_links":{"self":[{"href":"https:\/\/radiorevelacionfm.cl\/index.php?rest_route=\/wp\/v2\/posts\/55208","targetHints":{"allow":["GET"]}}],"collection":[{"href":"https:\/\/radiorevelacionfm.cl\/index.php?rest_route=\/wp\/v2\/posts"}],"about":[{"href":"https:\/\/radiorevelacionfm.cl\/index.php?rest_route=\/wp\/v2\/types\/post"}],"author":[{"embeddable":true,"href":"https:\/\/radiorevelacionfm.cl\/index.php?rest_route=\/wp\/v2\/users\/1"}],"replies":[{"embeddable":true,"href":"https:\/\/radiorevelacionfm.cl\/index.php?rest_route=%2Fwp%2Fv2%2Fcomments&post=55208"}],"version-history":[{"count":2,"href":"https:\/\/radiorevelacionfm.cl\/index.php?rest_route=\/wp\/v2\/posts\/55208\/revisions"}],"predecessor-version":[{"id":55226,"href":"https:\/\/radiorevelacionfm.cl\/index.php?rest_route=\/wp\/v2\/posts\/55208\/revisions\/55226"}],"wp:featuredmedia":[{"embeddable":true,"href":"https:\/\/radiorevelacionfm.cl\/index.php?rest_route=\/wp\/v2\/media\/55209"}],"wp:attachment":[{"href":"https:\/\/radiorevelacionfm.cl\/index.php?rest_route=%2Fwp%2Fv2%2Fmedia&parent=55208"}],"wp:term":[{"taxonomy":"category","embeddable":true,"href":"https:\/\/radiorevelacionfm.cl\/index.php?rest_route=%2Fwp%2Fv2%2Fcategories&post=55208"},{"taxonomy":"post_tag","embeddable":true,"href":"https:\/\/radiorevelacionfm.cl\/index.php?rest_route=%2Fwp%2Fv2%2Ftags&post=55208"}],"curies":[{"name":"wp","href":"https:\/\/api.w.org\/{rel}","templated":true}]}}