{"id":55205,"date":"2025-06-13T12:44:15","date_gmt":"2025-06-13T15:44:15","guid":{"rendered":"https:\/\/radiorevelacionfm.cl\/?p=55205"},"modified":"2025-06-13T12:44:15","modified_gmt":"2025-06-13T15:44:15","slug":"en-el-dia-del-martir-de-carabineros-de-chile-la-institucion-rindio-homenaje-a-quienes-entregaron-su-vida-en-defensa-del-orden-y-la-patria","status":"publish","type":"post","link":"https:\/\/radiorevelacionfm.cl\/?p=55205","title":{"rendered":"En el D\u00eda del M\u00e1rtir de Carabineros de Chile, la Instituci\u00f3n rindi\u00f3 homenaje a quienes entregaron su vida en defensa del orden y la patria"},"content":{"rendered":"<div class=\"flex_column av_one_full  flex_column_div av-zero-column-padding first  avia-builder-el-0  el_before_av_one_full  avia-builder-el-first  \" style='border-radius:0px; '><div  class='avia-image-container  av-styling-    avia-builder-el-1  avia-builder-el-no-sibling  avia-align-center '  itemprop=\"image\" itemscope=\"itemscope\" itemtype=\"https:\/\/schema.org\/ImageObject\"  ><div class='avia-image-container-inner'><div class='avia-image-overlay-wrap'><img decoding=\"async\" class='wp-image-55206 avia-img-lazy-loading-not-55206 avia_image' src=\"https:\/\/radiorevelacionfm.cl\/wp-content\/uploads\/2025\/06\/2da-Com-Puerto-Aysen-2-1-1.jpg\" alt='' title='2da Com Puerto Ays\u00e9n 2 (1) (1)' height=\"600\" width=\"800\"  itemprop=\"thumbnailUrl\" srcset=\"https:\/\/radiorevelacionfm.cl\/wp-content\/uploads\/2025\/06\/2da-Com-Puerto-Aysen-2-1-1.jpg 800w, https:\/\/radiorevelacionfm.cl\/wp-content\/uploads\/2025\/06\/2da-Com-Puerto-Aysen-2-1-1-300x225.jpg 300w, https:\/\/radiorevelacionfm.cl\/wp-content\/uploads\/2025\/06\/2da-Com-Puerto-Aysen-2-1-1-768x576.jpg 768w, https:\/\/radiorevelacionfm.cl\/wp-content\/uploads\/2025\/06\/2da-Com-Puerto-Aysen-2-1-1-705x529.jpg 705w, https:\/\/radiorevelacionfm.cl\/wp-content\/uploads\/2025\/06\/2da-Com-Puerto-Aysen-2-1-1-450x338.jpg 450w, https:\/\/radiorevelacionfm.cl\/wp-content\/uploads\/2025\/06\/2da-Com-Puerto-Aysen-2-1-1-600x450.jpg 600w\" sizes=\"(max-width: 800px) 100vw, 800px\" \/><\/div><\/div><\/div><\/div><div class=\"flex_column av_one_full  flex_column_div av-zero-column-padding first  avia-builder-el-2  el_after_av_one_full  el_before_av_one_full  column-top-margin\" style='border-radius:0px; '><section class=\"av_textblock_section \"  itemscope=\"itemscope\" itemtype=\"https:\/\/schema.org\/BlogPosting\" itemprop=\"blogPost\" ><div class='avia_textblock  '   itemprop=\"text\" ><p style=\"text-align: center;\"><strong><span style=\"font-size: 18pt;\">En el D\u00eda del M\u00e1rtir de Carabineros de Chile, la Instituci\u00f3n rindi\u00f3 homenaje a quienes entregaron su vida en defensa del orden y la patria<\/span><\/strong><\/p>\n<div id=\"gtx-trans\" style=\"position: absolute; left: -50px; top: 4.31534px;\">\n<div class=\"gtx-trans-icon\"><\/div>\n<\/div>\n<\/div><\/section><\/div><div class=\"flex_column av_one_full  flex_column_div av-zero-column-padding first  avia-builder-el-4  el_after_av_one_full  el_before_av_hr  column-top-margin\" style='border-radius:0px; '><section class=\"av_textblock_section \"  itemscope=\"itemscope\" itemtype=\"https:\/\/schema.org\/BlogPosting\" itemprop=\"blogPost\" ><div class='avia_textblock  '   itemprop=\"text\" ><p dir=\"ltr\" style=\"text-align: justify;\"><em>Diversos actos y ceremonias religiosas se realizaron en cuarteles y memoriales a lo largo del pa\u00eds y la regi\u00f3n, en recuerdo de aquellos carabineros que han perdido la vida en actos de servicio.<\/em><\/p>\n<p dir=\"ltr\" style=\"text-align: justify;\">En el D\u00eda del M\u00e1rtir Institucional, Carabineros de Chile rindi\u00f3 homenaje a los 1.254 hombres y mujeres que, a lo largo de la historia, han entregado su vida en cumplimiento de su promesa de servicio, defendiendo el orden p\u00fablico y la patria. Las conmemoraciones se llevaron a cabo en cuarteles de todo el pa\u00eds, incluida la regi\u00f3n de Ays\u00e9n.<\/p>\n<p dir=\"ltr\" style=\"text-align: justify;\">Estos m\u00e1rtires, parte del personal uniformado, constituyen un legado de valor y compromiso que inspira a las nuevas generaciones de carabineros a continuar sirviendo con vocaci\u00f3n y entrega.<\/p>\n<p dir=\"ltr\" style=\"text-align: justify;\">Esta fecha fue instaurada hace tres a\u00f1os, el 12 de junio de 2022, en el marco del 95\u00ba aniversario institucional, en memoria del Vicesargento 1\u00b0 Guillermo Aguilera Pastene. Adscrito al 3er Escuadr\u00f3n del Regimiento de Carabineros N\u00b04, bajo la jurisdicci\u00f3n de la 11\u00aa Comisar\u00eda de la antigua Polic\u00eda Fiscal de Santiago, Aguilera fue asesinado en 1927 mientras intentaba fiscalizar un local clandestino de alcoholes. Con tan solo cuatro a\u00f1os, cinco meses y 23 d\u00edas de servicio, se convirti\u00f3 en el primer m\u00e1rtir de la instituci\u00f3n.<\/p>\n<p dir=\"ltr\" style=\"text-align: justify;\">En este d\u00eda, de manera p\u00f3stuma, Carabineros rinde homenaje a sus camaradas ca\u00eddos, reconociendo su sacrificio y expresando gratitud por su entrega.<\/p>\n<p dir=\"ltr\" style=\"text-align: justify;\">T\u00e9cnicamente, se considera m\u00e1rtir institucional al personal fallecido en actos de servicio, lo cual incluye situaciones previstas en la legislaci\u00f3n como \u00abaccidentes en acto de servicio\u00bb. Estas comprenden muertes ocurridas por la acci\u00f3n de terceros en contextos policiales o como consecuencia de accidentes de cualquier \u00edndole. Asimismo, se reconoce como acto heroico aquel en que el carabinero, en servicio o franco, pierde la vida como resultado de una acci\u00f3n voluntaria de excepcional valent\u00eda, plenamente consciente del riesgo que conllevaba, sin que esta le fuera exigida legal o reglamentariamente.<\/p>\n<p dir=\"ltr\" style=\"text-align: justify;\"><strong>Ceremonias en Ays\u00e9n<\/strong><\/p>\n<p dir=\"ltr\" style=\"text-align: justify;\">Durante esta jornada, Carabineros en la regi\u00f3n de Ays\u00e9n llev\u00f3 a cabo diversas actividades conmemorativas. Destac\u00f3 la ceremonia en la Tenencia Hern\u00e1n Merino Correa (F), el destacamento m\u00e1s austral del territorio, en honor al teniente Hern\u00e1n Merino Correa, considerado el \u00abH\u00e9roe del Siglo XX\u00bb, fallecido el 6 de noviembre de 1965 durante un incidente fronterizo en el sector de Laguna del Desierto.<\/p>\n<p dir=\"ltr\" style=\"text-align: justify;\">En tanto, Carabineros del Ret\u00e9n R\u00edo Cisnes rindi\u00f3 homenaje al Sargento 2\u00b0 Modesto Gonz\u00e1lez Pino en el memorial ubicado en el kil\u00f3metro 25 de la Ruta X-25, quien falleci\u00f3 el 27 de julio de 1984 en un accidente de tr\u00e1nsito.<\/p>\n<p dir=\"ltr\" style=\"text-align: justify;\">Asimismo, en la Tenencia R\u00edo Mayer (F), el personal record\u00f3 al Sargento 2\u00b0 Leonidas O\u00f1ate Cea, quien perdi\u00f3 la vida el 7 de enero de 1982 durante un patrullaje de soberan\u00eda en la frontera entre Chile y Argentina.<\/p>\n<p dir=\"ltr\" style=\"text-align: justify;\">Tambi\u00e9n se realizaron ceremonias religiosas en la 1\u00aa Comisar\u00eda de Coyhaique y la 2\u00aa Comisar\u00eda de Puerto Ays\u00e9n y 4ta Comisar\u00eda Cochrane (F), donde se rindi\u00f3 tributo a los carabineros que, a lo largo de los 98 a\u00f1os de historia institucional, han ofrendado su vida en cumplimiento de su deber.<\/p>\n<p dir=\"ltr\" style=\"text-align: justify;\">La memoria de nuestros m\u00e1rtires constituye un llamado permanente a reflexionar sobre el sacrificio que implica vestir el uniforme verde. Nos recuerda, d\u00eda a d\u00eda, el valor, la vocaci\u00f3n de servicio y la entrega que caracterizan la labor policial. Su legado nos interpela a renovar el compromiso con los principios y valores que estos h\u00e9roes defendieron con honor y coraje.<\/p>\n<\/div><\/section><\/div><div  style='height:50px' class='hr hr-invisible   avia-builder-el-6  el_after_av_one_full  el_before_av_social_share '><span class='hr-inner ' ><span class='hr-inner-style'><\/span><\/span><\/div><\/p>\n<div  class='av-social-sharing-box  avia-builder-el-7  el_after_av_hr  el_before_av_hr  '><div class='av-share-box'><h5 class='av-share-link-description av-no-toc '>Compartir esta noticia<\/h5><ul class='av-share-box-list noLightbox'><li class='av-share-link av-social-link-facebook' ><a target=\"_blank\" aria-label=\"Compartir en Facebook\" href='https:\/\/www.facebook.com\/sharer.php?u=https:\/\/radiorevelacionfm.cl\/?p=55205&#038;t=En%20el%20D%C3%ADa%20del%20M%C3%A1rtir%20de%20Carabineros%20de%20Chile%2C%20la%20Instituci%C3%B3n%20rindi%C3%B3%20homenaje%20a%20quienes%20entregaron%20su%20vida%20en%20defensa%20del%20orden%20y%20la%20patria' aria-hidden='false' data-av_icon='\ue8f3' data-av_iconfont='entypo-fontello' title='' data-avia-related-tooltip='Compartir en Facebook' rel=\"noopener\"><span class='avia_hidden_link_text'>Compartir en Facebook<\/span><\/a><\/li><li class='av-share-link av-social-link-twitter' ><a target=\"_blank\" aria-label=\"Compartir en Twitter\" href='https:\/\/twitter.com\/share?text=En%20el%20D%C3%ADa%20del%20M%C3%A1rtir%20de%20Carabineros%20de%20Chile%2C%20la%20Instituci%C3%B3n%20rindi%C3%B3%20homenaje%20a%20quienes%20entregaron%20su%20vida%20en%20defensa%20del%20orden%20y%20la%20patria&#038;url=https:\/\/radiorevelacionfm.cl\/?p=55205' aria-hidden='false' data-av_icon='\ue8f1' data-av_iconfont='entypo-fontello' title='' data-avia-related-tooltip='Compartir en Twitter' rel=\"noopener\"><span class='avia_hidden_link_text'>Compartir en Twitter<\/span><\/a><\/li><li class='av-share-link av-social-link-whatsapp' ><a target=\"_blank\" aria-label=\"Compartir en Whatsapp\" href='https:\/\/api.whatsapp.com\/send?text=https:\/\/radiorevelacionfm.cl\/?p=55205' aria-hidden='false' data-av_icon='\uf232' data-av_iconfont='entypo-fontello' title='' data-avia-related-tooltip='Compartir en Whatsapp' rel=\"noopener\"><span class='avia_hidden_link_text'>Compartir en Whatsapp<\/span><\/a><\/li><li class='av-share-link av-social-link-linkedin' ><a target=\"_blank\" aria-label=\"Compartir en LinkedIn\" href='https:\/\/linkedin.com\/shareArticle?mini=true&#038;title=En%20el%20D%C3%ADa%20del%20M%C3%A1rtir%20de%20Carabineros%20de%20Chile%2C%20la%20Instituci%C3%B3n%20rindi%C3%B3%20homenaje%20a%20quienes%20entregaron%20su%20vida%20en%20defensa%20del%20orden%20y%20la%20patria&#038;url=https:\/\/radiorevelacionfm.cl\/?p=55205' aria-hidden='false' data-av_icon='\ue8fc' data-av_iconfont='entypo-fontello' title='' data-avia-related-tooltip='Compartir en LinkedIn' rel=\"noopener\"><span class='avia_hidden_link_text'>Compartir en LinkedIn<\/span><\/a><\/li><li class='av-share-link av-social-link-mail' ><a  aria-label=\"Compartir por correo\" href='mailto:?subject=En%20el%20D%C3%ADa%20del%20M%C3%A1rtir%20de%20Carabineros%20de%20Chile%2C%20la%20Instituci%C3%B3n%20rindi%C3%B3%20homenaje%20a%20quienes%20entregaron%20su%20vida%20en%20defensa%20del%20orden%20y%20la%20patria&#038;body=https:\/\/radiorevelacionfm.cl\/?p=55205' aria-hidden='false' data-av_icon='\ue805' data-av_iconfont='entypo-fontello' title='' data-avia-related-tooltip='Compartir por correo'><span class='avia_hidden_link_text'>Compartir por correo<\/span><\/a><\/li><\/ul><\/div><\/div>\n<div  style='height:50px' class='hr hr-invisible   avia-builder-el-8  el_after_av_social_share  el_before_av_comments_list '><span class='hr-inner ' ><span class='hr-inner-style'><\/span><\/span><\/div>\n<div  class='av-buildercomment  av-blog-meta-html-info-disabled av-blog-meta-tag-disabled  '><\/div>\n","protected":false},"excerpt":{"rendered":"","protected":false},"author":1,"featured_media":55206,"comment_status":"closed","ping_status":"closed","sticky":false,"template":"","format":"standard","meta":{"footnotes":""},"categories":[1],"tags":[],"class_list":["post-55205","post","type-post","status-publish","format-standard","has-post-thumbnail","hentry","category-sin-categoria"],"jetpack_featured_media_url":"https:\/\/radiorevelacionfm.cl\/wp-content\/uploads\/2025\/06\/2da-Com-Puerto-Aysen-2-1-1.jpg","_links":{"self":[{"href":"https:\/\/radiorevelacionfm.cl\/index.php?rest_route=\/wp\/v2\/posts\/55205","targetHints":{"allow":["GET"]}}],"collection":[{"href":"https:\/\/radiorevelacionfm.cl\/index.php?rest_route=\/wp\/v2\/posts"}],"about":[{"href":"https:\/\/radiorevelacionfm.cl\/index.php?rest_route=\/wp\/v2\/types\/post"}],"author":[{"embeddable":true,"href":"https:\/\/radiorevelacionfm.cl\/index.php?rest_route=\/wp\/v2\/users\/1"}],"replies":[{"embeddable":true,"href":"https:\/\/radiorevelacionfm.cl\/index.php?rest_route=%2Fwp%2Fv2%2Fcomments&post=55205"}],"version-history":[{"count":2,"href":"https:\/\/radiorevelacionfm.cl\/index.php?rest_route=\/wp\/v2\/posts\/55205\/revisions"}],"predecessor-version":[{"id":55215,"href":"https:\/\/radiorevelacionfm.cl\/index.php?rest_route=\/wp\/v2\/posts\/55205\/revisions\/55215"}],"wp:featuredmedia":[{"embeddable":true,"href":"https:\/\/radiorevelacionfm.cl\/index.php?rest_route=\/wp\/v2\/media\/55206"}],"wp:attachment":[{"href":"https:\/\/radiorevelacionfm.cl\/index.php?rest_route=%2Fwp%2Fv2%2Fmedia&parent=55205"}],"wp:term":[{"taxonomy":"category","embeddable":true,"href":"https:\/\/radiorevelacionfm.cl\/index.php?rest_route=%2Fwp%2Fv2%2Fcategories&post=55205"},{"taxonomy":"post_tag","embeddable":true,"href":"https:\/\/radiorevelacionfm.cl\/index.php?rest_route=%2Fwp%2Fv2%2Ftags&post=55205"}],"curies":[{"name":"wp","href":"https:\/\/api.w.org\/{rel}","templated":true}]}}