{"id":55201,"date":"2025-06-12T21:16:10","date_gmt":"2025-06-13T00:16:10","guid":{"rendered":"https:\/\/radiorevelacionfm.cl\/?p=55201"},"modified":"2025-06-12T21:16:10","modified_gmt":"2025-06-13T00:16:10","slug":"aysen-da-un-paso-clave-hacia-la-transicion-energetica-con-hidrogeno-verde","status":"publish","type":"post","link":"https:\/\/radiorevelacionfm.cl\/?p=55201","title":{"rendered":"Ays\u00e9n da un paso clave hacia la transici\u00f3n energ\u00e9tica con hidr\u00f3geno verde"},"content":{"rendered":"<div class=\"flex_column av_one_full  flex_column_div av-zero-column-padding first  avia-builder-el-0  el_before_av_one_full  avia-builder-el-first  \" style='border-radius:0px; '><div  class='avia-image-container  av-styling-    avia-builder-el-1  avia-builder-el-no-sibling  avia-align-center '  itemprop=\"image\" itemscope=\"itemscope\" itemtype=\"https:\/\/schema.org\/ImageObject\"  ><div class='avia-image-container-inner'><div class='avia-image-overlay-wrap'><img decoding=\"async\" class='wp-image-55202 avia-img-lazy-loading-not-55202 avia_image' src=\"https:\/\/radiorevelacionfm.cl\/wp-content\/uploads\/2025\/06\/5-2025-06-12t211402_optimized.663-1.jpg\" alt='' title='5---2025-06-12t211402_optimized.663-(1)' height=\"600\" width=\"1067\"  itemprop=\"thumbnailUrl\" srcset=\"https:\/\/radiorevelacionfm.cl\/wp-content\/uploads\/2025\/06\/5-2025-06-12t211402_optimized.663-1.jpg 1067w, https:\/\/radiorevelacionfm.cl\/wp-content\/uploads\/2025\/06\/5-2025-06-12t211402_optimized.663-1-300x169.jpg 300w, https:\/\/radiorevelacionfm.cl\/wp-content\/uploads\/2025\/06\/5-2025-06-12t211402_optimized.663-1-1030x579.jpg 1030w, https:\/\/radiorevelacionfm.cl\/wp-content\/uploads\/2025\/06\/5-2025-06-12t211402_optimized.663-1-768x432.jpg 768w, https:\/\/radiorevelacionfm.cl\/wp-content\/uploads\/2025\/06\/5-2025-06-12t211402_optimized.663-1-705x396.jpg 705w, https:\/\/radiorevelacionfm.cl\/wp-content\/uploads\/2025\/06\/5-2025-06-12t211402_optimized.663-1-450x253.jpg 450w, https:\/\/radiorevelacionfm.cl\/wp-content\/uploads\/2025\/06\/5-2025-06-12t211402_optimized.663-1-600x337.jpg 600w\" sizes=\"(max-width: 1067px) 100vw, 1067px\" \/><\/div><\/div><\/div><\/div><div class=\"flex_column av_one_full  flex_column_div av-zero-column-padding first  avia-builder-el-2  el_after_av_one_full  el_before_av_one_full  column-top-margin\" style='border-radius:0px; '><section class=\"av_textblock_section \"  itemscope=\"itemscope\" itemtype=\"https:\/\/schema.org\/BlogPosting\" itemprop=\"blogPost\" ><div class='avia_textblock  '   itemprop=\"text\" ><p style=\"text-align: center;\"><span style=\"font-size: 18pt;\"><b>Ays\u00e9n da un paso clave hacia la transici\u00f3n energ\u00e9tica con hidr\u00f3geno verde<\/b><\/span><\/p>\n<div id=\"gtx-trans\" style=\"position: absolute; left: -50px; top: 4.31534px;\">\n<div class=\"gtx-trans-icon\"><\/div>\n<\/div>\n<\/div><\/section><\/div><div class=\"flex_column av_one_full  flex_column_div av-zero-column-padding first  avia-builder-el-4  el_after_av_one_full  el_before_av_hr  column-top-margin\" style='border-radius:0px; '><section class=\"av_textblock_section \"  itemscope=\"itemscope\" itemtype=\"https:\/\/schema.org\/BlogPosting\" itemprop=\"blogPost\" ><div class='avia_textblock  '   itemprop=\"text\" ><p class=\"v1MsoNormal\" style=\"text-align: justify;\"><i>Un estudio liderado por la Universidad Cat\u00f3lica y Patagonia Sostenible, con apoyo de Corfo y el Ministerio de Energ\u00eda, propone soluciones concretas para diversificar la matriz energ\u00e9tica de Ays\u00e9n mediante el uso de hidr\u00f3geno verde y energ\u00edas renovables.<\/i><\/p>\n<p class=\"v1MsoNormal\" style=\"text-align: justify;\">La Regi\u00f3n de Ays\u00e9n avanza en su ruta hacia una matriz energ\u00e9tica m\u00e1s sostenible con la presentaci\u00f3n de los resultados del <i>Estudio de Diversificaci\u00f3n de la Matriz Energ\u00e9tica a partir de Hidr\u00f3geno Verde<\/i>. El trabajo, desarrollado por la Unidad de Tecnolog\u00edas del Hidr\u00f3geno de DICTUC de la Pontificia Universidad Cat\u00f3lica de Chile y la consultora Patagonia Sostenible, fue administrado por Corfo, financiado por el Gobierno Regional de Ays\u00e9n y cont\u00f3 con el apoyo t\u00e9cnico de la Seremi de Energ\u00eda y la Subsecretar\u00eda de Energ\u00eda.<\/p>\n<p class=\"v1MsoNormal\" style=\"text-align: justify;\">El diagn\u00f3stico confirma la alta dependencia de la regi\u00f3n respecto al di\u00e9sel: el 91% de la capacidad instalada en los sistemas el\u00e9ctricos aislados de Ays\u00e9n proviene de generaci\u00f3n f\u00f3sil, mientras que el 23% del consumo total de di\u00e9sel se destina a la producci\u00f3n el\u00e9ctrica, triplicando el promedio nacional. Este escenario motiv\u00f3 la b\u00fasqueda de alternativas m\u00e1s sostenibles, identificando un alto potencial para la producci\u00f3n de hidr\u00f3geno verde a partir de recursos como el viento, el sol y el agua.<\/p>\n<p class=\"v1MsoNormal\" style=\"text-align: justify;\"><b>IMPACTO ESTRAT\u00c9GICO<\/b><\/p>\n<p class=\"v1MsoNormal\" style=\"text-align: justify;\">El director de Corfo Ays\u00e9n, Humberto Mar\u00edn, destac\u00f3 la energ\u00eda como factor clave para atraer inversiones y fortalecer la competitividad regional. \u00abUna de las principales barreras que enfrenta Ays\u00e9n para su desarrollo productivo es precisamente el tema energ\u00e9tico\u00bb, se\u00f1al\u00f3. Resalt\u00f3 que el estudio confirma la posibilidad de diversificar sistemas aislados como Melinka, reduciendo costos y robusteciendo la matriz energ\u00e9tica.<\/p>\n<p class=\"v1MsoNormal\" style=\"text-align: justify;\">El seremi de Energ\u00eda, Tom\u00e1s Laibe, subray\u00f3 el aporte estrat\u00e9gico del an\u00e1lisis. \u00abEstamos convencidos, y as\u00ed lo establece la pol\u00edtica energ\u00e9tica regional, de que debemos avanzar en la diversificaci\u00f3n de la matriz y reducir el consumo de di\u00e9sel, especialmente en escenarios de alta contaminaci\u00f3n\u00bb, afirm\u00f3. Agreg\u00f3 que el estudio valida el potencial del hidr\u00f3geno verde, identificando oportunidades y brechas para su implementaci\u00f3n.<\/p>\n<p class=\"v1MsoNormal\" style=\"text-align: justify;\">Desde el Gobierno Regional, Fernando Guzm\u00e1n, jefe de la Divisi\u00f3n de Fomento e Industria, valor\u00f3 el aporte estrat\u00e9gico del estudio. \u00abNo todos los estudios terminan bien; este, en particular, tiene un final feliz\u00bb, indic\u00f3. Subray\u00f3 que sus conclusiones coinciden con el plan impulsado por el gobernador Marcelo Santana, que promueve energ\u00eda m\u00e1s limpia y accesible para reactivar Ays\u00e9n.<\/p>\n<p class=\"v1MsoNormal\" style=\"text-align: justify;\">Por su parte, Claudio Sanhueza, gerente general de Patagonia Sostenible, destac\u00f3 el car\u00e1cter concreto de los resultados. \u00abPermite bajar tarifas en Melinka mediante inversi\u00f3n p\u00fablico-privada y reducir el uso de di\u00e9sel\u00bb, indic\u00f3. Esta alternativa, probada en Europa, podr\u00eda replicarse en otras localidades de la regi\u00f3n. \u00abGracias al trabajo conjunto con la Universidad Cat\u00f3lica, hoy conocemos mejor estas tecnolog\u00edas limpias y sostenibles\u00bb, agreg\u00f3.<\/p>\n<p class=\"v1MsoNormal\" style=\"text-align: justify;\"><b>RESULTADOS T\u00c9CNICOS<\/b><\/p>\n<p class=\"v1MsoNormal\" style=\"text-align: justify;\">Patricio Lillo Gallardo, director del estudio, destac\u00f3 las condiciones favorables de Ays\u00e9n para avanzar en soluciones de descarbonizaci\u00f3n. \u00abEstamos muy optimistas con los resultados; existe factibilidad tecnol\u00f3gica, costos manejables e infraestructura habilitante\u00bb, afirm\u00f3. Subray\u00f3 que ahora \u00abel desaf\u00edo es del sector p\u00fablico, privado y la comunidad para seguir impulsando esta transici\u00f3n coherente con los planes nacionales de descarbonizaci\u00f3n\u00bb.<\/p>\n<p class=\"v1MsoNormal\" style=\"text-align: justify;\">Como resultado central, el estudio propone implementar un sistema h\u00edbrido en el sistema el\u00e9ctrico aislado de Melinka-Repollal, que combine energ\u00eda solar, producci\u00f3n de hidr\u00f3geno verde mediante electr\u00f3lisis, almacenamiento de hidr\u00f3geno y respaldo t\u00e9rmico. Este sistema incluir\u00eda una planta solar fotovoltaica de 2.200 kW, un sistema de electr\u00f3lisis de 400 kW y una celda de combustible, permitiendo reemplazar m\u00e1s del 50% del consumo actual de di\u00e9sel. La combinaci\u00f3n permitir\u00eda aportar un 43% de energ\u00eda solar, 15% de hidr\u00f3geno verde y 42% de respaldo t\u00e9rmico.<\/p>\n<p class=\"v1MsoNormal\" style=\"text-align: justify;\">Desde el punto de vista econ\u00f3mico, mantener el sistema basado solo en di\u00e9sel implica hoy un costo de 428 pesos por kWh. Con el sistema h\u00edbrido sin subsidios, el costo ser\u00eda de 505 pesos por kWh; sin embargo, al financiar la inversi\u00f3n inicial con recursos p\u00fablicos v\u00eda FNDR, el costo bajar\u00eda a 269 pesos por kWh, lo que permitir\u00eda reducir en un 56% el subsidio actualmente aportado por el Gobierno Regional.<\/p>\n<p class=\"v1MsoNormal\" style=\"text-align: justify;\">El estudio tambi\u00e9n analiz\u00f3 la aplicabilidad del modelo en otros sistemas aislados como Islas Huichas, Villa O&#8217;Higgins, Caleta Tortel y Amengual-La Tapera. Aunque presentan mayores desaf\u00edos log\u00edsticos y escalas menores, podr\u00edan avanzar de forma gradual, iniciando con fuentes renovables convencionales e incorporando tecnolog\u00edas de hidr\u00f3geno en etapas posteriores.<\/p>\n<p class=\"v1MsoNormal\" style=\"text-align: justify;\">La hoja de ruta al 2030 plantea prioridades como el desarrollo de ingenier\u00eda de detalle para Melinka, estudios de factibilidad en otras localidades, dise\u00f1o de instrumentos de financiamiento, normativas diferenciadas para zonas aisladas, formaci\u00f3n de capital humano especializado, implementaci\u00f3n de sistemas de monitoreo de impactos y la creaci\u00f3n de un modelo de gobernanza descentralizada que articule esfuerzos p\u00fablico-privados para un mercado intrarregional de hidr\u00f3geno verde.<\/p>\n<p class=\"v1MsoNormal\" style=\"text-align: justify;\">En cuanto a la demanda potencial, la salmonicultura aparece como principal usuario, con una estimaci\u00f3n de 36.000 kilos de hidr\u00f3geno diarios, seguido de sistemas medianos con 2.121 kilos diarios, mientras que los sistemas aislados y otros sectores productivos presentar\u00edan demandas menores.<\/p>\n<p class=\"v1MsoNormal\" style=\"text-align: justify;\">La jornada incluy\u00f3 un panel de conversaci\u00f3n con autoridades regionales, el equipo t\u00e9cnico y representantes del sector p\u00fablico, donde se analizaron los pr\u00f3ximos pasos para implementar pilotos demostrativos, asegurar financiamiento y coordinar esfuerzos institucionales que permitan concretar esta hoja de ruta en beneficio directo de la regi\u00f3n de Ays\u00e9n.<\/p>\n<\/div><\/section><\/div><div  style='height:50px' class='hr hr-invisible   avia-builder-el-6  el_after_av_one_full  el_before_av_social_share '><span class='hr-inner ' ><span class='hr-inner-style'><\/span><\/span><\/div><\/p>\n<div  class='av-social-sharing-box  avia-builder-el-7  el_after_av_hr  el_before_av_hr  '><div class='av-share-box'><h5 class='av-share-link-description av-no-toc '>Compartir esta noticia<\/h5><ul class='av-share-box-list noLightbox'><li class='av-share-link av-social-link-facebook' ><a target=\"_blank\" aria-label=\"Compartir en Facebook\" href='https:\/\/www.facebook.com\/sharer.php?u=https:\/\/radiorevelacionfm.cl\/?p=55201&#038;t=Ays%C3%A9n%20da%20un%20paso%20clave%20hacia%20la%20transici%C3%B3n%20energ%C3%A9tica%20con%20hidr%C3%B3geno%20verde' aria-hidden='false' data-av_icon='\ue8f3' data-av_iconfont='entypo-fontello' title='' data-avia-related-tooltip='Compartir en Facebook' rel=\"noopener\"><span class='avia_hidden_link_text'>Compartir en Facebook<\/span><\/a><\/li><li class='av-share-link av-social-link-twitter' ><a target=\"_blank\" aria-label=\"Compartir en Twitter\" href='https:\/\/twitter.com\/share?text=Ays%C3%A9n%20da%20un%20paso%20clave%20hacia%20la%20transici%C3%B3n%20energ%C3%A9tica%20con%20hidr%C3%B3geno%20verde&#038;url=https:\/\/radiorevelacionfm.cl\/?p=55201' aria-hidden='false' data-av_icon='\ue8f1' data-av_iconfont='entypo-fontello' title='' data-avia-related-tooltip='Compartir en Twitter' rel=\"noopener\"><span class='avia_hidden_link_text'>Compartir en Twitter<\/span><\/a><\/li><li class='av-share-link av-social-link-whatsapp' ><a target=\"_blank\" aria-label=\"Compartir en Whatsapp\" href='https:\/\/api.whatsapp.com\/send?text=https:\/\/radiorevelacionfm.cl\/?p=55201' aria-hidden='false' data-av_icon='\uf232' data-av_iconfont='entypo-fontello' title='' data-avia-related-tooltip='Compartir en Whatsapp' rel=\"noopener\"><span class='avia_hidden_link_text'>Compartir en Whatsapp<\/span><\/a><\/li><li class='av-share-link av-social-link-linkedin' ><a target=\"_blank\" aria-label=\"Compartir en LinkedIn\" href='https:\/\/linkedin.com\/shareArticle?mini=true&#038;title=Ays%C3%A9n%20da%20un%20paso%20clave%20hacia%20la%20transici%C3%B3n%20energ%C3%A9tica%20con%20hidr%C3%B3geno%20verde&#038;url=https:\/\/radiorevelacionfm.cl\/?p=55201' aria-hidden='false' data-av_icon='\ue8fc' data-av_iconfont='entypo-fontello' title='' data-avia-related-tooltip='Compartir en LinkedIn' rel=\"noopener\"><span class='avia_hidden_link_text'>Compartir en LinkedIn<\/span><\/a><\/li><li class='av-share-link av-social-link-mail' ><a  aria-label=\"Compartir por correo\" href='mailto:?subject=Ays%C3%A9n%20da%20un%20paso%20clave%20hacia%20la%20transici%C3%B3n%20energ%C3%A9tica%20con%20hidr%C3%B3geno%20verde&#038;body=https:\/\/radiorevelacionfm.cl\/?p=55201' aria-hidden='false' data-av_icon='\ue805' data-av_iconfont='entypo-fontello' title='' data-avia-related-tooltip='Compartir por correo'><span class='avia_hidden_link_text'>Compartir por correo<\/span><\/a><\/li><\/ul><\/div><\/div>\n<div  style='height:50px' class='hr hr-invisible   avia-builder-el-8  el_after_av_social_share  el_before_av_comments_list '><span class='hr-inner ' ><span class='hr-inner-style'><\/span><\/span><\/div>\n<div  class='av-buildercomment  av-blog-meta-html-info-disabled av-blog-meta-tag-disabled  '><\/div>\n","protected":false},"excerpt":{"rendered":"","protected":false},"author":1,"featured_media":55202,"comment_status":"closed","ping_status":"closed","sticky":false,"template":"","format":"standard","meta":{"footnotes":""},"categories":[37,39],"tags":[],"class_list":["post-55201","post","type-post","status-publish","format-standard","has-post-thumbnail","hentry","category-economia","category-medio-ambiente"],"jetpack_featured_media_url":"https:\/\/radiorevelacionfm.cl\/wp-content\/uploads\/2025\/06\/5-2025-06-12t211402_optimized.663-1.jpg","_links":{"self":[{"href":"https:\/\/radiorevelacionfm.cl\/index.php?rest_route=\/wp\/v2\/posts\/55201","targetHints":{"allow":["GET"]}}],"collection":[{"href":"https:\/\/radiorevelacionfm.cl\/index.php?rest_route=\/wp\/v2\/posts"}],"about":[{"href":"https:\/\/radiorevelacionfm.cl\/index.php?rest_route=\/wp\/v2\/types\/post"}],"author":[{"embeddable":true,"href":"https:\/\/radiorevelacionfm.cl\/index.php?rest_route=\/wp\/v2\/users\/1"}],"replies":[{"embeddable":true,"href":"https:\/\/radiorevelacionfm.cl\/index.php?rest_route=%2Fwp%2Fv2%2Fcomments&post=55201"}],"version-history":[{"count":2,"href":"https:\/\/radiorevelacionfm.cl\/index.php?rest_route=\/wp\/v2\/posts\/55201\/revisions"}],"predecessor-version":[{"id":55204,"href":"https:\/\/radiorevelacionfm.cl\/index.php?rest_route=\/wp\/v2\/posts\/55201\/revisions\/55204"}],"wp:featuredmedia":[{"embeddable":true,"href":"https:\/\/radiorevelacionfm.cl\/index.php?rest_route=\/wp\/v2\/media\/55202"}],"wp:attachment":[{"href":"https:\/\/radiorevelacionfm.cl\/index.php?rest_route=%2Fwp%2Fv2%2Fmedia&parent=55201"}],"wp:term":[{"taxonomy":"category","embeddable":true,"href":"https:\/\/radiorevelacionfm.cl\/index.php?rest_route=%2Fwp%2Fv2%2Fcategories&post=55201"},{"taxonomy":"post_tag","embeddable":true,"href":"https:\/\/radiorevelacionfm.cl\/index.php?rest_route=%2Fwp%2Fv2%2Ftags&post=55201"}],"curies":[{"name":"wp","href":"https:\/\/api.w.org\/{rel}","templated":true}]}}