{"id":5520,"date":"2021-06-22T17:01:41","date_gmt":"2021-06-22T20:01:41","guid":{"rendered":"https:\/\/radiorevelacionfm.cl\/?p=5520"},"modified":"2021-06-22T17:01:41","modified_gmt":"2021-06-22T20:01:41","slug":"anuncio-del-bono-pyme-es-valorado-por-emprendedores-de-aysen-y-chacabuco","status":"publish","type":"post","link":"https:\/\/radiorevelacionfm.cl\/?p=5520","title":{"rendered":"Anuncio del Bono Pyme es valorado por emprendedores de Ays\u00e9n y Chacabuco"},"content":{"rendered":"<div class=\"flex_column av_one_full  flex_column_div av-zero-column-padding first  avia-builder-el-0  el_before_av_one_full  avia-builder-el-first  \" style='border-radius:0px; '><div  class='avia-image-container  av-styling-    avia-builder-el-1  avia-builder-el-no-sibling  avia-align-center '  itemprop=\"image\" itemscope=\"itemscope\" itemtype=\"https:\/\/schema.org\/ImageObject\"  ><div class='avia-image-container-inner'><div class='avia-image-overlay-wrap'><img decoding=\"async\" class='wp-image-0 avia-img-lazy-loading-not-0 avia_image' src=\"https:\/\/radiorevelacionfm.cl\/wp-content\/uploads\/2021\/06\/6-17-1_optimized.jpg\" alt='' title=''   itemprop=\"thumbnailUrl\"  \/><\/div><\/div><\/div><\/div><div class=\"flex_column av_one_full  flex_column_div av-zero-column-padding first  avia-builder-el-2  el_after_av_one_full  el_before_av_one_full  column-top-margin\" style='border-radius:0px; '><section class=\"av_textblock_section \"  itemscope=\"itemscope\" itemtype=\"https:\/\/schema.org\/BlogPosting\" itemprop=\"blogPost\" ><div class='avia_textblock  '   itemprop=\"text\" ><p style=\"text-align: center;\"><strong><span style=\"font-size: 18pt;\">Anuncio del Bono Pyme es valorado por emprendedores de Ays\u00e9n y Chacabuco<\/span><\/strong><\/p>\n<div id=\"gtx-trans\" style=\"position: absolute; left: -50px; top: 4.31534px;\">\n<div class=\"gtx-trans-icon\"><\/div>\n<\/div>\n<\/div><\/section><\/div><div class=\"flex_column av_one_full  flex_column_div av-zero-column-padding first  avia-builder-el-4  el_after_av_one_full  el_before_av_hr  column-top-margin\" style='border-radius:0px; '><section class=\"av_textblock_section \"  itemscope=\"itemscope\" itemtype=\"https:\/\/schema.org\/BlogPosting\" itemprop=\"blogPost\" ><div class='avia_textblock  '   itemprop=\"text\" ><p style=\"text-align: justify;\">Jefe de Divisi\u00f3n de Gobierno Interior recorri\u00f3 Puerto Chacabuco y Puerto Ays\u00e9n informando de esta ayuda gubernamental.<\/p>\n<p style=\"text-align: justify;\">El s\u00e1bado reci\u00e9n pasado Pablo Galilea Jefe de la Divisi\u00f3n de Gobierno Interior mandatado por el Presidente Sebasti\u00e1n Pi\u00f1era visit\u00f3 algunos emprendedores de Puerto Chacabuco y Puerto Ays\u00e9n acompa\u00f1ado del Gobernador Manuel Ortiz y del Seremi de Econom\u00eda Carlos Pacheco, esto con la finalidad de poder entregarle la noticia del Bono Pyme que ayudar\u00e1 a muchos que han visto disminuidos sus ingresos producto de la pandemia.<\/p>\n<p style=\"text-align: justify;\">Sim\u00f3n Duhalde emprendedor de Puerto Ays\u00e9n valor\u00f3 esta medida en que ayudar\u00e1 a muchos de sus pares \u201ceste bono viene como anillo al dedo porque es necesario que nosotros como MYPYMES podamos tener un capital para poder enfrentar todo lo que se viene ahora, esta plata viene a ayudar de alguna forma a todos aquellos que est\u00e1n pasando un mal momento, agradezco el gesto del Gobierno, la verdad de las cosas que es muy bueno\u201d.<\/p>\n<p style=\"text-align: justify;\">Carolina Gonz\u00e1lez emprendedora de Puerto Chacabuco vio con buenos ojos el hecho que por ser mujer podr\u00e1 acceder adicionalmente a un 20% con un tope de 2 millones de pesos \u201ceso lo encuentro magnifico porque nos premian como mujeres emprendedoras, as\u00ed que estoy muy contenta por eso\u201d.<\/p>\n<p style=\"text-align: justify;\">Pablo Galilea quien viniera en representaci\u00f3n del Presidente de la Rep\u00fablica manifestaba la importancia que los emprendedores puedan acceder al Bono Pyme \u201cuna gran visita a la provincia de Ays\u00e9n donde no pod\u00edamos dejar de acompa\u00f1ar al Gobernador y al Seremi de Econom\u00eda que est\u00e1n en esta campa\u00f1a de difundir los beneficios que el Gobierno hoy d\u00eda est\u00e1 entregando para atender los problemas que ha tra\u00eddo esta pandemia, el Bono Pyme son alrededor de 1.800 emprendedores que se ver\u00edan beneficiado cuando se inscriban y acceder a m\u00e1s de un mill\u00f3n de pesos\u201d.<\/p>\n<p style=\"text-align: justify;\">El Gobernador Manuel Ortiz agradeci\u00f3 la visita de don Pablo Galilea a los futuros beneficiados del Bono Pyme \u201cagradecer la visita que ha tenido a la provincia de Ays\u00e9n, porque nos ha acompa\u00f1ado a ver a los futuros beneficiarios de este gran apoyo que est\u00e1 entregando el Gobierno, ahora nos quedamos con la tarea de apoyar las inscripciones para que lleguen al m\u00e1ximo posible en nuestra provincia\u201d.<\/p>\n<p style=\"text-align: justify;\">Finalmente Carlos Pacheco Seremi de Econom\u00eda hac\u00eda extensiva la invitaci\u00f3n para que se puedan inscribir en los pr\u00f3ximos d\u00edas para as\u00ed acceder al beneficio \u201cinvitamos a todos los microempresarios a inscribirse a este bono en la cual ser\u00e1 muy bien recibida por parte de ustedes, nosotros como Gobierno estamos aqu\u00ed para seguir apoy\u00e1ndolos\u201d.<\/p>\n<\/div><\/section><\/div><div  style='height:50px' class='hr hr-invisible   avia-builder-el-6  el_after_av_one_full  el_before_av_social_share '><span class='hr-inner ' ><span class='hr-inner-style'><\/span><\/span><\/div><\/p>\n<div  class='av-social-sharing-box  avia-builder-el-7  el_after_av_hr  el_before_av_hr  '><div class='av-share-box'><h5 class='av-share-link-description av-no-toc '>Compartir esta noticia<\/h5><ul class='av-share-box-list noLightbox'><li class='av-share-link av-social-link-facebook' ><a target=\"_blank\" aria-label=\"Compartir en Facebook\" href='https:\/\/www.facebook.com\/sharer.php?u=https:\/\/radiorevelacionfm.cl\/?p=5520&#038;t=Anuncio%20del%20Bono%20Pyme%20es%20valorado%20por%20emprendedores%20de%20Ays%C3%A9n%20y%20Chacabuco' aria-hidden='false' data-av_icon='\ue8f3' data-av_iconfont='entypo-fontello' title='' data-avia-related-tooltip='Compartir en Facebook' rel=\"noopener\"><span class='avia_hidden_link_text'>Compartir en Facebook<\/span><\/a><\/li><li class='av-share-link av-social-link-twitter' ><a target=\"_blank\" aria-label=\"Compartir en Twitter\" href='https:\/\/twitter.com\/share?text=Anuncio%20del%20Bono%20Pyme%20es%20valorado%20por%20emprendedores%20de%20Ays%C3%A9n%20y%20Chacabuco&#038;url=https:\/\/radiorevelacionfm.cl\/?p=5520' aria-hidden='false' data-av_icon='\ue8f1' data-av_iconfont='entypo-fontello' title='' data-avia-related-tooltip='Compartir en Twitter' rel=\"noopener\"><span class='avia_hidden_link_text'>Compartir en Twitter<\/span><\/a><\/li><li class='av-share-link av-social-link-whatsapp' ><a target=\"_blank\" aria-label=\"Compartir en Whatsapp\" href='https:\/\/api.whatsapp.com\/send?text=https:\/\/radiorevelacionfm.cl\/?p=5520' aria-hidden='false' data-av_icon='\uf232' data-av_iconfont='entypo-fontello' title='' data-avia-related-tooltip='Compartir en Whatsapp' rel=\"noopener\"><span class='avia_hidden_link_text'>Compartir en Whatsapp<\/span><\/a><\/li><li class='av-share-link av-social-link-linkedin' ><a target=\"_blank\" aria-label=\"Compartir en LinkedIn\" href='https:\/\/linkedin.com\/shareArticle?mini=true&#038;title=Anuncio%20del%20Bono%20Pyme%20es%20valorado%20por%20emprendedores%20de%20Ays%C3%A9n%20y%20Chacabuco&#038;url=https:\/\/radiorevelacionfm.cl\/?p=5520' aria-hidden='false' data-av_icon='\ue8fc' data-av_iconfont='entypo-fontello' title='' data-avia-related-tooltip='Compartir en LinkedIn' rel=\"noopener\"><span class='avia_hidden_link_text'>Compartir en LinkedIn<\/span><\/a><\/li><li class='av-share-link av-social-link-mail' ><a  aria-label=\"Compartir por correo\" href='mailto:?subject=Anuncio%20del%20Bono%20Pyme%20es%20valorado%20por%20emprendedores%20de%20Ays%C3%A9n%20y%20Chacabuco&#038;body=https:\/\/radiorevelacionfm.cl\/?p=5520' aria-hidden='false' data-av_icon='\ue805' data-av_iconfont='entypo-fontello' title='' data-avia-related-tooltip='Compartir por correo'><span class='avia_hidden_link_text'>Compartir por correo<\/span><\/a><\/li><\/ul><\/div><\/div>\n<div  style='height:50px' class='hr hr-invisible   avia-builder-el-8  el_after_av_social_share  el_before_av_comments_list '><span class='hr-inner ' ><span class='hr-inner-style'><\/span><\/span><\/div>\n<div  class='av-buildercomment  av-blog-meta-html-info-disabled av-blog-meta-tag-disabled  '><\/div>\n","protected":false},"excerpt":{"rendered":"","protected":false},"author":1,"featured_media":0,"comment_status":"open","ping_status":"open","sticky":false,"template":"","format":"standard","meta":{"footnotes":""},"categories":[37],"tags":[],"class_list":["post-5520","post","type-post","status-publish","format-standard","hentry","category-economia"],"jetpack_featured_media_url":"","_links":{"self":[{"href":"https:\/\/radiorevelacionfm.cl\/index.php?rest_route=\/wp\/v2\/posts\/5520","targetHints":{"allow":["GET"]}}],"collection":[{"href":"https:\/\/radiorevelacionfm.cl\/index.php?rest_route=\/wp\/v2\/posts"}],"about":[{"href":"https:\/\/radiorevelacionfm.cl\/index.php?rest_route=\/wp\/v2\/types\/post"}],"author":[{"embeddable":true,"href":"https:\/\/radiorevelacionfm.cl\/index.php?rest_route=\/wp\/v2\/users\/1"}],"replies":[{"embeddable":true,"href":"https:\/\/radiorevelacionfm.cl\/index.php?rest_route=%2Fwp%2Fv2%2Fcomments&post=5520"}],"version-history":[{"count":1,"href":"https:\/\/radiorevelacionfm.cl\/index.php?rest_route=\/wp\/v2\/posts\/5520\/revisions"}],"predecessor-version":[{"id":5522,"href":"https:\/\/radiorevelacionfm.cl\/index.php?rest_route=\/wp\/v2\/posts\/5520\/revisions\/5522"}],"wp:attachment":[{"href":"https:\/\/radiorevelacionfm.cl\/index.php?rest_route=%2Fwp%2Fv2%2Fmedia&parent=5520"}],"wp:term":[{"taxonomy":"category","embeddable":true,"href":"https:\/\/radiorevelacionfm.cl\/index.php?rest_route=%2Fwp%2Fv2%2Fcategories&post=5520"},{"taxonomy":"post_tag","embeddable":true,"href":"https:\/\/radiorevelacionfm.cl\/index.php?rest_route=%2Fwp%2Fv2%2Ftags&post=5520"}],"curies":[{"name":"wp","href":"https:\/\/api.w.org\/{rel}","templated":true}]}}