{"id":55195,"date":"2025-06-12T19:51:27","date_gmt":"2025-06-12T22:51:27","guid":{"rendered":"https:\/\/radiorevelacionfm.cl\/?p=55195"},"modified":"2025-06-12T19:51:27","modified_gmt":"2025-06-12T22:51:27","slug":"subsecretaria-de-hacienda-se-allana-a-iniciar-camino-para-licitacion-de-zona-franca-en-aysen-informo-el-gobernador-regional","status":"publish","type":"post","link":"https:\/\/radiorevelacionfm.cl\/?p=55195","title":{"rendered":"Subsecretar\u00eda de Hacienda se allana a iniciar camino para licitaci\u00f3n de Zona Franca en Ays\u00e9n, inform\u00f3 el gobernador regional"},"content":{"rendered":"<div class=\"flex_column av_one_full  flex_column_div av-zero-column-padding first  avia-builder-el-0  el_before_av_one_full  avia-builder-el-first  \" style='border-radius:0px; '><div  class='avia-image-container  av-styling-    avia-builder-el-1  avia-builder-el-no-sibling  avia-align-center '  itemprop=\"image\" itemscope=\"itemscope\" itemtype=\"https:\/\/schema.org\/ImageObject\"  ><div class='avia-image-container-inner'><div class='avia-image-overlay-wrap'><img decoding=\"async\" class='wp-image-0 avia-img-lazy-loading-not-0 avia_image' src=\"http:\/\/radiorevelacionfm.cl\/wp-content\/uploads\/2020\/12\/7ee21_th2.jpg\" alt='' title=''   itemprop=\"thumbnailUrl\"  \/><\/div><\/div><\/div><\/div>\n<div class=\"flex_column av_one_full  flex_column_div av-zero-column-padding first  avia-builder-el-2  el_after_av_one_full  el_before_av_one_full  column-top-margin\" style='border-radius:0px; '><section class=\"av_textblock_section \"  itemscope=\"itemscope\" itemtype=\"https:\/\/schema.org\/BlogPosting\" itemprop=\"blogPost\" ><div class='avia_textblock  '   itemprop=\"text\" ><p style=\"text-align: center;\"><span style=\"font-size: 18pt;\"><strong>Subsecretar\u00eda de Hacienda se allana a iniciar camino para licitaci\u00f3n de Zona Franca en Ays\u00e9n, inform\u00f3 el gobernador regional<\/strong><\/span><\/p>\n<div id=\"gtx-trans\" style=\"position: absolute; left: -50px; top: 4.31534px;\">\n<div class=\"gtx-trans-icon\"><\/div>\n<\/div>\n<\/div><\/section><\/div><div class=\"flex_column av_one_full  flex_column_div av-zero-column-padding first  avia-builder-el-4  el_after_av_one_full  el_before_av_hr  column-top-margin\" style='border-radius:0px; '><section class=\"av_textblock_section \"  itemscope=\"itemscope\" itemtype=\"https:\/\/schema.org\/BlogPosting\" itemprop=\"blogPost\" ><div class='avia_textblock  '   itemprop=\"text\" ><p style=\"text-align: justify;\">En los pr\u00f3ximos d\u00edas se iniciar\u00e1 el trabajo t\u00e9cnico que permitir\u00e1 impulsar la licitaci\u00f3n de la Zona Franca de Ays\u00e9n, un hito que representa un avance concreto en este proyecto. As\u00ed lo anunci\u00f3 el gobernador regional Marcelo Santana, tras reunirse con la subsecretaria de Hacienda, Heidi Berner, en Santiago.<\/p>\n<p style=\"text-align: justify;\">La subsecretaria \u201cnos solicit\u00f3 retomar con premura el\u00a0 trabajo t\u00e9cnico porque la regi\u00f3n debe actualizar algunos n\u00fameros, pero es una gran noticia, porque esto estaba absolutamente detenido y gracias a las gestiones que hemos realizado se ha reabierto\u201d, declar\u00f3 el gobernador regional.<\/p>\n<p style=\"text-align: justify;\">Se espera que a finales de este a\u00f1o se abra la licitaci\u00f3n, agreg\u00f3 el gobernador, y explic\u00f3 que se tratar\u00e1 de un trabajo en conjunto con la Delegaci\u00f3n Presidencial Regional, la Subsecretar\u00eda de Hacienda y otros entes p\u00fablicos locales.<\/p>\n<p style=\"text-align: justify;\">Este hito es el resultado de un esfuerzo realizado los \u00faltimos meses entre equipos t\u00e9cnicos y que llev\u00f3 a que finalmente la subsecretaria se allanara a iniciar esta nueva etapa en la construcci\u00f3n de la Zona Franca de Ays\u00e9n. Este proyecto, que estuvo detenido por ocho a\u00f1os, fue retomado e impulsado por el gobernador regional, Marcelo Santana, en el marco de su Plan Estrat\u00e9gico de Gesti\u00f3n en el eje Pro Crecimiento, con el objetivo de impulsar la reactivaci\u00f3n econ\u00f3mica en la regi\u00f3n.<\/p>\n<p style=\"text-align: justify;\">La creaci\u00f3n de una Zona Franca en Ays\u00e9n es un proyecto que data del a\u00f1o 2013, cuando se public\u00f3 el decreto de Hacienda N\u00ba 1.296\u00a0 en el Diario Oficial, estableciendo a la Regi\u00f3n de Ays\u00e9n como geogr\u00e1ficamente aislada y habilit\u00e1ndola, de esta manera, para el establecimiento de una Zona Franca.<\/p>\n<p style=\"text-align: justify;\">\u201cEs una alternativa econ\u00f3mica que apunta al desarrollo de la regi\u00f3n, al sector exportador fundamentalmente, pero tambi\u00e9n al importador. Tambi\u00e9n puede ser una herramienta que contribuya al desarrollo del turismo en la Regi\u00f3n de Ays\u00e9n. Por lo tanto, vamos a seguir trabajando conjuntamente desde el ejecutivo\u201d, indic\u00f3 el delegado presidencial regional de Ays\u00e9n, Jorge Diaz.<\/p>\n<p style=\"text-align: justify;\">El proyecto, que permite ofrecer ventajas arancelarias a los habitantes de Ays\u00e9n en la adquisici\u00f3n de bienes de consumo, tuvo su \u00faltimo avance concreto en 2016 cuando se adquirieron 20 hect\u00e1reas para la construcci\u00f3n de las instalaciones.<\/p>\n<\/div><\/section><\/div><div  style='height:50px' class='hr hr-invisible   avia-builder-el-6  el_after_av_one_full  el_before_av_social_share '><span class='hr-inner ' ><span class='hr-inner-style'><\/span><\/span><\/div><\/p>\n<div  class='av-social-sharing-box  avia-builder-el-7  el_after_av_hr  el_before_av_hr  '><div class='av-share-box'><h5 class='av-share-link-description av-no-toc '>Compartir esta noticia<\/h5><ul class='av-share-box-list noLightbox'><li class='av-share-link av-social-link-facebook' ><a target=\"_blank\" aria-label=\"Compartir en Facebook\" href='https:\/\/www.facebook.com\/sharer.php?u=https:\/\/radiorevelacionfm.cl\/?p=55195&#038;t=Subsecretar%C3%ADa%20de%20Hacienda%20se%20allana%20a%20iniciar%20camino%20para%20licitaci%C3%B3n%20de%20Zona%20Franca%20en%20Ays%C3%A9n%2C%20inform%C3%B3%20el%20gobernador%20regional' aria-hidden='false' data-av_icon='\ue8f3' data-av_iconfont='entypo-fontello' title='' data-avia-related-tooltip='Compartir en Facebook' rel=\"noopener\"><span class='avia_hidden_link_text'>Compartir en Facebook<\/span><\/a><\/li><li class='av-share-link av-social-link-twitter' ><a target=\"_blank\" aria-label=\"Compartir en Twitter\" href='https:\/\/twitter.com\/share?text=Subsecretar%C3%ADa%20de%20Hacienda%20se%20allana%20a%20iniciar%20camino%20para%20licitaci%C3%B3n%20de%20Zona%20Franca%20en%20Ays%C3%A9n%2C%20inform%C3%B3%20el%20gobernador%20regional&#038;url=https:\/\/radiorevelacionfm.cl\/?p=55195' aria-hidden='false' data-av_icon='\ue8f1' data-av_iconfont='entypo-fontello' title='' data-avia-related-tooltip='Compartir en Twitter' rel=\"noopener\"><span class='avia_hidden_link_text'>Compartir en Twitter<\/span><\/a><\/li><li class='av-share-link av-social-link-whatsapp' ><a target=\"_blank\" aria-label=\"Compartir en Whatsapp\" href='https:\/\/api.whatsapp.com\/send?text=https:\/\/radiorevelacionfm.cl\/?p=55195' aria-hidden='false' data-av_icon='\uf232' data-av_iconfont='entypo-fontello' title='' data-avia-related-tooltip='Compartir en Whatsapp' rel=\"noopener\"><span class='avia_hidden_link_text'>Compartir en Whatsapp<\/span><\/a><\/li><li class='av-share-link av-social-link-linkedin' ><a target=\"_blank\" aria-label=\"Compartir en LinkedIn\" href='https:\/\/linkedin.com\/shareArticle?mini=true&#038;title=Subsecretar%C3%ADa%20de%20Hacienda%20se%20allana%20a%20iniciar%20camino%20para%20licitaci%C3%B3n%20de%20Zona%20Franca%20en%20Ays%C3%A9n%2C%20inform%C3%B3%20el%20gobernador%20regional&#038;url=https:\/\/radiorevelacionfm.cl\/?p=55195' aria-hidden='false' data-av_icon='\ue8fc' data-av_iconfont='entypo-fontello' title='' data-avia-related-tooltip='Compartir en LinkedIn' rel=\"noopener\"><span class='avia_hidden_link_text'>Compartir en LinkedIn<\/span><\/a><\/li><li class='av-share-link av-social-link-mail' ><a  aria-label=\"Compartir por correo\" href='mailto:?subject=Subsecretar%C3%ADa%20de%20Hacienda%20se%20allana%20a%20iniciar%20camino%20para%20licitaci%C3%B3n%20de%20Zona%20Franca%20en%20Ays%C3%A9n%2C%20inform%C3%B3%20el%20gobernador%20regional&#038;body=https:\/\/radiorevelacionfm.cl\/?p=55195' aria-hidden='false' data-av_icon='\ue805' data-av_iconfont='entypo-fontello' title='' data-avia-related-tooltip='Compartir por correo'><span class='avia_hidden_link_text'>Compartir por correo<\/span><\/a><\/li><\/ul><\/div><\/div>\n<div  style='height:50px' class='hr hr-invisible   avia-builder-el-8  el_after_av_social_share  el_before_av_comments_list '><span class='hr-inner ' ><span class='hr-inner-style'><\/span><\/span><\/div>\n<div  class='av-buildercomment  av-blog-meta-html-info-disabled av-blog-meta-tag-disabled  '><\/div>\n","protected":false},"excerpt":{"rendered":"","protected":false},"author":1,"featured_media":55196,"comment_status":"closed","ping_status":"closed","sticky":false,"template":"","format":"standard","meta":{"footnotes":""},"categories":[45],"tags":[],"class_list":["post-55195","post","type-post","status-publish","format-standard","has-post-thumbnail","hentry","category-comercio"],"jetpack_featured_media_url":"https:\/\/radiorevelacionfm.cl\/wp-content\/uploads\/2025\/06\/Gobernador-Marcelo-Santana-y-subsecretaria-de-Hacienda-1-1.jpg","_links":{"self":[{"href":"https:\/\/radiorevelacionfm.cl\/index.php?rest_route=\/wp\/v2\/posts\/55195","targetHints":{"allow":["GET"]}}],"collection":[{"href":"https:\/\/radiorevelacionfm.cl\/index.php?rest_route=\/wp\/v2\/posts"}],"about":[{"href":"https:\/\/radiorevelacionfm.cl\/index.php?rest_route=\/wp\/v2\/types\/post"}],"author":[{"embeddable":true,"href":"https:\/\/radiorevelacionfm.cl\/index.php?rest_route=\/wp\/v2\/users\/1"}],"replies":[{"embeddable":true,"href":"https:\/\/radiorevelacionfm.cl\/index.php?rest_route=%2Fwp%2Fv2%2Fcomments&post=55195"}],"version-history":[{"count":2,"href":"https:\/\/radiorevelacionfm.cl\/index.php?rest_route=\/wp\/v2\/posts\/55195\/revisions"}],"predecessor-version":[{"id":55198,"href":"https:\/\/radiorevelacionfm.cl\/index.php?rest_route=\/wp\/v2\/posts\/55195\/revisions\/55198"}],"wp:featuredmedia":[{"embeddable":true,"href":"https:\/\/radiorevelacionfm.cl\/index.php?rest_route=\/wp\/v2\/media\/55196"}],"wp:attachment":[{"href":"https:\/\/radiorevelacionfm.cl\/index.php?rest_route=%2Fwp%2Fv2%2Fmedia&parent=55195"}],"wp:term":[{"taxonomy":"category","embeddable":true,"href":"https:\/\/radiorevelacionfm.cl\/index.php?rest_route=%2Fwp%2Fv2%2Fcategories&post=55195"},{"taxonomy":"post_tag","embeddable":true,"href":"https:\/\/radiorevelacionfm.cl\/index.php?rest_route=%2Fwp%2Fv2%2Ftags&post=55195"}],"curies":[{"name":"wp","href":"https:\/\/api.w.org\/{rel}","templated":true}]}}