{"id":55190,"date":"2025-06-13T11:34:09","date_gmt":"2025-06-13T14:34:09","guid":{"rendered":"https:\/\/radiorevelacionfm.cl\/?p=55190"},"modified":"2025-06-13T11:34:09","modified_gmt":"2025-06-13T14:34:09","slug":"inacap-sede-coyhaique-y-gobierno-regional-de-aysen-consolidan-alianza-estrategica-para-el-desarrollo-territorial-y-academico","status":"publish","type":"post","link":"https:\/\/radiorevelacionfm.cl\/?p=55190","title":{"rendered":"INACAP Sede Coyhaique y Gobierno Regional de Ays\u00e9n consolidan alianza estrat\u00e9gica para el desarrollo territorial y acad\u00e9mico"},"content":{"rendered":"<div class=\"flex_column av_one_full  flex_column_div av-zero-column-padding first  avia-builder-el-0  el_before_av_one_full  avia-builder-el-first  \" style='border-radius:0px; '><div  class='avia-image-container  av-styling-    avia-builder-el-1  avia-builder-el-no-sibling  avia-align-center '  itemprop=\"image\" itemscope=\"itemscope\" itemtype=\"https:\/\/schema.org\/ImageObject\"  ><div class='avia-image-container-inner'><div class='avia-image-overlay-wrap'><img decoding=\"async\" class='wp-image-55191 avia-img-lazy-loading-not-55191 avia_image' src=\"https:\/\/radiorevelacionfm.cl\/wp-content\/uploads\/2025\/06\/DSC06989-1-1-1.jpg\" alt='' title='DSC06989 (1) (1) (1)' height=\"600\" width=\"898\"  itemprop=\"thumbnailUrl\" srcset=\"https:\/\/radiorevelacionfm.cl\/wp-content\/uploads\/2025\/06\/DSC06989-1-1-1.jpg 898w, https:\/\/radiorevelacionfm.cl\/wp-content\/uploads\/2025\/06\/DSC06989-1-1-1-300x200.jpg 300w, https:\/\/radiorevelacionfm.cl\/wp-content\/uploads\/2025\/06\/DSC06989-1-1-1-768x513.jpg 768w, https:\/\/radiorevelacionfm.cl\/wp-content\/uploads\/2025\/06\/DSC06989-1-1-1-705x471.jpg 705w, https:\/\/radiorevelacionfm.cl\/wp-content\/uploads\/2025\/06\/DSC06989-1-1-1-450x301.jpg 450w, https:\/\/radiorevelacionfm.cl\/wp-content\/uploads\/2025\/06\/DSC06989-1-1-1-600x401.jpg 600w\" sizes=\"(max-width: 898px) 100vw, 898px\" \/><\/div><\/div><\/div><\/div><div class=\"flex_column av_one_full  flex_column_div av-zero-column-padding first  avia-builder-el-2  el_after_av_one_full  el_before_av_one_full  column-top-margin\" style='border-radius:0px; '><section class=\"av_textblock_section \"  itemscope=\"itemscope\" itemtype=\"https:\/\/schema.org\/BlogPosting\" itemprop=\"blogPost\" ><div class='avia_textblock  '   itemprop=\"text\" ><p style=\"text-align: center;\"><span style=\"font-size: 18pt;\"><strong>INACAP Sede Coyhaique y Gobierno Regional de Ays\u00e9n consolidan alianza estrat\u00e9gica para el desarrollo territorial y acad\u00e9mico<\/strong><\/span><\/p>\n<div id=\"gtx-trans\" style=\"position: absolute; left: -50px; top: 4.31534px;\">\n<div class=\"gtx-trans-icon\"><\/div>\n<\/div>\n<\/div><\/section><\/div><div class=\"flex_column av_one_full  flex_column_div av-zero-column-padding first  avia-builder-el-4  el_after_av_one_full  el_before_av_hr  column-top-margin\" style='border-radius:0px; '><section class=\"av_textblock_section \"  itemscope=\"itemscope\" itemtype=\"https:\/\/schema.org\/BlogPosting\" itemprop=\"blogPost\" ><div class='avia_textblock  '   itemprop=\"text\" ><p style=\"text-align: justify;\">Con el objetivo de establecer canales de colaboraci\u00f3n en iniciativas orientadas al desarrollo sostenible de la Regi\u00f3n de Ays\u00e9n, INACAP Sede Coyhaique realiz\u00f3 una visita institucional al Gobierno Regional, donde se sostuvo una reuni\u00f3n con el Administrador Regional, <strong>N\u00e9stor Mera Mu\u00f1oz<\/strong>. La instancia permiti\u00f3 abrir un espacio de di\u00e1logo para proyectar l\u00edneas de trabajo conjunto que favorezcan tanto a la comunidad estudiantil como al territorio en su conjunto.<\/p>\n<p style=\"text-align: justify;\">Durante el encuentro, se abordaron temas clave relacionados con <strong>el fortalecimiento territorial, la innovaci\u00f3n y el desarrollo sostenible<\/strong>, desde una mirada acad\u00e9mica vinculada directamente con las necesidades regionales. Esta articulaci\u00f3n entre el \u00e1mbito p\u00fablico y la educaci\u00f3n superior representa una oportunidad estrat\u00e9gica para promover proyectos con impacto social, econ\u00f3mico y formativo.<\/p>\n<p style=\"text-align: justify;\">La <strong>asesora pedag\u00f3gica de INACAP Sede Coyhaique, Andrea Rojas<\/strong>, destac\u00f3 el valor de este tipo de instancias \u201cComo instituci\u00f3n de educaci\u00f3n superior con fuerte presencia en la regi\u00f3n, buscamos constantemente vincularnos con los actores p\u00fablicos y privados. Esta reuni\u00f3n nos permite generar alianzas que impacten positivamente en la formaci\u00f3n de nuestros estudiantes y en el crecimiento de Ays\u00e9n\u201d.<\/p>\n<p style=\"text-align: justify;\">Por su parte, el <strong>Administrador Regional, N\u00e9stor Mera Mu\u00f1oz<\/strong>, valor\u00f3 el acercamiento institucional y el potencial de una colaboraci\u00f3n sostenida \u201cEl trabajo conjunto con INACAP nos permitir\u00e1 abordar desaf\u00edos territoriales relevantes con una mirada t\u00e9cnica y formativa. Es fundamental que las instituciones acad\u00e9micas se integren activamente en los procesos de desarrollo regional.\u201d<\/p>\n<p style=\"text-align: justify;\">Esta alianza refleja un compromiso concreto por articular acciones que respondan a las oportunidades de la regi\u00f3n, fomentando una educaci\u00f3n conectada con el entorno y alineada con las pol\u00edticas p\u00fablicas de desarrollo.<\/p>\n<p style=\"text-align: justify;\">Con esta visita, INACAP Sede Coyhaique reafirma su <strong>compromiso firme y sostenido con el crecimiento integral de la Regi\u00f3n de Ays\u00e9n<\/strong>, promoviendo una formaci\u00f3n acad\u00e9mica de excelencia al servicio del territorio y sus comunidades.<\/p>\n<\/div><\/section><\/div><div  style='height:50px' class='hr hr-invisible   avia-builder-el-6  el_after_av_one_full  el_before_av_social_share '><span class='hr-inner ' ><span class='hr-inner-style'><\/span><\/span><\/div><\/p>\n<div  class='av-social-sharing-box  avia-builder-el-7  el_after_av_hr  el_before_av_hr  '><div class='av-share-box'><h5 class='av-share-link-description av-no-toc '>Compartir esta noticia<\/h5><ul class='av-share-box-list noLightbox'><li class='av-share-link av-social-link-facebook' ><a target=\"_blank\" aria-label=\"Compartir en Facebook\" href='https:\/\/www.facebook.com\/sharer.php?u=https:\/\/radiorevelacionfm.cl\/?p=55190&#038;t=INACAP%20Sede%20Coyhaique%20y%20Gobierno%20Regional%20de%20Ays%C3%A9n%20consolidan%20alianza%20estrat%C3%A9gica%20para%20el%20desarrollo%20territorial%20y%20acad%C3%A9mico' aria-hidden='false' data-av_icon='\ue8f3' data-av_iconfont='entypo-fontello' title='' data-avia-related-tooltip='Compartir en Facebook' rel=\"noopener\"><span class='avia_hidden_link_text'>Compartir en Facebook<\/span><\/a><\/li><li class='av-share-link av-social-link-twitter' ><a target=\"_blank\" aria-label=\"Compartir en Twitter\" href='https:\/\/twitter.com\/share?text=INACAP%20Sede%20Coyhaique%20y%20Gobierno%20Regional%20de%20Ays%C3%A9n%20consolidan%20alianza%20estrat%C3%A9gica%20para%20el%20desarrollo%20territorial%20y%20acad%C3%A9mico&#038;url=https:\/\/radiorevelacionfm.cl\/?p=55190' aria-hidden='false' data-av_icon='\ue8f1' data-av_iconfont='entypo-fontello' title='' data-avia-related-tooltip='Compartir en Twitter' rel=\"noopener\"><span class='avia_hidden_link_text'>Compartir en Twitter<\/span><\/a><\/li><li class='av-share-link av-social-link-whatsapp' ><a target=\"_blank\" aria-label=\"Compartir en Whatsapp\" href='https:\/\/api.whatsapp.com\/send?text=https:\/\/radiorevelacionfm.cl\/?p=55190' aria-hidden='false' data-av_icon='\uf232' data-av_iconfont='entypo-fontello' title='' data-avia-related-tooltip='Compartir en Whatsapp' rel=\"noopener\"><span class='avia_hidden_link_text'>Compartir en Whatsapp<\/span><\/a><\/li><li class='av-share-link av-social-link-linkedin' ><a target=\"_blank\" aria-label=\"Compartir en LinkedIn\" href='https:\/\/linkedin.com\/shareArticle?mini=true&#038;title=INACAP%20Sede%20Coyhaique%20y%20Gobierno%20Regional%20de%20Ays%C3%A9n%20consolidan%20alianza%20estrat%C3%A9gica%20para%20el%20desarrollo%20territorial%20y%20acad%C3%A9mico&#038;url=https:\/\/radiorevelacionfm.cl\/?p=55190' aria-hidden='false' data-av_icon='\ue8fc' data-av_iconfont='entypo-fontello' title='' data-avia-related-tooltip='Compartir en LinkedIn' rel=\"noopener\"><span class='avia_hidden_link_text'>Compartir en LinkedIn<\/span><\/a><\/li><li class='av-share-link av-social-link-mail' ><a  aria-label=\"Compartir por correo\" href='mailto:?subject=INACAP%20Sede%20Coyhaique%20y%20Gobierno%20Regional%20de%20Ays%C3%A9n%20consolidan%20alianza%20estrat%C3%A9gica%20para%20el%20desarrollo%20territorial%20y%20acad%C3%A9mico&#038;body=https:\/\/radiorevelacionfm.cl\/?p=55190' aria-hidden='false' data-av_icon='\ue805' data-av_iconfont='entypo-fontello' title='' data-avia-related-tooltip='Compartir por correo'><span class='avia_hidden_link_text'>Compartir por correo<\/span><\/a><\/li><\/ul><\/div><\/div>\n<div  style='height:50px' class='hr hr-invisible   avia-builder-el-8  el_after_av_social_share  el_before_av_comments_list '><span class='hr-inner ' ><span class='hr-inner-style'><\/span><\/span><\/div>\n<div  class='av-buildercomment  av-blog-meta-html-info-disabled av-blog-meta-tag-disabled  '><\/div>\n","protected":false},"excerpt":{"rendered":"","protected":false},"author":1,"featured_media":55191,"comment_status":"closed","ping_status":"closed","sticky":false,"template":"","format":"standard","meta":{"footnotes":""},"categories":[38],"tags":[],"class_list":["post-55190","post","type-post","status-publish","format-standard","has-post-thumbnail","hentry","category-regional"],"jetpack_featured_media_url":"https:\/\/radiorevelacionfm.cl\/wp-content\/uploads\/2025\/06\/DSC06989-1-1-1.jpg","_links":{"self":[{"href":"https:\/\/radiorevelacionfm.cl\/index.php?rest_route=\/wp\/v2\/posts\/55190","targetHints":{"allow":["GET"]}}],"collection":[{"href":"https:\/\/radiorevelacionfm.cl\/index.php?rest_route=\/wp\/v2\/posts"}],"about":[{"href":"https:\/\/radiorevelacionfm.cl\/index.php?rest_route=\/wp\/v2\/types\/post"}],"author":[{"embeddable":true,"href":"https:\/\/radiorevelacionfm.cl\/index.php?rest_route=\/wp\/v2\/users\/1"}],"replies":[{"embeddable":true,"href":"https:\/\/radiorevelacionfm.cl\/index.php?rest_route=%2Fwp%2Fv2%2Fcomments&post=55190"}],"version-history":[{"count":2,"href":"https:\/\/radiorevelacionfm.cl\/index.php?rest_route=\/wp\/v2\/posts\/55190\/revisions"}],"predecessor-version":[{"id":55214,"href":"https:\/\/radiorevelacionfm.cl\/index.php?rest_route=\/wp\/v2\/posts\/55190\/revisions\/55214"}],"wp:featuredmedia":[{"embeddable":true,"href":"https:\/\/radiorevelacionfm.cl\/index.php?rest_route=\/wp\/v2\/media\/55191"}],"wp:attachment":[{"href":"https:\/\/radiorevelacionfm.cl\/index.php?rest_route=%2Fwp%2Fv2%2Fmedia&parent=55190"}],"wp:term":[{"taxonomy":"category","embeddable":true,"href":"https:\/\/radiorevelacionfm.cl\/index.php?rest_route=%2Fwp%2Fv2%2Fcategories&post=55190"},{"taxonomy":"post_tag","embeddable":true,"href":"https:\/\/radiorevelacionfm.cl\/index.php?rest_route=%2Fwp%2Fv2%2Ftags&post=55190"}],"curies":[{"name":"wp","href":"https:\/\/api.w.org\/{rel}","templated":true}]}}