{"id":55187,"date":"2025-06-13T11:06:19","date_gmt":"2025-06-13T14:06:19","guid":{"rendered":"https:\/\/radiorevelacionfm.cl\/?p=55187"},"modified":"2025-06-13T11:06:19","modified_gmt":"2025-06-13T14:06:19","slug":"inscripciones-abiertas-programa-emprendo-contigo-fosis-dedecon","status":"publish","type":"post","link":"https:\/\/radiorevelacionfm.cl\/?p=55187","title":{"rendered":"Inscripciones abiertas programa Emprendo Contigo FOSIS-Dedecon"},"content":{"rendered":"<div class=\"flex_column av_one_full  flex_column_div av-zero-column-padding first  avia-builder-el-0  el_before_av_one_full  avia-builder-el-first  \" style='border-radius:0px; '><div  class='avia-image-container  av-styling-    avia-builder-el-1  avia-builder-el-no-sibling  avia-align-center '  itemprop=\"image\" itemscope=\"itemscope\" itemtype=\"https:\/\/schema.org\/ImageObject\"  ><div class='avia-image-container-inner'><div class='avia-image-overlay-wrap'><img decoding=\"async\" class='wp-image-55188 avia-img-lazy-loading-not-55188 avia_image' src=\"https:\/\/radiorevelacionfm.cl\/wp-content\/uploads\/2025\/06\/FOSIS-Dedecon-1-1.jpg\" alt='' title='FOSIS-Dedecon (1) (1)' height=\"600\" width=\"900\"  itemprop=\"thumbnailUrl\" srcset=\"https:\/\/radiorevelacionfm.cl\/wp-content\/uploads\/2025\/06\/FOSIS-Dedecon-1-1.jpg 900w, https:\/\/radiorevelacionfm.cl\/wp-content\/uploads\/2025\/06\/FOSIS-Dedecon-1-1-300x200.jpg 300w, https:\/\/radiorevelacionfm.cl\/wp-content\/uploads\/2025\/06\/FOSIS-Dedecon-1-1-768x512.jpg 768w, https:\/\/radiorevelacionfm.cl\/wp-content\/uploads\/2025\/06\/FOSIS-Dedecon-1-1-705x470.jpg 705w, https:\/\/radiorevelacionfm.cl\/wp-content\/uploads\/2025\/06\/FOSIS-Dedecon-1-1-450x300.jpg 450w, https:\/\/radiorevelacionfm.cl\/wp-content\/uploads\/2025\/06\/FOSIS-Dedecon-1-1-600x400.jpg 600w\" sizes=\"(max-width: 900px) 100vw, 900px\" \/><\/div><\/div><\/div><\/div><div class=\"flex_column av_one_full  flex_column_div av-zero-column-padding first  avia-builder-el-2  el_after_av_one_full  el_before_av_one_full  column-top-margin\" style='border-radius:0px; '><section class=\"av_textblock_section \"  itemscope=\"itemscope\" itemtype=\"https:\/\/schema.org\/BlogPosting\" itemprop=\"blogPost\" ><div class='avia_textblock  '   itemprop=\"text\" ><h2 class=\"subject\" style=\"text-align: center;\"><strong><span style=\"font-size: 18pt;\">Inscripciones abiertas programa Emprendo Contigo FOSIS-Dedecon\u00a0<\/span><\/strong><\/h2>\n<div id=\"gtx-trans\" style=\"position: absolute; left: -50px; top: 4.31534px;\">\n<div class=\"gtx-trans-icon\"><\/div>\n<\/div>\n<\/div><\/section><\/div><div class=\"flex_column av_one_full  flex_column_div av-zero-column-padding first  avia-builder-el-4  el_after_av_one_full  el_before_av_hr  column-top-margin\" style='border-radius:0px; '><section class=\"av_textblock_section \"  itemscope=\"itemscope\" itemtype=\"https:\/\/schema.org\/BlogPosting\" itemprop=\"blogPost\" ><div class='avia_textblock  '   itemprop=\"text\" ><ul style=\"text-align: justify;\">\n<li style=\"text-align: justify;\"><em>El FOSIS y la Defensor\u00eda del Contribuyente se unen para apoyar a las personas emprendedoras m\u00e1s vulnerables, que buscan resolver dudas y avanzar en temas relacionados con la formalizaci\u00f3n de sus negocios.<\/em><\/li>\n<li><em>Las inscripciones al programa Emprendo Contigo y servicios de apoyo al contribuyente se pueden realizar desde www.fosis.gob.cl<\/em><\/li>\n<\/ul>\n<p style=\"text-align: justify;\">El Fondo de Solidaridad e Inversi\u00f3n Social, FOSIS, y la Defensor\u00eda del Contribuyente, Dedecon, nuevamente se han unido para entregar informaci\u00f3n y apoyo en materias tributarias, para orientar sobre la formalizaci\u00f3n de los emprendimientos, tanto para quienes a\u00fan no se formalizan como para aquellos que lo hicieron recientemente y necesitan apoyo para promover el desarrollo de sus negocios.<\/p>\n<p style=\"text-align: justify;\">Esta alianza permitir\u00e1 a personas emprendedoras acceder a orientaci\u00f3n tributaria y un plan especial de acompa\u00f1amiento. De esta manera tendr\u00e1n la posibilidad de hacer consultas relativas a la formalizaci\u00f3n en distintas tem\u00e1ticas tributarias, administrativas y t\u00e9cnicas.<\/p>\n<p style=\"text-align: justify;\">Fernanda Leiva, directora regional del FOSIS, recalc\u00f3 que \u201cla formalizaci\u00f3n es una tem\u00e1tica de inter\u00e9s para personas emprendedoras y que estamos abordando desde el Gobierno a trav\u00e9s esta alianza del FOSIS con la Dedecon. Si bien muchas veces genera dudas o existe confusi\u00f3n sobre los beneficios que conlleva dar este paso, la formalizaci\u00f3n es una gran oportunidad para desarrollar y consolidar negocios\u201d.<\/p>\n<p style=\"text-align: justify;\">La autoridad convoc\u00f3 a emprendedores y emprendedoras locales a aprovechar estas oportunidades para el crecimiento de sus negocios. \u201cQueremos invitar a personas emprendedoras de nuestra regi\u00f3n que est\u00e9n interesadas en formalizarse y recibir orientaci\u00f3n en tr\u00e1mite tributarios, para que se informen sobre el programa Emprendo Contigo y los servicios de apoyo al contribuyente a los que pueden accede desde el sitio web del FOSIS www.fosis.gob.cl\u201d.<\/p>\n<p style=\"text-align: justify;\">Cerca del 70% de quienes postulan a los programas de FOSIS no se formalizan, ya sea porque el tr\u00e1mite es dif\u00edcil de entender o es muy costoso, por ello esta alianza busca, adem\u00e1s, orientar e informar a las personas emprendedoras, para que inicien este importante y necesario paso.<\/p>\n<p style=\"text-align: justify;\">Los servicios que entrega la Defensor\u00eda del Contribuyente, adem\u00e1s de orientaci\u00f3n y apoyo tributario, son representaci\u00f3n administrativa; mediaci\u00f3n ante el SII; informes y opiniones t\u00e9cnicas; gesti\u00f3n de quejas ante el SII y representaci\u00f3n judicial ante vulneraci\u00f3n de derechos. Adem\u00e1s, las personas se podr\u00e1n sumar al Programa de Acompa\u00f1amiento Tributario Emprendo Contigo, que tiene una duraci\u00f3n entre 3 y 24 meses, seg\u00fan sea la modalidad que les corresponda. Para acceder a los servicios, la informaci\u00f3n est\u00e1 disponible en www.fosis.gob.cl.<\/p>\n<p style=\"text-align: justify;\">Entre los beneficios respecto de la formalizaci\u00f3n de los emprendimientos destacan la apertura de puertas a nuevos y mejores mercados, la facilitaci\u00f3n de acceso a cr\u00e9ditos y subsidios, una mayor credibilidad de parte de los clientes, la posibilidad de ser proveedor de otros negocios, evitar riesgos de multas al Servicio de Impuestos Internos, entre otros beneficios que fueron dados a conocer por las autoridades.<\/p>\n<\/div><\/section><\/div><div  style='height:50px' class='hr hr-invisible   avia-builder-el-6  el_after_av_one_full  el_before_av_social_share '><span class='hr-inner ' ><span class='hr-inner-style'><\/span><\/span><\/div><\/p>\n<div  class='av-social-sharing-box  avia-builder-el-7  el_after_av_hr  el_before_av_hr  '><div class='av-share-box'><h5 class='av-share-link-description av-no-toc '>Compartir esta noticia<\/h5><ul class='av-share-box-list noLightbox'><li class='av-share-link av-social-link-facebook' ><a target=\"_blank\" aria-label=\"Compartir en Facebook\" href='https:\/\/www.facebook.com\/sharer.php?u=https:\/\/radiorevelacionfm.cl\/?p=55187&#038;t=Inscripciones%20abiertas%20programa%20Emprendo%20Contigo%20FOSIS-Dedecon' aria-hidden='false' data-av_icon='\ue8f3' data-av_iconfont='entypo-fontello' title='' data-avia-related-tooltip='Compartir en Facebook' rel=\"noopener\"><span class='avia_hidden_link_text'>Compartir en Facebook<\/span><\/a><\/li><li class='av-share-link av-social-link-twitter' ><a target=\"_blank\" aria-label=\"Compartir en Twitter\" href='https:\/\/twitter.com\/share?text=Inscripciones%20abiertas%20programa%20Emprendo%20Contigo%20FOSIS-Dedecon&#038;url=https:\/\/radiorevelacionfm.cl\/?p=55187' aria-hidden='false' data-av_icon='\ue8f1' data-av_iconfont='entypo-fontello' title='' data-avia-related-tooltip='Compartir en Twitter' rel=\"noopener\"><span class='avia_hidden_link_text'>Compartir en Twitter<\/span><\/a><\/li><li class='av-share-link av-social-link-whatsapp' ><a target=\"_blank\" aria-label=\"Compartir en Whatsapp\" href='https:\/\/api.whatsapp.com\/send?text=https:\/\/radiorevelacionfm.cl\/?p=55187' aria-hidden='false' data-av_icon='\uf232' data-av_iconfont='entypo-fontello' title='' data-avia-related-tooltip='Compartir en Whatsapp' rel=\"noopener\"><span class='avia_hidden_link_text'>Compartir en Whatsapp<\/span><\/a><\/li><li class='av-share-link av-social-link-linkedin' ><a target=\"_blank\" aria-label=\"Compartir en LinkedIn\" href='https:\/\/linkedin.com\/shareArticle?mini=true&#038;title=Inscripciones%20abiertas%20programa%20Emprendo%20Contigo%20FOSIS-Dedecon&#038;url=https:\/\/radiorevelacionfm.cl\/?p=55187' aria-hidden='false' data-av_icon='\ue8fc' data-av_iconfont='entypo-fontello' title='' data-avia-related-tooltip='Compartir en LinkedIn' rel=\"noopener\"><span class='avia_hidden_link_text'>Compartir en LinkedIn<\/span><\/a><\/li><li class='av-share-link av-social-link-mail' ><a  aria-label=\"Compartir por correo\" href='mailto:?subject=Inscripciones%20abiertas%20programa%20Emprendo%20Contigo%20FOSIS-Dedecon&#038;body=https:\/\/radiorevelacionfm.cl\/?p=55187' aria-hidden='false' data-av_icon='\ue805' data-av_iconfont='entypo-fontello' title='' data-avia-related-tooltip='Compartir por correo'><span class='avia_hidden_link_text'>Compartir por correo<\/span><\/a><\/li><\/ul><\/div><\/div>\n<div  style='height:50px' class='hr hr-invisible   avia-builder-el-8  el_after_av_social_share  el_before_av_comments_list '><span class='hr-inner ' ><span class='hr-inner-style'><\/span><\/span><\/div>\n<div  class='av-buildercomment  av-blog-meta-html-info-disabled av-blog-meta-tag-disabled  '><\/div>\n","protected":false},"excerpt":{"rendered":"","protected":false},"author":1,"featured_media":55188,"comment_status":"closed","ping_status":"closed","sticky":false,"template":"","format":"standard","meta":{"footnotes":""},"categories":[45],"tags":[],"class_list":["post-55187","post","type-post","status-publish","format-standard","has-post-thumbnail","hentry","category-comercio"],"jetpack_featured_media_url":"https:\/\/radiorevelacionfm.cl\/wp-content\/uploads\/2025\/06\/FOSIS-Dedecon-1-1.jpg","_links":{"self":[{"href":"https:\/\/radiorevelacionfm.cl\/index.php?rest_route=\/wp\/v2\/posts\/55187","targetHints":{"allow":["GET"]}}],"collection":[{"href":"https:\/\/radiorevelacionfm.cl\/index.php?rest_route=\/wp\/v2\/posts"}],"about":[{"href":"https:\/\/radiorevelacionfm.cl\/index.php?rest_route=\/wp\/v2\/types\/post"}],"author":[{"embeddable":true,"href":"https:\/\/radiorevelacionfm.cl\/index.php?rest_route=\/wp\/v2\/users\/1"}],"replies":[{"embeddable":true,"href":"https:\/\/radiorevelacionfm.cl\/index.php?rest_route=%2Fwp%2Fv2%2Fcomments&post=55187"}],"version-history":[{"count":2,"href":"https:\/\/radiorevelacionfm.cl\/index.php?rest_route=\/wp\/v2\/posts\/55187\/revisions"}],"predecessor-version":[{"id":55213,"href":"https:\/\/radiorevelacionfm.cl\/index.php?rest_route=\/wp\/v2\/posts\/55187\/revisions\/55213"}],"wp:featuredmedia":[{"embeddable":true,"href":"https:\/\/radiorevelacionfm.cl\/index.php?rest_route=\/wp\/v2\/media\/55188"}],"wp:attachment":[{"href":"https:\/\/radiorevelacionfm.cl\/index.php?rest_route=%2Fwp%2Fv2%2Fmedia&parent=55187"}],"wp:term":[{"taxonomy":"category","embeddable":true,"href":"https:\/\/radiorevelacionfm.cl\/index.php?rest_route=%2Fwp%2Fv2%2Fcategories&post=55187"},{"taxonomy":"post_tag","embeddable":true,"href":"https:\/\/radiorevelacionfm.cl\/index.php?rest_route=%2Fwp%2Fv2%2Ftags&post=55187"}],"curies":[{"name":"wp","href":"https:\/\/api.w.org\/{rel}","templated":true}]}}