{"id":55184,"date":"2025-06-13T10:30:20","date_gmt":"2025-06-13T13:30:20","guid":{"rendered":"https:\/\/radiorevelacionfm.cl\/?p=55184"},"modified":"2025-06-13T10:30:20","modified_gmt":"2025-06-13T13:30:20","slug":"juventudes-participan-en-jornada-sobre-bienestar-y-autocuidado-impulsada-por-injuv-y-junaeb","status":"publish","type":"post","link":"https:\/\/radiorevelacionfm.cl\/?p=55184","title":{"rendered":"Juventudes participan en jornada sobre bienestar y autocuidado impulsada por INJUV y JUNAEB"},"content":{"rendered":"<div class=\"flex_column av_one_full  flex_column_div av-zero-column-padding first  avia-builder-el-0  el_before_av_one_full  avia-builder-el-first  \" style='border-radius:0px; '><div  class='avia-image-container  av-styling-    avia-builder-el-1  avia-builder-el-no-sibling  avia-align-center '  itemprop=\"image\" itemscope=\"itemscope\" itemtype=\"https:\/\/schema.org\/ImageObject\"  ><div class='avia-image-container-inner'><div class='avia-image-overlay-wrap'><img decoding=\"async\" class='wp-image-55185 avia-img-lazy-loading-not-55185 avia_image' src=\"https:\/\/radiorevelacionfm.cl\/wp-content\/uploads\/2025\/06\/FOTO-1-87-1.jpg\" alt='' title='FOTO 1 (87) (1)' height=\"600\" width=\"876\"  itemprop=\"thumbnailUrl\" srcset=\"https:\/\/radiorevelacionfm.cl\/wp-content\/uploads\/2025\/06\/FOTO-1-87-1.jpg 876w, https:\/\/radiorevelacionfm.cl\/wp-content\/uploads\/2025\/06\/FOTO-1-87-1-300x205.jpg 300w, https:\/\/radiorevelacionfm.cl\/wp-content\/uploads\/2025\/06\/FOTO-1-87-1-768x526.jpg 768w, https:\/\/radiorevelacionfm.cl\/wp-content\/uploads\/2025\/06\/FOTO-1-87-1-705x483.jpg 705w, https:\/\/radiorevelacionfm.cl\/wp-content\/uploads\/2025\/06\/FOTO-1-87-1-450x308.jpg 450w, https:\/\/radiorevelacionfm.cl\/wp-content\/uploads\/2025\/06\/FOTO-1-87-1-600x411.jpg 600w\" sizes=\"(max-width: 876px) 100vw, 876px\" \/><\/div><\/div><\/div><\/div><div class=\"flex_column av_one_full  flex_column_div av-zero-column-padding first  avia-builder-el-2  el_after_av_one_full  el_before_av_one_full  column-top-margin\" style='border-radius:0px; '><section class=\"av_textblock_section \"  itemscope=\"itemscope\" itemtype=\"https:\/\/schema.org\/BlogPosting\" itemprop=\"blogPost\" ><div class='avia_textblock  '   itemprop=\"text\" ><p style=\"text-align: center;\"><span style=\"font-size: 18pt;\"><strong>Juventudes participan en jornada sobre bienestar y autocuidado impulsada por INJUV y JUNAEB<\/strong><\/span><\/p>\n<div id=\"gtx-trans\" style=\"position: absolute; left: -50px; top: 4.31534px;\">\n<div class=\"gtx-trans-icon\"><\/div>\n<\/div>\n<\/div><\/section><\/div><div class=\"flex_column av_one_full  flex_column_div av-zero-column-padding first  avia-builder-el-4  el_after_av_one_full  el_before_av_hr  column-top-margin\" style='border-radius:0px; '><section class=\"av_textblock_section \"  itemscope=\"itemscope\" itemtype=\"https:\/\/schema.org\/BlogPosting\" itemprop=\"blogPost\" ><div class='avia_textblock  '   itemprop=\"text\" ><p style=\"text-align: justify;\">Con el objetivo de fomentar el bienestar f\u00edsico y mental entre las juventudes de la Regi\u00f3n de Ays\u00e9n, el Instituto Nacional de la Juventud (INJUV), con el apoyo de la Junta Nacional de Auxilio Escolar y Becas (Junaeb), realiz\u00f3 una activaci\u00f3n regional correspondiente al programa Hablemos de Todo, dirigida a j\u00f3venes del programa Residencia Familiar Estudiantil de la comuna de Coyhaique.<\/p>\n<p style=\"text-align: justify;\">La jornada estuvo a cargo de la psic\u00f3loga Macarena D\u00edaz, quien abord\u00f3 la tem\u00e1tica de la ansiedad mediante actividades l\u00fadicas e informaci\u00f3n basada en evidencia cient\u00edfica. El prop\u00f3sito fue entregar herramientas concretas para que las y los j\u00f3venes puedan identificar, comprender y manejar esta problem\u00e1tica de salud mental, cada vez m\u00e1s presente en sus entornos.<\/p>\n<p style=\"text-align: justify;\">\u201cEl bienestar mental de las juventudes es una prioridad para INJUV, y por eso desarrollamos este tipo de espacios que no solo entregan herramientas concretas, sino que tambi\u00e9n generan comunidad y conversaci\u00f3n. Las juventudes de Ays\u00e9n han sido claras en plantear que la ansiedad es un tema que les preocupa, y estamos respondiendo con acciones reales, escuchando sus voces y poni\u00e9ndolas en el centro de nuestro trabajo. Este encuentro en Coyhaique es una muestra de que cuando las instituciones se coordinan y conf\u00edan en las juventudes, se generan cambios significativos\u201d, indic\u00f3 el Director Regional de INJUV Ays\u00e9n, Camilo Trivi\u00f1o Urtubia.<\/p>\n<p style=\"text-align: justify;\">El Director Regional de JUNAEB, Manuel Vivar Aguila,\u00a0 sostuvo que\u00a0 \u201cel programa de residencia es muy importante para nuestra comunidad educativa, participan estudiantes de localidades rurales que en edad temprana se tienen que distanciar de sus familias, contexto donde se hace m\u00e1s relevante trabajar estas materias de autocuidado ante la ansiedad. Contentos adem\u00e1s por las redes institucionales que se construyen y el respaldo de INJUV, que nos permite ampliar las instancias de apoyo hacia los estudiantes\u201d.<\/p>\n<p style=\"text-align: justify;\">En tanto, Carlos Gallardo Aillap\u00e1n, joven de la localidad de Villa Mirta, valor\u00f3 la instancia, se\u00f1alando que \u201cme pareci\u00f3 una muy buena actividad porque nos ayuda mucho a orientarnos y saber qu\u00e9 hacer frente a un cuadro de ansiedad. Adem\u00e1s, este tipo de encuentros nos sirven porque conocemos y compartimos con m\u00e1s personas\u201d.<\/p>\n<p style=\"text-align: justify;\">Por su parte, Tiara Carrillo Hueitra, oriunda de la comuna de R\u00edo Ib\u00e1\u00f1ez, destac\u00f3 la experiencia como positiva y enriquecedora. \u201cFue una buena actividad y divertida porque conoc\u00ed a mucha gente. Es bueno que nos hablaran de la ansiedad, ya que muchas personas no saben de qu\u00e9 se trata ni c\u00f3mo sobrellevarla mejor\u201d, coment\u00f3.<\/p>\n<p style=\"text-align: justify;\">Cabe destacar que el programa Hablemos de Todo tiene a disposici\u00f3n de las juventudes un chat en l\u00ednea, gratuito y confidencial, atendido por profesionales de la salud mental. Este servicio funciona de lunes a viernes entre las 10:00 y 21:00 horas, y los s\u00e1bados entre las 11:00 y 17:00 horas, entregando orientaci\u00f3n, contenci\u00f3n emocional y derivaci\u00f3n si es necesario.<\/p>\n<p style=\"text-align: justify;\">Durante 2025, el programa enfocar\u00e1 su trabajo en tres tem\u00e1ticas priorizadas por las juventudes durante el Encuentro Territorial 2024: ansiedad, consumo de alcohol y drogas, e interrupci\u00f3n voluntaria del embarazo. Estos ser\u00e1n los ejes centrales del trabajo regional en Ays\u00e9n.<\/p>\n<p style=\"text-align: justify;\">Las y los j\u00f3venes interesados pueden obtener m\u00e1s informaci\u00f3n a trav\u00e9s del sitio web <a href=\"http:\/\/hablemosdetodo.injuv.gob.cl\">http:\/\/hablemosdetodo.injuv.gob.cl<\/a>, en redes sociales (@injuvaysen en Instagram, Twitter y Facebook), o de manera presencial en la Direcci\u00f3n Regional de INJUV Ays\u00e9n, ubicada en Manuel Rodr\u00edguez #239, Coyhaique. La atenci\u00f3n es de lunes a viernes, de 08:00 a 13:00 y de 14:00 a 17:00 horas (viernes hasta las 16:00).<\/p>\n<\/div><\/section><\/div><div  style='height:50px' class='hr hr-invisible   avia-builder-el-6  el_after_av_one_full  el_before_av_social_share '><span class='hr-inner ' ><span class='hr-inner-style'><\/span><\/span><\/div><\/p>\n<div  class='av-social-sharing-box  avia-builder-el-7  el_after_av_hr  el_before_av_hr  '><div class='av-share-box'><h5 class='av-share-link-description av-no-toc '>Compartir esta noticia<\/h5><ul class='av-share-box-list noLightbox'><li class='av-share-link av-social-link-facebook' ><a target=\"_blank\" aria-label=\"Compartir en Facebook\" href='https:\/\/www.facebook.com\/sharer.php?u=https:\/\/radiorevelacionfm.cl\/?p=55184&#038;t=Juventudes%20participan%20en%20jornada%20sobre%20bienestar%20y%20autocuidado%20impulsada%20por%20INJUV%20y%20JUNAEB' aria-hidden='false' data-av_icon='\ue8f3' data-av_iconfont='entypo-fontello' title='' data-avia-related-tooltip='Compartir en Facebook' rel=\"noopener\"><span class='avia_hidden_link_text'>Compartir en Facebook<\/span><\/a><\/li><li class='av-share-link av-social-link-twitter' ><a target=\"_blank\" aria-label=\"Compartir en Twitter\" href='https:\/\/twitter.com\/share?text=Juventudes%20participan%20en%20jornada%20sobre%20bienestar%20y%20autocuidado%20impulsada%20por%20INJUV%20y%20JUNAEB&#038;url=https:\/\/radiorevelacionfm.cl\/?p=55184' aria-hidden='false' data-av_icon='\ue8f1' data-av_iconfont='entypo-fontello' title='' data-avia-related-tooltip='Compartir en Twitter' rel=\"noopener\"><span class='avia_hidden_link_text'>Compartir en Twitter<\/span><\/a><\/li><li class='av-share-link av-social-link-whatsapp' ><a target=\"_blank\" aria-label=\"Compartir en Whatsapp\" href='https:\/\/api.whatsapp.com\/send?text=https:\/\/radiorevelacionfm.cl\/?p=55184' aria-hidden='false' data-av_icon='\uf232' data-av_iconfont='entypo-fontello' title='' data-avia-related-tooltip='Compartir en Whatsapp' rel=\"noopener\"><span class='avia_hidden_link_text'>Compartir en Whatsapp<\/span><\/a><\/li><li class='av-share-link av-social-link-linkedin' ><a target=\"_blank\" aria-label=\"Compartir en LinkedIn\" href='https:\/\/linkedin.com\/shareArticle?mini=true&#038;title=Juventudes%20participan%20en%20jornada%20sobre%20bienestar%20y%20autocuidado%20impulsada%20por%20INJUV%20y%20JUNAEB&#038;url=https:\/\/radiorevelacionfm.cl\/?p=55184' aria-hidden='false' data-av_icon='\ue8fc' data-av_iconfont='entypo-fontello' title='' data-avia-related-tooltip='Compartir en LinkedIn' rel=\"noopener\"><span class='avia_hidden_link_text'>Compartir en LinkedIn<\/span><\/a><\/li><li class='av-share-link av-social-link-mail' ><a  aria-label=\"Compartir por correo\" href='mailto:?subject=Juventudes%20participan%20en%20jornada%20sobre%20bienestar%20y%20autocuidado%20impulsada%20por%20INJUV%20y%20JUNAEB&#038;body=https:\/\/radiorevelacionfm.cl\/?p=55184' aria-hidden='false' data-av_icon='\ue805' data-av_iconfont='entypo-fontello' title='' data-avia-related-tooltip='Compartir por correo'><span class='avia_hidden_link_text'>Compartir por correo<\/span><\/a><\/li><\/ul><\/div><\/div>\n<div  style='height:50px' class='hr hr-invisible   avia-builder-el-8  el_after_av_social_share  el_before_av_comments_list '><span class='hr-inner ' ><span class='hr-inner-style'><\/span><\/span><\/div>\n<div  class='av-buildercomment  av-blog-meta-html-info-disabled av-blog-meta-tag-disabled  '><\/div>\n","protected":false},"excerpt":{"rendered":"","protected":false},"author":1,"featured_media":55185,"comment_status":"closed","ping_status":"closed","sticky":false,"template":"","format":"standard","meta":{"footnotes":""},"categories":[38],"tags":[],"class_list":["post-55184","post","type-post","status-publish","format-standard","has-post-thumbnail","hentry","category-regional"],"jetpack_featured_media_url":"https:\/\/radiorevelacionfm.cl\/wp-content\/uploads\/2025\/06\/FOTO-1-87-1.jpg","_links":{"self":[{"href":"https:\/\/radiorevelacionfm.cl\/index.php?rest_route=\/wp\/v2\/posts\/55184","targetHints":{"allow":["GET"]}}],"collection":[{"href":"https:\/\/radiorevelacionfm.cl\/index.php?rest_route=\/wp\/v2\/posts"}],"about":[{"href":"https:\/\/radiorevelacionfm.cl\/index.php?rest_route=\/wp\/v2\/types\/post"}],"author":[{"embeddable":true,"href":"https:\/\/radiorevelacionfm.cl\/index.php?rest_route=\/wp\/v2\/users\/1"}],"replies":[{"embeddable":true,"href":"https:\/\/radiorevelacionfm.cl\/index.php?rest_route=%2Fwp%2Fv2%2Fcomments&post=55184"}],"version-history":[{"count":2,"href":"https:\/\/radiorevelacionfm.cl\/index.php?rest_route=\/wp\/v2\/posts\/55184\/revisions"}],"predecessor-version":[{"id":55212,"href":"https:\/\/radiorevelacionfm.cl\/index.php?rest_route=\/wp\/v2\/posts\/55184\/revisions\/55212"}],"wp:featuredmedia":[{"embeddable":true,"href":"https:\/\/radiorevelacionfm.cl\/index.php?rest_route=\/wp\/v2\/media\/55185"}],"wp:attachment":[{"href":"https:\/\/radiorevelacionfm.cl\/index.php?rest_route=%2Fwp%2Fv2%2Fmedia&parent=55184"}],"wp:term":[{"taxonomy":"category","embeddable":true,"href":"https:\/\/radiorevelacionfm.cl\/index.php?rest_route=%2Fwp%2Fv2%2Fcategories&post=55184"},{"taxonomy":"post_tag","embeddable":true,"href":"https:\/\/radiorevelacionfm.cl\/index.php?rest_route=%2Fwp%2Fv2%2Ftags&post=55184"}],"curies":[{"name":"wp","href":"https:\/\/api.w.org\/{rel}","templated":true}]}}