{"id":55178,"date":"2025-06-12T19:11:41","date_gmt":"2025-06-12T22:11:41","guid":{"rendered":"https:\/\/radiorevelacionfm.cl\/?p=55178"},"modified":"2025-06-12T19:11:41","modified_gmt":"2025-06-12T22:11:41","slug":"sernac-lanza-consulta-ciudadana-para-conocer-la-realidad-de-las-juventudes-aysenina","status":"publish","type":"post","link":"https:\/\/radiorevelacionfm.cl\/?p=55178","title":{"rendered":"SERNAC lanza consulta ciudadana para conocer la realidad de las juventudes aysenina"},"content":{"rendered":"<div class=\"flex_column av_one_full  flex_column_div av-zero-column-padding first  avia-builder-el-0  el_before_av_one_full  avia-builder-el-first  \" style='border-radius:0px; '><div  class='avia-image-container  av-styling-    avia-builder-el-1  avia-builder-el-no-sibling  avia-align-center '  itemprop=\"image\" itemscope=\"itemscope\" itemtype=\"https:\/\/schema.org\/ImageObject\"  ><div class='avia-image-container-inner'><div class='avia-image-overlay-wrap'><img decoding=\"async\" class='wp-image-55179 avia-img-lazy-loading-not-55179 avia_image' src=\"https:\/\/radiorevelacionfm.cl\/wp-content\/uploads\/2025\/06\/coyhaique_plaza_de_armas_05-1.jpg\" alt='' title='coyhaique_plaza_de_armas_05 (1)' height=\"600\" width=\"800\"  itemprop=\"thumbnailUrl\" srcset=\"https:\/\/radiorevelacionfm.cl\/wp-content\/uploads\/2025\/06\/coyhaique_plaza_de_armas_05-1.jpg 800w, https:\/\/radiorevelacionfm.cl\/wp-content\/uploads\/2025\/06\/coyhaique_plaza_de_armas_05-1-300x225.jpg 300w, https:\/\/radiorevelacionfm.cl\/wp-content\/uploads\/2025\/06\/coyhaique_plaza_de_armas_05-1-768x576.jpg 768w, https:\/\/radiorevelacionfm.cl\/wp-content\/uploads\/2025\/06\/coyhaique_plaza_de_armas_05-1-705x529.jpg 705w, https:\/\/radiorevelacionfm.cl\/wp-content\/uploads\/2025\/06\/coyhaique_plaza_de_armas_05-1-450x338.jpg 450w, https:\/\/radiorevelacionfm.cl\/wp-content\/uploads\/2025\/06\/coyhaique_plaza_de_armas_05-1-600x450.jpg 600w\" sizes=\"(max-width: 800px) 100vw, 800px\" \/><\/div><\/div><\/div><\/div><div class=\"flex_column av_one_full  flex_column_div av-zero-column-padding first  avia-builder-el-2  el_after_av_one_full  el_before_av_one_full  column-top-margin\" style='border-radius:0px; '><section class=\"av_textblock_section \"  itemscope=\"itemscope\" itemtype=\"https:\/\/schema.org\/BlogPosting\" itemprop=\"blogPost\" ><div class='avia_textblock  '   itemprop=\"text\" ><p style=\"text-align: center;\"><span style=\"font-size: 18pt;\"><strong>SERNAC lanza Consulta Ciudadana para conocer la realidad de las juventudes aysenina<\/strong><\/span><\/p>\n<div id=\"gtx-trans\" style=\"position: absolute; left: -50px; top: 4.31534px;\">\n<div class=\"gtx-trans-icon\"><\/div>\n<\/div>\n<\/div><\/section><\/div><div class=\"flex_column av_one_full  flex_column_div av-zero-column-padding first  avia-builder-el-4  el_after_av_one_full  el_before_av_hr  column-top-margin\" style='border-radius:0px; '><section class=\"av_textblock_section \"  itemscope=\"itemscope\" itemtype=\"https:\/\/schema.org\/BlogPosting\" itemprop=\"blogPost\" ><div class='avia_textblock  '   itemprop=\"text\" ><ul>\n<li style=\"text-align: justify;\"><em>Las personas entre los 15 y 29 a\u00f1os est\u00e1n invitadas a participar de este mecanismo, que se realiza en colaboraci\u00f3n con el Instituto Nacional de la Juventud (INJUV). <\/em><\/li>\n<li style=\"text-align: justify;\"><em>Para participar se debe ingresar a <a href=\"http:\/\/www.sernac.cl\/consultaaysen\">sernac.cl\/consultaaysen<\/a> y completar el formulario, que no toma m\u00e1s de 10 minutos en realizarlo.<\/em><\/li>\n<li style=\"text-align: justify;\"><em>La consulta estar\u00e1 disponible hasta el pr\u00f3ximo 2 de julio.<\/em><\/li>\n<\/ul>\n<p style=\"text-align: justify;\">La Direcci\u00f3n Regional del SERNAC en Ays\u00e9n lanz\u00f3 una <strong>Consulta Ciudadana dirigida a juventudes<\/strong>, con el objetivo de levantar informaci\u00f3n clave sobre sus <strong>conocimientos, comportamientos y experiencias en relaci\u00f3n con sus derechos como consumidores<\/strong> y su interacci\u00f3n con el mercado.<\/p>\n<p style=\"text-align: justify;\">Esta iniciativa busca fortalecer los espacios de acceso a la informaci\u00f3n para este grupo etario, que comprende a personas entre <strong>15 y 29 a\u00f1os<\/strong>, rango definido por el <strong>Instituto Nacional de la Juventud (INJUV) <\/strong>en sus pol\u00edticas p\u00fablicas, y que se encuentra colaborando en este mecanismo participativo.<\/p>\n<p style=\"text-align: justify;\">Para poder participar en la consulta ciudadana, que estar\u00e1 disponible hasta el pr\u00f3ximo 2 de julio, las personas deben acceder a <a href=\"http:\/\/www.sernac.cl\/consultaaysen\">www.sernac.cl\/consultaaysen<\/a> y completar el formulario disponible.<\/p>\n<p style=\"text-align: justify;\">Este instrumento aborda diversas tem\u00e1ticas cruciales, como los <strong>posibles problemas al comprar por internet<\/strong>, el <strong>reconocimiento del SERNAC<\/strong> como protector de los derechos de los consumidores, experiencias de <strong>discriminaci\u00f3n en el consumo<\/strong> y el conocimiento sobre la <strong>garant\u00eda legal<\/strong>.<\/p>\n<p style=\"text-align: justify;\">La <strong>Directora Regional del SERNAC, Sandra Espinoza<\/strong>, hizo un llamado a las y los j\u00f3venes a participar de esta consulta \u201cQueremos invitar a las juventudes a participar en la consulta ciudadana, respondiendo el formulario de manera digital, cercana a las tecnolog\u00edas que utilizan las juventudes y de esa manera entender c\u00f3mo se relacionan con el mercado, si conocen sus derechos y qu\u00e9 experiencias han tenido comprando productos o contratando servicios\u201d, desliz\u00f3 la autoridad.<\/p>\n<p style=\"text-align: justify;\">\u201cComo INJUV Ays\u00e9n estamos apoyando esta importante iniciativa de SERNAC porque creemos que es clave que las juventudes participen y hagan visible su experiencia como consumidoras y consumidores. En muchas ocasiones las juventudes enfrentan barreras o desconocen sus derechos, y esta consulta es una oportunidad concreta para que su voz se escuche, y para avanzar en m\u00e1s justicia e impulsar la equidad y el consumo responsable en la regi\u00f3n\u201d, sostuvo el <strong>Director Regional de INJUV Ays\u00e9n, Camilo Trivi\u00f1o Urtubia.<\/strong><\/p>\n<p style=\"text-align: justify;\">Los resultados ser\u00e1n fundamentales para obtener insumos y <strong>propuestas directamente de la ciudadan\u00eda<\/strong> que permitan mejorar la difusi\u00f3n de los derechos del consumidor en toda la Regi\u00f3n de Ays\u00e9n.<\/p>\n<p style=\"text-align: justify;\">La iniciativa se enmarca en la <strong>Ley N\u00b0 20.500 sobre la Participaci\u00f3n Ciudadana <\/strong>en la gesti\u00f3n p\u00fablica y el di\u00e1logo social. Para mayor informaci\u00f3n y aclaraci\u00f3n de dudas, las personas pueden escribir al correo electr\u00f3nico <a href=\"mailto:participacion@sernac.cl\">participacion@sernac.cl<\/a>.<\/p>\n<\/div><\/section><\/div><div  style='height:50px' class='hr hr-invisible   avia-builder-el-6  el_after_av_one_full  el_before_av_social_share '><span class='hr-inner ' ><span class='hr-inner-style'><\/span><\/span><\/div><\/p>\n<div  class='av-social-sharing-box  avia-builder-el-7  el_after_av_hr  el_before_av_hr  '><div class='av-share-box'><h5 class='av-share-link-description av-no-toc '>Compartir esta noticia<\/h5><ul class='av-share-box-list noLightbox'><li class='av-share-link av-social-link-facebook' ><a target=\"_blank\" aria-label=\"Compartir en Facebook\" href='https:\/\/www.facebook.com\/sharer.php?u=https:\/\/radiorevelacionfm.cl\/?p=55178&#038;t=SERNAC%20lanza%20consulta%20ciudadana%20para%20conocer%20la%20realidad%20de%20las%20juventudes%20aysenina' aria-hidden='false' data-av_icon='\ue8f3' data-av_iconfont='entypo-fontello' title='' data-avia-related-tooltip='Compartir en Facebook' rel=\"noopener\"><span class='avia_hidden_link_text'>Compartir en Facebook<\/span><\/a><\/li><li class='av-share-link av-social-link-twitter' ><a target=\"_blank\" aria-label=\"Compartir en Twitter\" href='https:\/\/twitter.com\/share?text=SERNAC%20lanza%20consulta%20ciudadana%20para%20conocer%20la%20realidad%20de%20las%20juventudes%20aysenina&#038;url=https:\/\/radiorevelacionfm.cl\/?p=55178' aria-hidden='false' data-av_icon='\ue8f1' data-av_iconfont='entypo-fontello' title='' data-avia-related-tooltip='Compartir en Twitter' rel=\"noopener\"><span class='avia_hidden_link_text'>Compartir en Twitter<\/span><\/a><\/li><li class='av-share-link av-social-link-whatsapp' ><a target=\"_blank\" aria-label=\"Compartir en Whatsapp\" href='https:\/\/api.whatsapp.com\/send?text=https:\/\/radiorevelacionfm.cl\/?p=55178' aria-hidden='false' data-av_icon='\uf232' data-av_iconfont='entypo-fontello' title='' data-avia-related-tooltip='Compartir en Whatsapp' rel=\"noopener\"><span class='avia_hidden_link_text'>Compartir en Whatsapp<\/span><\/a><\/li><li class='av-share-link av-social-link-linkedin' ><a target=\"_blank\" aria-label=\"Compartir en LinkedIn\" href='https:\/\/linkedin.com\/shareArticle?mini=true&#038;title=SERNAC%20lanza%20consulta%20ciudadana%20para%20conocer%20la%20realidad%20de%20las%20juventudes%20aysenina&#038;url=https:\/\/radiorevelacionfm.cl\/?p=55178' aria-hidden='false' data-av_icon='\ue8fc' data-av_iconfont='entypo-fontello' title='' data-avia-related-tooltip='Compartir en LinkedIn' rel=\"noopener\"><span class='avia_hidden_link_text'>Compartir en LinkedIn<\/span><\/a><\/li><li class='av-share-link av-social-link-mail' ><a  aria-label=\"Compartir por correo\" href='mailto:?subject=SERNAC%20lanza%20consulta%20ciudadana%20para%20conocer%20la%20realidad%20de%20las%20juventudes%20aysenina&#038;body=https:\/\/radiorevelacionfm.cl\/?p=55178' aria-hidden='false' data-av_icon='\ue805' data-av_iconfont='entypo-fontello' title='' data-avia-related-tooltip='Compartir por correo'><span class='avia_hidden_link_text'>Compartir por correo<\/span><\/a><\/li><\/ul><\/div><\/div>\n<div  style='height:50px' class='hr hr-invisible   avia-builder-el-8  el_after_av_social_share  el_before_av_comments_list '><span class='hr-inner ' ><span class='hr-inner-style'><\/span><\/span><\/div>\n<div  class='av-buildercomment  av-blog-meta-html-info-disabled av-blog-meta-tag-disabled  '><\/div>\n","protected":false},"excerpt":{"rendered":"","protected":false},"author":1,"featured_media":55179,"comment_status":"closed","ping_status":"closed","sticky":false,"template":"","format":"standard","meta":{"footnotes":""},"categories":[38],"tags":[],"class_list":["post-55178","post","type-post","status-publish","format-standard","has-post-thumbnail","hentry","category-regional"],"jetpack_featured_media_url":"https:\/\/radiorevelacionfm.cl\/wp-content\/uploads\/2025\/06\/coyhaique_plaza_de_armas_05-1.jpg","_links":{"self":[{"href":"https:\/\/radiorevelacionfm.cl\/index.php?rest_route=\/wp\/v2\/posts\/55178","targetHints":{"allow":["GET"]}}],"collection":[{"href":"https:\/\/radiorevelacionfm.cl\/index.php?rest_route=\/wp\/v2\/posts"}],"about":[{"href":"https:\/\/radiorevelacionfm.cl\/index.php?rest_route=\/wp\/v2\/types\/post"}],"author":[{"embeddable":true,"href":"https:\/\/radiorevelacionfm.cl\/index.php?rest_route=\/wp\/v2\/users\/1"}],"replies":[{"embeddable":true,"href":"https:\/\/radiorevelacionfm.cl\/index.php?rest_route=%2Fwp%2Fv2%2Fcomments&post=55178"}],"version-history":[{"count":3,"href":"https:\/\/radiorevelacionfm.cl\/index.php?rest_route=\/wp\/v2\/posts\/55178\/revisions"}],"predecessor-version":[{"id":55194,"href":"https:\/\/radiorevelacionfm.cl\/index.php?rest_route=\/wp\/v2\/posts\/55178\/revisions\/55194"}],"wp:featuredmedia":[{"embeddable":true,"href":"https:\/\/radiorevelacionfm.cl\/index.php?rest_route=\/wp\/v2\/media\/55179"}],"wp:attachment":[{"href":"https:\/\/radiorevelacionfm.cl\/index.php?rest_route=%2Fwp%2Fv2%2Fmedia&parent=55178"}],"wp:term":[{"taxonomy":"category","embeddable":true,"href":"https:\/\/radiorevelacionfm.cl\/index.php?rest_route=%2Fwp%2Fv2%2Fcategories&post=55178"},{"taxonomy":"post_tag","embeddable":true,"href":"https:\/\/radiorevelacionfm.cl\/index.php?rest_route=%2Fwp%2Fv2%2Ftags&post=55178"}],"curies":[{"name":"wp","href":"https:\/\/api.w.org\/{rel}","templated":true}]}}