{"id":55175,"date":"2025-06-12T18:49:54","date_gmt":"2025-06-12T21:49:54","guid":{"rendered":"https:\/\/radiorevelacionfm.cl\/?p=55175"},"modified":"2025-06-12T18:49:54","modified_gmt":"2025-06-12T21:49:54","slug":"gobierno-se-despliega-hasta-raul-marin-balmaceda-para-entregar-buenas-noticias","status":"publish","type":"post","link":"https:\/\/radiorevelacionfm.cl\/?p=55175","title":{"rendered":"Gobierno se despliega hasta Ra\u00fal Mar\u00edn Balmaceda para entregar buenas noticias"},"content":{"rendered":"<div class=\"flex_column av_one_full  flex_column_div av-zero-column-padding first  avia-builder-el-0  el_before_av_one_full  avia-builder-el-first  \" style='border-radius:0px; '><div  class='avia-image-container  av-styling-    avia-builder-el-1  avia-builder-el-no-sibling  avia-align-center '  itemprop=\"image\" itemscope=\"itemscope\" itemtype=\"https:\/\/schema.org\/ImageObject\"  ><div class='avia-image-container-inner'><div class='avia-image-overlay-wrap'><img decoding=\"async\" class='wp-image-55176 avia-img-lazy-loading-not-55176 avia_image' src=\"https:\/\/radiorevelacionfm.cl\/wp-content\/uploads\/2025\/06\/IMG-20250605-WA0139-1-1.jpg\" alt='' title='IMG-20250605-WA0139 (1) (1)' height=\"600\" width=\"800\"  itemprop=\"thumbnailUrl\" srcset=\"https:\/\/radiorevelacionfm.cl\/wp-content\/uploads\/2025\/06\/IMG-20250605-WA0139-1-1.jpg 800w, https:\/\/radiorevelacionfm.cl\/wp-content\/uploads\/2025\/06\/IMG-20250605-WA0139-1-1-300x225.jpg 300w, https:\/\/radiorevelacionfm.cl\/wp-content\/uploads\/2025\/06\/IMG-20250605-WA0139-1-1-768x576.jpg 768w, https:\/\/radiorevelacionfm.cl\/wp-content\/uploads\/2025\/06\/IMG-20250605-WA0139-1-1-705x529.jpg 705w, https:\/\/radiorevelacionfm.cl\/wp-content\/uploads\/2025\/06\/IMG-20250605-WA0139-1-1-450x338.jpg 450w, https:\/\/radiorevelacionfm.cl\/wp-content\/uploads\/2025\/06\/IMG-20250605-WA0139-1-1-600x450.jpg 600w\" sizes=\"(max-width: 800px) 100vw, 800px\" \/><\/div><\/div><\/div><\/div><div class=\"flex_column av_one_full  flex_column_div av-zero-column-padding first  avia-builder-el-2  el_after_av_one_full  el_before_av_one_full  column-top-margin\" style='border-radius:0px; '><section class=\"av_textblock_section \"  itemscope=\"itemscope\" itemtype=\"https:\/\/schema.org\/BlogPosting\" itemprop=\"blogPost\" ><div class='avia_textblock  '   itemprop=\"text\" ><p style=\"text-align: center;\"><span style=\"font-size: 18pt;\"><strong>Gobierno se despliega hasta Ra\u00fal Mar\u00edn Balmaceda para entregar buenas noticias<\/strong><\/span><\/p>\n<div id=\"gtx-trans\" style=\"position: absolute; left: -50px; top: 4.31534px;\">\n<div class=\"gtx-trans-icon\"><\/div>\n<\/div>\n<\/div><\/section><\/div><div class=\"flex_column av_one_full  flex_column_div av-zero-column-padding first  avia-builder-el-4  el_after_av_one_full  el_before_av_hr  column-top-margin\" style='border-radius:0px; '><section class=\"av_textblock_section \"  itemscope=\"itemscope\" itemtype=\"https:\/\/schema.org\/BlogPosting\" itemprop=\"blogPost\" ><div class='avia_textblock  '   itemprop=\"text\" ><p style=\"text-align: justify;\">Hasta Ra\u00fal Mar\u00edn Balmaceda lleg\u00f3 el programa Gobierno en Terreno para conversar con la comunidad adem\u00e1s de llevar relevantes noticias para todos los habitantes de la localidad.<\/p>\n<p style=\"text-align: justify;\">El equipo de la Delegaci\u00f3n Presidencial Provincial de Ays\u00e9n junto a Sernapesca y\u00a0 el Seremi de Energ\u00eda, Tomas Laibe, estuvieron conversando en un di\u00e1logo ciudadano con la comunidad para lograr levantar sus problem\u00e1ticas, adem\u00e1s de avanzar en soluciones previamente comprometidas, como el caso del suministro el\u00e9ctrico.<\/p>\n<p style=\"text-align: justify;\">Por su parte Rodrigo Moreno Rivera, Delegado Presidencial Provincial de Ays\u00e9n, afirm\u00f3 que, \u201cEstamos avanzando como gobierno en temas cr\u00edticos para la comunidad, pues llevarnos la inquietud para avanzar en un proyecto que ayudar\u00e1 a mantener m\u00e1s comunicados a Ra\u00fal Mar\u00edn Balmaceda para nosotros es un gran paso. Las voluntades, gestiones y acciones \u00a0que estuvimos trabajando se ven hoy reflejadas en el proyecto de extensi\u00f3n de red que pronto estar\u00e1 materializado\u201d.<\/p>\n<p style=\"text-align: justify;\">El Seremi de Energ\u00eda, Tomas Laibe, cont\u00f3 que \u201cTuvimos una gran jornada con los vecinos de Ra\u00fal Mar\u00edn Balmaceda \u00a0a prop\u00f3sito de la contingencia el\u00e9ctrica, sabemos que para esta comunidad el poder buscar una soluci\u00f3n definitiva al suministro el\u00e9ctrico, es una urgencia y es por esto que nos hemos desplazado para contarles los avances, y esperamos de aqu\u00ed a Diciembre del pr\u00f3ximo a\u00f1o podamos ya contar con esta soluci\u00f3n. Agradecemos a la Delegaci\u00f3n Provincial por organizar\u00a0 este Gobierno en Terreno que nos permite llevar estas noticias y conversar con la gente y as\u00ed gestionar soluciones con las instituciones p\u00fablicas\u201d.<\/p>\n<p style=\"text-align: justify;\">El Presidente del Comit\u00e9 de Luz, Milton Labendia, se\u00f1al\u00f3 sobre la actividad que \u201cSe viene acercando el tendido el\u00e9ctrico desde la Junta, yo creo que ser\u00e1 la soluci\u00f3n definitiva al problema energ\u00e9tico que hemos tenido durante mucho a\u00f1os y sin duda ha sido una buena noticia, muy bien recibida por los vecinos y vecinas; podemos esperar durante estos meses para llegar a la localidad la energ\u00eda, esperamos esto no se retrase y lleguemos a buen t\u00e9rmino\u201d.<\/p>\n<\/div><\/section><\/div><div  style='height:50px' class='hr hr-invisible   avia-builder-el-6  el_after_av_one_full  el_before_av_social_share '><span class='hr-inner ' ><span class='hr-inner-style'><\/span><\/span><\/div><\/p>\n<div  class='av-social-sharing-box  avia-builder-el-7  el_after_av_hr  el_before_av_hr  '><div class='av-share-box'><h5 class='av-share-link-description av-no-toc '>Compartir esta noticia<\/h5><ul class='av-share-box-list noLightbox'><li class='av-share-link av-social-link-facebook' ><a target=\"_blank\" aria-label=\"Compartir en Facebook\" href='https:\/\/www.facebook.com\/sharer.php?u=https:\/\/radiorevelacionfm.cl\/?p=55175&#038;t=Gobierno%20se%20despliega%20hasta%20Ra%C3%BAl%20Mar%C3%ADn%20Balmaceda%20para%20entregar%20buenas%20noticias' aria-hidden='false' data-av_icon='\ue8f3' data-av_iconfont='entypo-fontello' title='' data-avia-related-tooltip='Compartir en Facebook' rel=\"noopener\"><span class='avia_hidden_link_text'>Compartir en Facebook<\/span><\/a><\/li><li class='av-share-link av-social-link-twitter' ><a target=\"_blank\" aria-label=\"Compartir en Twitter\" href='https:\/\/twitter.com\/share?text=Gobierno%20se%20despliega%20hasta%20Ra%C3%BAl%20Mar%C3%ADn%20Balmaceda%20para%20entregar%20buenas%20noticias&#038;url=https:\/\/radiorevelacionfm.cl\/?p=55175' aria-hidden='false' data-av_icon='\ue8f1' data-av_iconfont='entypo-fontello' title='' data-avia-related-tooltip='Compartir en Twitter' rel=\"noopener\"><span class='avia_hidden_link_text'>Compartir en Twitter<\/span><\/a><\/li><li class='av-share-link av-social-link-whatsapp' ><a target=\"_blank\" aria-label=\"Compartir en Whatsapp\" href='https:\/\/api.whatsapp.com\/send?text=https:\/\/radiorevelacionfm.cl\/?p=55175' aria-hidden='false' data-av_icon='\uf232' data-av_iconfont='entypo-fontello' title='' data-avia-related-tooltip='Compartir en Whatsapp' rel=\"noopener\"><span class='avia_hidden_link_text'>Compartir en Whatsapp<\/span><\/a><\/li><li class='av-share-link av-social-link-linkedin' ><a target=\"_blank\" aria-label=\"Compartir en LinkedIn\" href='https:\/\/linkedin.com\/shareArticle?mini=true&#038;title=Gobierno%20se%20despliega%20hasta%20Ra%C3%BAl%20Mar%C3%ADn%20Balmaceda%20para%20entregar%20buenas%20noticias&#038;url=https:\/\/radiorevelacionfm.cl\/?p=55175' aria-hidden='false' data-av_icon='\ue8fc' data-av_iconfont='entypo-fontello' title='' data-avia-related-tooltip='Compartir en LinkedIn' rel=\"noopener\"><span class='avia_hidden_link_text'>Compartir en LinkedIn<\/span><\/a><\/li><li class='av-share-link av-social-link-mail' ><a  aria-label=\"Compartir por correo\" href='mailto:?subject=Gobierno%20se%20despliega%20hasta%20Ra%C3%BAl%20Mar%C3%ADn%20Balmaceda%20para%20entregar%20buenas%20noticias&#038;body=https:\/\/radiorevelacionfm.cl\/?p=55175' aria-hidden='false' data-av_icon='\ue805' data-av_iconfont='entypo-fontello' title='' data-avia-related-tooltip='Compartir por correo'><span class='avia_hidden_link_text'>Compartir por correo<\/span><\/a><\/li><\/ul><\/div><\/div>\n<div  style='height:50px' class='hr hr-invisible   avia-builder-el-8  el_after_av_social_share  el_before_av_comments_list '><span class='hr-inner ' ><span class='hr-inner-style'><\/span><\/span><\/div>\n<div  class='av-buildercomment  av-blog-meta-html-info-disabled av-blog-meta-tag-disabled  '><\/div>\n","protected":false},"excerpt":{"rendered":"","protected":false},"author":1,"featured_media":55176,"comment_status":"closed","ping_status":"closed","sticky":false,"template":"","format":"standard","meta":{"footnotes":""},"categories":[38],"tags":[],"class_list":["post-55175","post","type-post","status-publish","format-standard","has-post-thumbnail","hentry","category-regional"],"jetpack_featured_media_url":"https:\/\/radiorevelacionfm.cl\/wp-content\/uploads\/2025\/06\/IMG-20250605-WA0139-1-1.jpg","_links":{"self":[{"href":"https:\/\/radiorevelacionfm.cl\/index.php?rest_route=\/wp\/v2\/posts\/55175","targetHints":{"allow":["GET"]}}],"collection":[{"href":"https:\/\/radiorevelacionfm.cl\/index.php?rest_route=\/wp\/v2\/posts"}],"about":[{"href":"https:\/\/radiorevelacionfm.cl\/index.php?rest_route=\/wp\/v2\/types\/post"}],"author":[{"embeddable":true,"href":"https:\/\/radiorevelacionfm.cl\/index.php?rest_route=\/wp\/v2\/users\/1"}],"replies":[{"embeddable":true,"href":"https:\/\/radiorevelacionfm.cl\/index.php?rest_route=%2Fwp%2Fv2%2Fcomments&post=55175"}],"version-history":[{"count":2,"href":"https:\/\/radiorevelacionfm.cl\/index.php?rest_route=\/wp\/v2\/posts\/55175\/revisions"}],"predecessor-version":[{"id":55183,"href":"https:\/\/radiorevelacionfm.cl\/index.php?rest_route=\/wp\/v2\/posts\/55175\/revisions\/55183"}],"wp:featuredmedia":[{"embeddable":true,"href":"https:\/\/radiorevelacionfm.cl\/index.php?rest_route=\/wp\/v2\/media\/55176"}],"wp:attachment":[{"href":"https:\/\/radiorevelacionfm.cl\/index.php?rest_route=%2Fwp%2Fv2%2Fmedia&parent=55175"}],"wp:term":[{"taxonomy":"category","embeddable":true,"href":"https:\/\/radiorevelacionfm.cl\/index.php?rest_route=%2Fwp%2Fv2%2Fcategories&post=55175"},{"taxonomy":"post_tag","embeddable":true,"href":"https:\/\/radiorevelacionfm.cl\/index.php?rest_route=%2Fwp%2Fv2%2Ftags&post=55175"}],"curies":[{"name":"wp","href":"https:\/\/api.w.org\/{rel}","templated":true}]}}