{"id":55172,"date":"2025-06-12T16:08:55","date_gmt":"2025-06-12T19:08:55","guid":{"rendered":"https:\/\/radiorevelacionfm.cl\/?p=55172"},"modified":"2025-06-12T16:08:55","modified_gmt":"2025-06-12T19:08:55","slug":"senda-da-inicio-al-estudio-de-drogas-en-educacion-superior-en-la-region-de-aysen","status":"publish","type":"post","link":"https:\/\/radiorevelacionfm.cl\/?p=55172","title":{"rendered":"SENDA da inicio al Estudio de Drogas en Educaci\u00f3n Superior en la regi\u00f3n de Ays\u00e9n"},"content":{"rendered":"<div class=\"flex_column av_one_full  flex_column_div av-zero-column-padding first  avia-builder-el-0  el_before_av_one_full  avia-builder-el-first  \" style='border-radius:0px; '><div  class='avia-image-container  av-styling-    avia-builder-el-1  avia-builder-el-no-sibling  avia-align-center '  itemprop=\"image\" itemscope=\"itemscope\" itemtype=\"https:\/\/schema.org\/ImageObject\"  ><div class='avia-image-container-inner'><div class='avia-image-overlay-wrap'><img decoding=\"async\" class='wp-image-55173 avia-img-lazy-loading-not-55173 avia_image' src=\"https:\/\/radiorevelacionfm.cl\/wp-content\/uploads\/2025\/06\/Ed.-Sup-4-1-1.jpeg\" alt='' title='Ed. Sup 4 (1) (1)' height=\"600\" width=\"900\"  itemprop=\"thumbnailUrl\" srcset=\"https:\/\/radiorevelacionfm.cl\/wp-content\/uploads\/2025\/06\/Ed.-Sup-4-1-1.jpeg 900w, https:\/\/radiorevelacionfm.cl\/wp-content\/uploads\/2025\/06\/Ed.-Sup-4-1-1-300x200.jpeg 300w, https:\/\/radiorevelacionfm.cl\/wp-content\/uploads\/2025\/06\/Ed.-Sup-4-1-1-768x512.jpeg 768w, https:\/\/radiorevelacionfm.cl\/wp-content\/uploads\/2025\/06\/Ed.-Sup-4-1-1-705x470.jpeg 705w, https:\/\/radiorevelacionfm.cl\/wp-content\/uploads\/2025\/06\/Ed.-Sup-4-1-1-450x300.jpeg 450w, https:\/\/radiorevelacionfm.cl\/wp-content\/uploads\/2025\/06\/Ed.-Sup-4-1-1-600x400.jpeg 600w\" sizes=\"(max-width: 900px) 100vw, 900px\" \/><\/div><\/div><\/div><\/div><div class=\"flex_column av_one_full  flex_column_div av-zero-column-padding first  avia-builder-el-2  el_after_av_one_full  el_before_av_one_full  column-top-margin\" style='border-radius:0px; '><section class=\"av_textblock_section \"  itemscope=\"itemscope\" itemtype=\"https:\/\/schema.org\/BlogPosting\" itemprop=\"blogPost\" ><div class='avia_textblock  '   itemprop=\"text\" ><p style=\"text-align: center;\"><span style=\"font-size: 18pt;\"><strong>SENDA da inicio al Estudio de Drogas en Educaci\u00f3n Superior en la regi\u00f3n de Ays\u00e9n<\/strong><\/span><\/p>\n<div id=\"gtx-trans\" style=\"position: absolute; left: -50px; top: 4.31534px;\">\n<div class=\"gtx-trans-icon\"><\/div>\n<\/div>\n<\/div><\/section><\/div><div class=\"flex_column av_one_full  flex_column_div av-zero-column-padding first  avia-builder-el-4  el_after_av_one_full  el_before_av_hr  column-top-margin\" style='border-radius:0px; '><section class=\"av_textblock_section \"  itemscope=\"itemscope\" itemtype=\"https:\/\/schema.org\/BlogPosting\" itemprop=\"blogPost\" ><div class='avia_textblock  '   itemprop=\"text\" ><p style=\"text-align: justify;\">El Servicio Nacional para la Prevenci\u00f3n y Rehabilitaci\u00f3n del Consumo de Drogas y Alcohol (SENDA) dio inicio esta semana, en la regi\u00f3n de Ays\u00e9n, la aplicaci\u00f3n del Tercer Estudio de Drogas en Educaci\u00f3n Superior, una herramienta para conocer los patrones de consumo de alcohol y otras sustancias en estudiantes universitarios y t\u00e9cnicos.<\/p>\n<p style=\"text-align: justify;\">La implementaci\u00f3n comenz\u00f3 en la Universidad de Ays\u00e9n, y durante el mes de junio se extender\u00e1 a otras instituciones de educaci\u00f3n superior de la regi\u00f3n, como INACAP Sede Coyhaique y el Campus Patagonia de la Universidad Austral de Chile. La encuesta se aplica en formato digital, de manera totalmente an\u00f3nima y confidencial, permitiendo a los y las estudiantes participar desde cualquier dispositivo con conexi\u00f3n a internet.<\/p>\n<p style=\"text-align: justify;\">\u201cEstamos ac\u00e1 en el hito de lanzamiento de la tercera encuesta de consumo de alcohol y drogas para educaci\u00f3n superior que lleva adelante SENDA como instituci\u00f3n a cargo de este tipo de procesos, y como universidad regional nos comprometemos a ser parte de este estudio que nos va a entregar informaci\u00f3n valiosa para conocer c\u00f3mo se est\u00e1 generando el consumo de estas sustancias a nivel universitario, a nivel de educaci\u00f3n superior\u201d, se\u00f1al\u00f3 Lorena Millar, directora de Docencia de la Universidad de Ays\u00e9n, en el marco del inicio del proceso.<\/p>\n<p style=\"text-align: justify;\">El estudio busca medir la frecuencia del consumo, pero tambi\u00e9n comprender las motivaciones, percepciones de riesgo y contextos en los que ocurre. La informaci\u00f3n recolectada ser\u00e1 fundamental para fortalecer las estrategias preventivas en el \u00e1mbito educativo y dise\u00f1ar acciones pertinentes a las realidades locales.<\/p>\n<p style=\"text-align: justify;\">M\u00e1s de 60 instituciones participan a nivel nacional, pero en Ays\u00e9n esta iniciativa cobra especial relevancia, ya que permite levantar informaci\u00f3n con enfoque territorial, generando reportes diferenciados por instituci\u00f3n y regi\u00f3n. Estos datos ser\u00e1n esenciales para orientar pol\u00edticas p\u00fablicas que respondan a las necesidades de las comunidades educativas locales.<\/p>\n<p style=\"text-align: justify;\">\u201cNos encontramos motivando la participaci\u00f3n de los y las estudiantes en el tercer Estudio de Educaci\u00f3n Superior que nos va a servir para poder levantar informaci\u00f3n, datos relevantes de la regi\u00f3n y tambi\u00e9n de cu\u00e1les son las caracter\u00edsticas asociadas al consumo de sustancias. La informaci\u00f3n que nos van a entregar los estudiantes nos sirve para poder levantar estrategias espec\u00edficas en torno a la prevenci\u00f3n del consumo de sustancias que sean atingentes a las necesidades y realidades locales y para ello agradecemos cada una de las respuestas que nos van a entregar\u201d, afirm\u00f3 Victoria Contreras, directora regional de SENDA Ays\u00e9n.<\/p>\n<p style=\"text-align: justify;\">La aplicaci\u00f3n del estudio estar\u00e1 disponible hasta el 30 de junio. Se invita a toda la comunidad estudiantil que curse estudios de Educaci\u00f3n Superior de la regi\u00f3n a sumarse a esta importante iniciativa, siendo parte de una estrategia nacional que promueve entornos de aprendizaje m\u00e1s saludables, conscientes e informados.<\/p>\n<\/div><\/section><\/div><div  style='height:50px' class='hr hr-invisible   avia-builder-el-6  el_after_av_one_full  el_before_av_social_share '><span class='hr-inner ' ><span class='hr-inner-style'><\/span><\/span><\/div><\/p>\n<div  class='av-social-sharing-box  avia-builder-el-7  el_after_av_hr  el_before_av_hr  '><div class='av-share-box'><h5 class='av-share-link-description av-no-toc '>Compartir esta noticia<\/h5><ul class='av-share-box-list noLightbox'><li class='av-share-link av-social-link-facebook' ><a target=\"_blank\" aria-label=\"Compartir en Facebook\" href='https:\/\/www.facebook.com\/sharer.php?u=https:\/\/radiorevelacionfm.cl\/?p=55172&#038;t=SENDA%20da%20inicio%20al%20Estudio%20de%20Drogas%20en%20Educaci%C3%B3n%20Superior%20en%20la%20regi%C3%B3n%20de%20Ays%C3%A9n' aria-hidden='false' data-av_icon='\ue8f3' data-av_iconfont='entypo-fontello' title='' data-avia-related-tooltip='Compartir en Facebook' rel=\"noopener\"><span class='avia_hidden_link_text'>Compartir en Facebook<\/span><\/a><\/li><li class='av-share-link av-social-link-twitter' ><a target=\"_blank\" aria-label=\"Compartir en Twitter\" href='https:\/\/twitter.com\/share?text=SENDA%20da%20inicio%20al%20Estudio%20de%20Drogas%20en%20Educaci%C3%B3n%20Superior%20en%20la%20regi%C3%B3n%20de%20Ays%C3%A9n&#038;url=https:\/\/radiorevelacionfm.cl\/?p=55172' aria-hidden='false' data-av_icon='\ue8f1' data-av_iconfont='entypo-fontello' title='' data-avia-related-tooltip='Compartir en Twitter' rel=\"noopener\"><span class='avia_hidden_link_text'>Compartir en Twitter<\/span><\/a><\/li><li class='av-share-link av-social-link-whatsapp' ><a target=\"_blank\" aria-label=\"Compartir en Whatsapp\" href='https:\/\/api.whatsapp.com\/send?text=https:\/\/radiorevelacionfm.cl\/?p=55172' aria-hidden='false' data-av_icon='\uf232' data-av_iconfont='entypo-fontello' title='' data-avia-related-tooltip='Compartir en Whatsapp' rel=\"noopener\"><span class='avia_hidden_link_text'>Compartir en Whatsapp<\/span><\/a><\/li><li class='av-share-link av-social-link-linkedin' ><a target=\"_blank\" aria-label=\"Compartir en LinkedIn\" href='https:\/\/linkedin.com\/shareArticle?mini=true&#038;title=SENDA%20da%20inicio%20al%20Estudio%20de%20Drogas%20en%20Educaci%C3%B3n%20Superior%20en%20la%20regi%C3%B3n%20de%20Ays%C3%A9n&#038;url=https:\/\/radiorevelacionfm.cl\/?p=55172' aria-hidden='false' data-av_icon='\ue8fc' data-av_iconfont='entypo-fontello' title='' data-avia-related-tooltip='Compartir en LinkedIn' rel=\"noopener\"><span class='avia_hidden_link_text'>Compartir en LinkedIn<\/span><\/a><\/li><li class='av-share-link av-social-link-mail' ><a  aria-label=\"Compartir por correo\" href='mailto:?subject=SENDA%20da%20inicio%20al%20Estudio%20de%20Drogas%20en%20Educaci%C3%B3n%20Superior%20en%20la%20regi%C3%B3n%20de%20Ays%C3%A9n&#038;body=https:\/\/radiorevelacionfm.cl\/?p=55172' aria-hidden='false' data-av_icon='\ue805' data-av_iconfont='entypo-fontello' title='' data-avia-related-tooltip='Compartir por correo'><span class='avia_hidden_link_text'>Compartir por correo<\/span><\/a><\/li><\/ul><\/div><\/div>\n<div  style='height:50px' class='hr hr-invisible   avia-builder-el-8  el_after_av_social_share  el_before_av_comments_list '><span class='hr-inner ' ><span class='hr-inner-style'><\/span><\/span><\/div>\n<div  class='av-buildercomment  av-blog-meta-html-info-disabled av-blog-meta-tag-disabled  '><\/div>\n","protected":false},"excerpt":{"rendered":"","protected":false},"author":1,"featured_media":55173,"comment_status":"closed","ping_status":"closed","sticky":false,"template":"","format":"standard","meta":{"footnotes":""},"categories":[46],"tags":[],"class_list":["post-55172","post","type-post","status-publish","format-standard","has-post-thumbnail","hentry","category-salud"],"jetpack_featured_media_url":"https:\/\/radiorevelacionfm.cl\/wp-content\/uploads\/2025\/06\/Ed.-Sup-4-1-1.jpeg","_links":{"self":[{"href":"https:\/\/radiorevelacionfm.cl\/index.php?rest_route=\/wp\/v2\/posts\/55172","targetHints":{"allow":["GET"]}}],"collection":[{"href":"https:\/\/radiorevelacionfm.cl\/index.php?rest_route=\/wp\/v2\/posts"}],"about":[{"href":"https:\/\/radiorevelacionfm.cl\/index.php?rest_route=\/wp\/v2\/types\/post"}],"author":[{"embeddable":true,"href":"https:\/\/radiorevelacionfm.cl\/index.php?rest_route=\/wp\/v2\/users\/1"}],"replies":[{"embeddable":true,"href":"https:\/\/radiorevelacionfm.cl\/index.php?rest_route=%2Fwp%2Fv2%2Fcomments&post=55172"}],"version-history":[{"count":2,"href":"https:\/\/radiorevelacionfm.cl\/index.php?rest_route=\/wp\/v2\/posts\/55172\/revisions"}],"predecessor-version":[{"id":55182,"href":"https:\/\/radiorevelacionfm.cl\/index.php?rest_route=\/wp\/v2\/posts\/55172\/revisions\/55182"}],"wp:featuredmedia":[{"embeddable":true,"href":"https:\/\/radiorevelacionfm.cl\/index.php?rest_route=\/wp\/v2\/media\/55173"}],"wp:attachment":[{"href":"https:\/\/radiorevelacionfm.cl\/index.php?rest_route=%2Fwp%2Fv2%2Fmedia&parent=55172"}],"wp:term":[{"taxonomy":"category","embeddable":true,"href":"https:\/\/radiorevelacionfm.cl\/index.php?rest_route=%2Fwp%2Fv2%2Fcategories&post=55172"},{"taxonomy":"post_tag","embeddable":true,"href":"https:\/\/radiorevelacionfm.cl\/index.php?rest_route=%2Fwp%2Fv2%2Ftags&post=55172"}],"curies":[{"name":"wp","href":"https:\/\/api.w.org\/{rel}","templated":true}]}}