{"id":5517,"date":"2021-06-22T16:17:11","date_gmt":"2021-06-22T19:17:11","guid":{"rendered":"https:\/\/radiorevelacionfm.cl\/?p=5517"},"modified":"2021-06-22T16:17:11","modified_gmt":"2021-06-22T19:17:11","slug":"conforman-mesa-tecnica-del-primer-barometro-de-la-salmonicultura-en-chile","status":"publish","type":"post","link":"https:\/\/radiorevelacionfm.cl\/?p=5517","title":{"rendered":"Conforman mesa t\u00e9cnica del primer Bar\u00f3metro de la Salmonicultura en Chile"},"content":{"rendered":"<div class=\"flex_column av_one_full  flex_column_div av-zero-column-padding first  avia-builder-el-0  el_before_av_one_full  avia-builder-el-first  \" style='border-radius:0px; '><div  class='avia-image-container  av-styling-    avia-builder-el-1  avia-builder-el-no-sibling  avia-align-center '  itemprop=\"image\" itemscope=\"itemscope\" itemtype=\"https:\/\/schema.org\/ImageObject\"  ><div class='avia-image-container-inner'><div class='avia-image-overlay-wrap'><img decoding=\"async\" class='wp-image-5518 avia-img-lazy-loading-not-5518 avia_image' src=\"https:\/\/radiorevelacionfm.cl\/wp-content\/uploads\/2021\/06\/Barometro-Salmonicultura-1-1.jpg\" alt='' title='Bar\u00f3metro Salmonicultura (1) (1)' height=\"600\" width=\"1034\"  itemprop=\"thumbnailUrl\" srcset=\"https:\/\/radiorevelacionfm.cl\/wp-content\/uploads\/2021\/06\/Barometro-Salmonicultura-1-1.jpg 1034w, https:\/\/radiorevelacionfm.cl\/wp-content\/uploads\/2021\/06\/Barometro-Salmonicultura-1-1-300x174.jpg 300w, https:\/\/radiorevelacionfm.cl\/wp-content\/uploads\/2021\/06\/Barometro-Salmonicultura-1-1-1030x598.jpg 1030w, https:\/\/radiorevelacionfm.cl\/wp-content\/uploads\/2021\/06\/Barometro-Salmonicultura-1-1-768x446.jpg 768w, https:\/\/radiorevelacionfm.cl\/wp-content\/uploads\/2021\/06\/Barometro-Salmonicultura-1-1-705x409.jpg 705w, https:\/\/radiorevelacionfm.cl\/wp-content\/uploads\/2021\/06\/Barometro-Salmonicultura-1-1-600x348.jpg 600w\" sizes=\"(max-width: 1034px) 100vw, 1034px\" \/><\/div><\/div><\/div><\/div><div class=\"flex_column av_one_full  flex_column_div av-zero-column-padding first  avia-builder-el-2  el_after_av_one_full  el_before_av_one_full  column-top-margin\" style='border-radius:0px; '><section class=\"av_textblock_section \"  itemscope=\"itemscope\" itemtype=\"https:\/\/schema.org\/BlogPosting\" itemprop=\"blogPost\" ><div class='avia_textblock  '   itemprop=\"text\" ><p style=\"text-align: center;\"><span style=\"font-size: 18pt;\"><b><span lang=\"ES-TRAD\">Conforman mesa t\u00e9cnica del primer Bar\u00f3metro de la Salmonicultura en Chile<\/span><\/b><\/span><\/p>\n<div id=\"gtx-trans\" style=\"position: absolute; left: -50px; top: 4.31534px;\">\n<div class=\"gtx-trans-icon\"><\/div>\n<\/div>\n<\/div><\/section><\/div><div class=\"flex_column av_one_full  flex_column_div av-zero-column-padding first  avia-builder-el-4  el_after_av_one_full  el_before_av_hr  column-top-margin\" style='border-radius:0px; '><section class=\"av_textblock_section \"  itemscope=\"itemscope\" itemtype=\"https:\/\/schema.org\/BlogPosting\" itemprop=\"blogPost\" ><div class='avia_textblock  '   itemprop=\"text\" ><p class=\"v1MsoNormal\" style=\"text-align: justify;\"><span lang=\"ES-TRAD\">Con la finalidad de levantar informaci\u00f3n relevante sobre el mercado laboral del sector de la salmonicultura en la macrozona austral, desde la regi\u00f3n de Los Lagos hasta la regi\u00f3n de Magallanes, se desarrolla el primer Bar\u00f3metro de la Salmonicultura en Chile, con foco en competencias y ocupaciones tanto actuales como para futuro.<\/span><\/p>\n<p class=\"v1MsoNormal\" style=\"text-align: justify;\"><span lang=\"ES-TRAD\">El Bar\u00f3metro destaca por ser la primera iniciativa de este tipo, que cuente con informaci\u00f3n exclusiva para este sector, suministrando de datos peri\u00f3dicos y actualizados para monitorear el panorama sectorial en materia productiva, econ\u00f3mica y laboral.<\/span><\/p>\n<p class=\"v1MsoNormal\" style=\"text-align: justify;\"><span lang=\"ES-TRAD\">Este trabajo encabezado por la Corporaci\u00f3n de Capacitaci\u00f3n de la C\u00e1mara Chilena de la Construcci\u00f3n y ejecutado por la nueva \u00e1rea de Estudio de ONG Canales, busca caracterizar los efectos de la pandemia en el sector, identificando los desaf\u00edos y oportunidades en diferentes l\u00edneas de acci\u00f3n.<\/span><\/p>\n<p class=\"v1MsoNormal\" style=\"text-align: justify;\"><span lang=\"ES-TRAD\">Jos\u00e9 Garay, Gerente General de la Corporaci\u00f3n de Capacitaci\u00f3n de la CChC<\/span><span lang=\"ES-TRAD\">, expres\u00f3 su satisfacci\u00f3n por el desarrollo de esta iniciativa.\u00a0\u00abEs una industria que necesita de esta informaci\u00f3n, la salmonicultura ha ido creciendo much\u00edsimo en la macrozona, se ha ido transformando, despu\u00e9s de la miner\u00eda, en uno de los pilares de nuestra econom\u00eda y necesariamente ese crecimiento debe ir acompa\u00f1ado de estudios, demandas y ofertas de capital humano que le permitan generar un crecimiento m\u00e1s ordenado y consciente en t\u00e9rminos de los recursos humanos necesarios para seguir potenci\u00e1ndose. Nosotros como OTIC acompa\u00f1aremos este proceso, teniendo como objetivo aportar a la productividad de la industria y a la empleabilidad de las trabajadoras y trabajadores del pa\u00eds, a trav\u00e9s de la capacitaci\u00f3n. Y creemos que este proyecto va muy en l\u00ednea con eso\u00bb.<\/span><\/p>\n<p class=\"v1MsoNormal\" style=\"text-align: justify;\"><span lang=\"ES-TRAD\">Hasta enero de 2022 se trabajar\u00e1n 9 puntos clave de investigaci\u00f3n entre ellos: Identificar y analizar las posibilidades de desarrollo de carrera laboral dentro del rubro de la salmonicultura; y la actualizaci\u00f3n de la oferta formativa del sector en la macrozona austral, considerando oferta de capacitaci\u00f3n, oferta t\u00e9cnica profesional de nivel medio y educaci\u00f3n superior de nivel t\u00e9cnico y profesional, realizando aperturas por \u00e1reas del conocimiento.<\/span><\/p>\n<p class=\"v1MsoNormal\" style=\"text-align: justify;\"><span lang=\"ES-TRAD\">En ese contexto,\u00a0Claudia Paredes, directora de Educaci\u00f3n de ONG Canales y encargada del proyecto\u00a0se\u00f1ala que la Salmonicultura es un sector relevante a nivel nacional y sobre todo para la macrozona sur austral.\u00a0\u00abEste sector enfrenta desaf\u00edos constantes, por eso es necesario contar con informaci\u00f3n territorial actualizada, que favorezca la toma de decisiones, tanto a nivel gubernamental, empresarial y educativo; a\u00fan m\u00e1s en materia de capital humano. S\u00f3lo con informaci\u00f3n acabada podremos potenciar positivamente la salmonicultura en nuestro pa\u00eds y la formaci\u00f3n de capital humano pertinente\u00bb.<\/span><\/p>\n<p class=\"v1MsoNormal\" style=\"text-align: justify;\"><span lang=\"ES-TRAD\">Por ello y considerando todo lo que esto puede aportar a la productividad y a la fuerza laboral\u00a0Luz Mar\u00eda Ferrada, directora del Observatorio Laboral de Los Lagos y tambi\u00e9n contraparte de este proyecto se\u00f1al\u00f3 que est\u00e1n comprometidos para apoyar en todo a esta iniciativa. \u00abPara nosotros es muy interesante este sector, particularmente lo hemos abordado de manera parcial en la regi\u00f3n desde el sector manufactura y desde el sector pesca, pero queda, sin duda, mucho que abordar. Adem\u00e1s, es un sector que no s\u00f3lo aborda esta regi\u00f3n, es un sector que demanda mucho trabajo en esta macrozona en general, y tiene muchos desaf\u00edos en lo que respecta al capital humano. Estamos muy interesados en que resulte lo mejor posible\u00bb.<\/span><\/p>\n<p class=\"v1MsoNormal\" style=\"text-align: justify;\"><span lang=\"ES-TRAD\">La mesa de trabajo tiene como comit\u00e9 al OTIC CChC, Observatorio Laboral, SENCE, Salmonchile, Consejo del Salm\u00f3n, Asociaci\u00f3n de Salmonicultores de Magallanes, CFT Santo Tom\u00e1s y Grupo de Transferencia Acu\u00edcola; todos entes que estar\u00e1n aportando y trabajando durante este 2021 para cumplir con los desaf\u00edos del primer Bar\u00f3metro de la Salmonicultura en Chile.<\/span><\/p>\n<p class=\"v1MsoNormal\" style=\"text-align: justify;\"><u><span lang=\"ES-TRAD\">Los puntos a desarrollar durante el a\u00f1o estar\u00e1n enfocados en:<\/span><\/u><\/p>\n<p class=\"v1MsoNormal\" style=\"text-align: justify;\"><span lang=\"ES-TRAD\">1.- Caracterizar los efectos de la pandemia COVID-19 en el sector de la salmonicultura en la macrozona.<\/span><\/p>\n<p class=\"v1MsoNormal\" style=\"text-align: justify;\"><span lang=\"ES-TRAD\">2.- Actualizar y complementar reportes cuantitativos que caracterizan la fuerza laboral de la regi\u00f3n con especial \u00e9nfasis en el sector econ\u00f3mico de la Salmonicultura.<\/span><\/p>\n<p class=\"v1MsoNormal\" style=\"text-align: justify;\"><span lang=\"ES-TRAD\">3.- Generar estudios de car\u00e1cter mixto sobre las ocupaciones y competencias cr\u00edticas del sector de la salmonicultura para la regi\u00f3n de macrozona austral.<\/span><\/p>\n<p class=\"v1MsoNormal\" style=\"text-align: justify;\"><span lang=\"ES-TRAD\">4.- Identificar y caracterizar buenas pr\u00e1cticas de desarrollo sostenible del sector de la salmonicultura en la macrozona.<\/span><\/p>\n<p class=\"v1MsoNormal\" style=\"text-align: justify;\"><span lang=\"ES-TRAD\">5.- Identificar y analizar los desaf\u00edos de capital humano para el sector de la salmonicultura en relaci\u00f3n con la industrializaci\u00f3n y automatizaci\u00f3n del sector.<\/span><\/p>\n<p class=\"v1MsoNormal\" style=\"text-align: justify;\"><span lang=\"ES-TRAD\">6.- Actualizar la caracterizaci\u00f3n de la oferta formativa del sector en la macrozona austral, considerando oferta de capacitaci\u00f3n, oferta t\u00e9cnica profesional de nivel medio y educaci\u00f3n superior de nivel t\u00e9cnico y profesional, realizando aperturas por \u00e1reas del conocimiento.<\/span><\/p>\n<p class=\"v1MsoNormal\" style=\"text-align: justify;\"><span lang=\"ES-TRAD\">7.- Identificar y analizar las posibilidades de desarrollo de carrera laboral dentro del rubro de la salmonicultura.<\/span><\/p>\n<p class=\"v1MsoNormal\" style=\"text-align: justify;\"><span lang=\"ES-TRAD\">8.- Identificar y caracterizar iniciativas del sector de la salmonicultura en la macrozona austral orientadas a impulsar la fuerza laboral con dificultades para su desarrollo (mujeres, migrantes, personas en situaci\u00f3n de discapacidad, j\u00f3venes, entre otros).<\/span><\/p>\n<p class=\"v1MsoNormal\" style=\"text-align: justify;\"><span lang=\"ES-TRAD\">9.- Caracterizar la organizaci\u00f3n de trabajadores e instituciones estatales y privadas que se relacionan con el rubro de la salmonicultura, con el fin de contar con un mapa de la organizaci\u00f3n asociativo del sector productivo.<\/span><\/p>\n<p class=\"v1MsoNormal\" style=\"text-align: justify;\"><span lang=\"ES-TRAD\">\u00a0<\/span><\/p>\n<\/div><\/section><\/div><div  style='height:50px' class='hr hr-invisible   avia-builder-el-6  el_after_av_one_full  el_before_av_social_share '><span class='hr-inner ' ><span class='hr-inner-style'><\/span><\/span><\/div><\/p>\n<div  class='av-social-sharing-box  avia-builder-el-7  el_after_av_hr  el_before_av_hr  '><div class='av-share-box'><h5 class='av-share-link-description av-no-toc '>Compartir esta noticia<\/h5><ul class='av-share-box-list noLightbox'><li class='av-share-link av-social-link-facebook' ><a target=\"_blank\" aria-label=\"Compartir en Facebook\" href='https:\/\/www.facebook.com\/sharer.php?u=https:\/\/radiorevelacionfm.cl\/?p=5517&#038;t=Conforman%20mesa%20t%C3%A9cnica%20del%20primer%20Bar%C3%B3metro%20de%20la%20Salmonicultura%20en%20Chile' aria-hidden='false' data-av_icon='\ue8f3' data-av_iconfont='entypo-fontello' title='' data-avia-related-tooltip='Compartir en Facebook' rel=\"noopener\"><span class='avia_hidden_link_text'>Compartir en Facebook<\/span><\/a><\/li><li class='av-share-link av-social-link-twitter' ><a target=\"_blank\" aria-label=\"Compartir en Twitter\" href='https:\/\/twitter.com\/share?text=Conforman%20mesa%20t%C3%A9cnica%20del%20primer%20Bar%C3%B3metro%20de%20la%20Salmonicultura%20en%20Chile&#038;url=https:\/\/radiorevelacionfm.cl\/?p=5517' aria-hidden='false' data-av_icon='\ue8f1' data-av_iconfont='entypo-fontello' title='' data-avia-related-tooltip='Compartir en Twitter' rel=\"noopener\"><span class='avia_hidden_link_text'>Compartir en Twitter<\/span><\/a><\/li><li class='av-share-link av-social-link-whatsapp' ><a target=\"_blank\" aria-label=\"Compartir en Whatsapp\" href='https:\/\/api.whatsapp.com\/send?text=https:\/\/radiorevelacionfm.cl\/?p=5517' aria-hidden='false' data-av_icon='\uf232' data-av_iconfont='entypo-fontello' title='' data-avia-related-tooltip='Compartir en Whatsapp' rel=\"noopener\"><span class='avia_hidden_link_text'>Compartir en Whatsapp<\/span><\/a><\/li><li class='av-share-link av-social-link-linkedin' ><a target=\"_blank\" aria-label=\"Compartir en LinkedIn\" href='https:\/\/linkedin.com\/shareArticle?mini=true&#038;title=Conforman%20mesa%20t%C3%A9cnica%20del%20primer%20Bar%C3%B3metro%20de%20la%20Salmonicultura%20en%20Chile&#038;url=https:\/\/radiorevelacionfm.cl\/?p=5517' aria-hidden='false' data-av_icon='\ue8fc' data-av_iconfont='entypo-fontello' title='' data-avia-related-tooltip='Compartir en LinkedIn' rel=\"noopener\"><span class='avia_hidden_link_text'>Compartir en LinkedIn<\/span><\/a><\/li><li class='av-share-link av-social-link-mail' ><a  aria-label=\"Compartir por correo\" href='mailto:?subject=Conforman%20mesa%20t%C3%A9cnica%20del%20primer%20Bar%C3%B3metro%20de%20la%20Salmonicultura%20en%20Chile&#038;body=https:\/\/radiorevelacionfm.cl\/?p=5517' aria-hidden='false' data-av_icon='\ue805' data-av_iconfont='entypo-fontello' title='' data-avia-related-tooltip='Compartir por correo'><span class='avia_hidden_link_text'>Compartir por correo<\/span><\/a><\/li><\/ul><\/div><\/div>\n<div  style='height:50px' class='hr hr-invisible   avia-builder-el-8  el_after_av_social_share  el_before_av_comments_list '><span class='hr-inner ' ><span class='hr-inner-style'><\/span><\/span><\/div>\n<div  class='av-buildercomment  av-blog-meta-html-info-disabled av-blog-meta-tag-disabled  '><\/div>\n","protected":false},"excerpt":{"rendered":"","protected":false},"author":1,"featured_media":5518,"comment_status":"open","ping_status":"open","sticky":false,"template":"","format":"standard","meta":{"footnotes":""},"categories":[60,38],"tags":[],"class_list":["post-5517","post","type-post","status-publish","format-standard","has-post-thumbnail","hentry","category-pesca","category-regional"],"jetpack_featured_media_url":"https:\/\/radiorevelacionfm.cl\/wp-content\/uploads\/2021\/06\/Barometro-Salmonicultura-1-1.jpg","_links":{"self":[{"href":"https:\/\/radiorevelacionfm.cl\/index.php?rest_route=\/wp\/v2\/posts\/5517","targetHints":{"allow":["GET"]}}],"collection":[{"href":"https:\/\/radiorevelacionfm.cl\/index.php?rest_route=\/wp\/v2\/posts"}],"about":[{"href":"https:\/\/radiorevelacionfm.cl\/index.php?rest_route=\/wp\/v2\/types\/post"}],"author":[{"embeddable":true,"href":"https:\/\/radiorevelacionfm.cl\/index.php?rest_route=\/wp\/v2\/users\/1"}],"replies":[{"embeddable":true,"href":"https:\/\/radiorevelacionfm.cl\/index.php?rest_route=%2Fwp%2Fv2%2Fcomments&post=5517"}],"version-history":[{"count":1,"href":"https:\/\/radiorevelacionfm.cl\/index.php?rest_route=\/wp\/v2\/posts\/5517\/revisions"}],"predecessor-version":[{"id":5519,"href":"https:\/\/radiorevelacionfm.cl\/index.php?rest_route=\/wp\/v2\/posts\/5517\/revisions\/5519"}],"wp:featuredmedia":[{"embeddable":true,"href":"https:\/\/radiorevelacionfm.cl\/index.php?rest_route=\/wp\/v2\/media\/5518"}],"wp:attachment":[{"href":"https:\/\/radiorevelacionfm.cl\/index.php?rest_route=%2Fwp%2Fv2%2Fmedia&parent=5517"}],"wp:term":[{"taxonomy":"category","embeddable":true,"href":"https:\/\/radiorevelacionfm.cl\/index.php?rest_route=%2Fwp%2Fv2%2Fcategories&post=5517"},{"taxonomy":"post_tag","embeddable":true,"href":"https:\/\/radiorevelacionfm.cl\/index.php?rest_route=%2Fwp%2Fv2%2Ftags&post=5517"}],"curies":[{"name":"wp","href":"https:\/\/api.w.org\/{rel}","templated":true}]}}