{"id":55167,"date":"2025-06-12T13:58:38","date_gmt":"2025-06-12T16:58:38","guid":{"rendered":"https:\/\/radiorevelacionfm.cl\/?p=55167"},"modified":"2025-06-12T13:58:38","modified_gmt":"2025-06-12T16:58:38","slug":"sandoval-e-impuesto-a-camioneros-chilenos-que-usen-ruta-40-argentina-esta-fuera-de-todo-contexto-de-relaciones-de-vecindad","status":"publish","type":"post","link":"https:\/\/radiorevelacionfm.cl\/?p=55167","title":{"rendered":"Sandoval e impuesto a camioneros chilenos que usen ruta 40 argentina:  \u201cEst\u00e1 fuera de todo contexto de relaciones de vecindad\u201d"},"content":{"rendered":"<div class=\"flex_column av_one_full  flex_column_div av-zero-column-padding first  avia-builder-el-0  el_before_av_one_full  avia-builder-el-first  \" style='border-radius:0px; '><div  class='avia-image-container  av-styling-    avia-builder-el-1  avia-builder-el-no-sibling  avia-align-center '  itemprop=\"image\" itemscope=\"itemscope\" itemtype=\"https:\/\/schema.org\/ImageObject\"  ><div class='avia-image-container-inner'><div class='avia-image-overlay-wrap'><img decoding=\"async\" class='wp-image-55168 avia-img-lazy-loading-not-55168 avia_image' src=\"https:\/\/radiorevelacionfm.cl\/wp-content\/uploads\/2025\/06\/cobro-aduana-1.jpg\" alt='' title='cobro aduana (1)' height=\"600\" width=\"1067\"  itemprop=\"thumbnailUrl\" srcset=\"https:\/\/radiorevelacionfm.cl\/wp-content\/uploads\/2025\/06\/cobro-aduana-1.jpg 1067w, https:\/\/radiorevelacionfm.cl\/wp-content\/uploads\/2025\/06\/cobro-aduana-1-300x169.jpg 300w, https:\/\/radiorevelacionfm.cl\/wp-content\/uploads\/2025\/06\/cobro-aduana-1-1030x579.jpg 1030w, https:\/\/radiorevelacionfm.cl\/wp-content\/uploads\/2025\/06\/cobro-aduana-1-768x432.jpg 768w, https:\/\/radiorevelacionfm.cl\/wp-content\/uploads\/2025\/06\/cobro-aduana-1-705x396.jpg 705w, https:\/\/radiorevelacionfm.cl\/wp-content\/uploads\/2025\/06\/cobro-aduana-1-450x253.jpg 450w, https:\/\/radiorevelacionfm.cl\/wp-content\/uploads\/2025\/06\/cobro-aduana-1-600x337.jpg 600w\" sizes=\"(max-width: 1067px) 100vw, 1067px\" \/><\/div><\/div><\/div><\/div><div class=\"flex_column av_one_full  flex_column_div av-zero-column-padding first  avia-builder-el-2  el_after_av_one_full  el_before_av_one_full  column-top-margin\" style='border-radius:0px; '><section class=\"av_textblock_section \"  itemscope=\"itemscope\" itemtype=\"https:\/\/schema.org\/BlogPosting\" itemprop=\"blogPost\" ><div class='avia_textblock  '   itemprop=\"text\" ><p style=\"text-align: center;\"><span style=\"font-size: 18pt;\"><strong>Sandoval e impuesto a camioneros chilenos que usen ruta 40 argentina:\u00a0<\/strong><strong>\u201cEst\u00e1 fuera de todo contexto de relaciones de vecindad\u201d<\/strong><\/span><\/p>\n<div id=\"gtx-trans\" style=\"position: absolute; left: -50px; top: 4.31534px;\">\n<div class=\"gtx-trans-icon\"><\/div>\n<\/div>\n<\/div><\/section><\/div><div class=\"flex_column av_one_full  flex_column_div av-zero-column-padding first  avia-builder-el-4  el_after_av_one_full  el_before_av_hr  column-top-margin\" style='border-radius:0px; '><section class=\"av_textblock_section \"  itemscope=\"itemscope\" itemtype=\"https:\/\/schema.org\/BlogPosting\" itemprop=\"blogPost\" ><div class='avia_textblock  '   itemprop=\"text\" ><p style=\"text-align: justify;\"><em>Parlamentario se refiri\u00f3 as\u00ed a anuncio de gobernador de la provincia de Chubut en Argentina, Ignacio Torres.<\/em><\/p>\n<p style=\"text-align: justify;\">\u201cLa integraci\u00f3n es fundamental para ambos pa\u00edses\u201d. As\u00ed lo se\u00f1al\u00f3 el senador David Sandoval, al referirse al anuncio del Gobernador de la provincia de Chubut en Argentina, Ignacio Torres de aplicar un impuesto a camioneros chilenos que usen la ruta 40 argentina.<\/p>\n<p style=\"text-align: justify;\">Al respecto, Sandoval dijo que \u201clo que queremos nosotros es que a los argentinos le siga yendo lo mejor posible, que a nosotros nos vaya lo mejor posible\u201d y por lo mismo enfatiz\u00f3 que la integraci\u00f3n en la zona austral es complementaria. \u201cEn vez de ser un conflicto, debe ser una tremenda oportunidad para el desarrollo m\u00e1s que poner este tipo de medidas que no conducen a nada\u201d, enfatiz\u00f3.<\/p>\n<p style=\"text-align: justify;\">\u00a0En esa l\u00ednea, dijo que es fundamental el trabajo que al respecto realice el Estado chileno, a trav\u00e9s del Ministerio de Relaciones Exteriores. \u201cTendr\u00e1 que imponer con mucha visi\u00f3n estrat\u00e9gica para hacer prevalecer los intereses que tenemos nosotros y obviamente enfatizar en lo que significa que la integraci\u00f3n es mucho mejor que poner cortapisa a este esfuerzo\u201d, subray\u00f3.<\/p>\n<p style=\"text-align: justify;\">Junto con ello, para el parlamentario tambi\u00e9n esto da cuenta de la importancia de que tanto el Ministerio de Obras P\u00fablicas como el Ministerio de Transportes profundicen los avances y mejoras en materia de conectividad mar\u00edtima, puertos, el mejoramiento de los caminos y terminar con la ruta 7. \u201cValoramos el esfuerzo que est\u00e1n haciendo los gobernadores de las tres regiones de la zona sur austral por tratar de poner este tema tambi\u00e9n como una acci\u00f3n colegiada del Gobierno Regional de Los Lagos, Ays\u00e9n y Magallanes, pues son materias que van absolutamente en la direcci\u00f3n adecuada\u201d, se\u00f1al\u00f3.<\/p>\n<p style=\"text-align: justify;\">Por \u00faltimo, el legislador insisti\u00f3 en que \u201cm\u00e1s all\u00e1 del exabrupto de una autoridad provincial argentina, la integraci\u00f3n es mucho mejor que el aislamiento, y tambi\u00e9n esto impone la necesidad de que desde nuestro pa\u00eds se mejoren los temas de conectividad de nuestra regi\u00f3n con el resto de Chile\u201d.<\/p>\n<\/div><\/section><\/div><div  style='height:50px' class='hr hr-invisible   avia-builder-el-6  el_after_av_one_full  el_before_av_social_share '><span class='hr-inner ' ><span class='hr-inner-style'><\/span><\/span><\/div><\/p>\n<div  class='av-social-sharing-box  avia-builder-el-7  el_after_av_hr  el_before_av_hr  '><div class='av-share-box'><h5 class='av-share-link-description av-no-toc '>Compartir esta noticia<\/h5><ul class='av-share-box-list noLightbox'><li class='av-share-link av-social-link-facebook' ><a target=\"_blank\" aria-label=\"Compartir en Facebook\" href='https:\/\/www.facebook.com\/sharer.php?u=https:\/\/radiorevelacionfm.cl\/?p=55167&#038;t=Sandoval%20e%20impuesto%20a%20camioneros%20chilenos%20que%20usen%20ruta%2040%20argentina%3A%20%20%E2%80%9CEst%C3%A1%20fuera%20de%20todo%20contexto%20de%20relaciones%20de%20vecindad%E2%80%9D' aria-hidden='false' data-av_icon='\ue8f3' data-av_iconfont='entypo-fontello' title='' data-avia-related-tooltip='Compartir en Facebook' rel=\"noopener\"><span class='avia_hidden_link_text'>Compartir en Facebook<\/span><\/a><\/li><li class='av-share-link av-social-link-twitter' ><a target=\"_blank\" aria-label=\"Compartir en Twitter\" href='https:\/\/twitter.com\/share?text=Sandoval%20e%20impuesto%20a%20camioneros%20chilenos%20que%20usen%20ruta%2040%20argentina%3A%20%20%E2%80%9CEst%C3%A1%20fuera%20de%20todo%20contexto%20de%20relaciones%20de%20vecindad%E2%80%9D&#038;url=https:\/\/radiorevelacionfm.cl\/?p=55167' aria-hidden='false' data-av_icon='\ue8f1' data-av_iconfont='entypo-fontello' title='' data-avia-related-tooltip='Compartir en Twitter' rel=\"noopener\"><span class='avia_hidden_link_text'>Compartir en Twitter<\/span><\/a><\/li><li class='av-share-link av-social-link-whatsapp' ><a target=\"_blank\" aria-label=\"Compartir en Whatsapp\" href='https:\/\/api.whatsapp.com\/send?text=https:\/\/radiorevelacionfm.cl\/?p=55167' aria-hidden='false' data-av_icon='\uf232' data-av_iconfont='entypo-fontello' title='' data-avia-related-tooltip='Compartir en Whatsapp' rel=\"noopener\"><span class='avia_hidden_link_text'>Compartir en Whatsapp<\/span><\/a><\/li><li class='av-share-link av-social-link-linkedin' ><a target=\"_blank\" aria-label=\"Compartir en LinkedIn\" href='https:\/\/linkedin.com\/shareArticle?mini=true&#038;title=Sandoval%20e%20impuesto%20a%20camioneros%20chilenos%20que%20usen%20ruta%2040%20argentina%3A%20%20%E2%80%9CEst%C3%A1%20fuera%20de%20todo%20contexto%20de%20relaciones%20de%20vecindad%E2%80%9D&#038;url=https:\/\/radiorevelacionfm.cl\/?p=55167' aria-hidden='false' data-av_icon='\ue8fc' data-av_iconfont='entypo-fontello' title='' data-avia-related-tooltip='Compartir en LinkedIn' rel=\"noopener\"><span class='avia_hidden_link_text'>Compartir en LinkedIn<\/span><\/a><\/li><li class='av-share-link av-social-link-mail' ><a  aria-label=\"Compartir por correo\" href='mailto:?subject=Sandoval%20e%20impuesto%20a%20camioneros%20chilenos%20que%20usen%20ruta%2040%20argentina%3A%20%20%E2%80%9CEst%C3%A1%20fuera%20de%20todo%20contexto%20de%20relaciones%20de%20vecindad%E2%80%9D&#038;body=https:\/\/radiorevelacionfm.cl\/?p=55167' aria-hidden='false' data-av_icon='\ue805' data-av_iconfont='entypo-fontello' title='' data-avia-related-tooltip='Compartir por correo'><span class='avia_hidden_link_text'>Compartir por correo<\/span><\/a><\/li><\/ul><\/div><\/div>\n<div  style='height:50px' class='hr hr-invisible   avia-builder-el-8  el_after_av_social_share  el_before_av_comments_list '><span class='hr-inner ' ><span class='hr-inner-style'><\/span><\/span><\/div>\n<div  class='av-buildercomment  av-blog-meta-html-info-disabled av-blog-meta-tag-disabled  '><\/div>\n","protected":false},"excerpt":{"rendered":"","protected":false},"author":1,"featured_media":55168,"comment_status":"closed","ping_status":"closed","sticky":false,"template":"","format":"standard","meta":{"footnotes":""},"categories":[38],"tags":[],"class_list":["post-55167","post","type-post","status-publish","format-standard","has-post-thumbnail","hentry","category-regional"],"jetpack_featured_media_url":"https:\/\/radiorevelacionfm.cl\/wp-content\/uploads\/2025\/06\/cobro-aduana-1.jpg","_links":{"self":[{"href":"https:\/\/radiorevelacionfm.cl\/index.php?rest_route=\/wp\/v2\/posts\/55167","targetHints":{"allow":["GET"]}}],"collection":[{"href":"https:\/\/radiorevelacionfm.cl\/index.php?rest_route=\/wp\/v2\/posts"}],"about":[{"href":"https:\/\/radiorevelacionfm.cl\/index.php?rest_route=\/wp\/v2\/types\/post"}],"author":[{"embeddable":true,"href":"https:\/\/radiorevelacionfm.cl\/index.php?rest_route=\/wp\/v2\/users\/1"}],"replies":[{"embeddable":true,"href":"https:\/\/radiorevelacionfm.cl\/index.php?rest_route=%2Fwp%2Fv2%2Fcomments&post=55167"}],"version-history":[{"count":2,"href":"https:\/\/radiorevelacionfm.cl\/index.php?rest_route=\/wp\/v2\/posts\/55167\/revisions"}],"predecessor-version":[{"id":55170,"href":"https:\/\/radiorevelacionfm.cl\/index.php?rest_route=\/wp\/v2\/posts\/55167\/revisions\/55170"}],"wp:featuredmedia":[{"embeddable":true,"href":"https:\/\/radiorevelacionfm.cl\/index.php?rest_route=\/wp\/v2\/media\/55168"}],"wp:attachment":[{"href":"https:\/\/radiorevelacionfm.cl\/index.php?rest_route=%2Fwp%2Fv2%2Fmedia&parent=55167"}],"wp:term":[{"taxonomy":"category","embeddable":true,"href":"https:\/\/radiorevelacionfm.cl\/index.php?rest_route=%2Fwp%2Fv2%2Fcategories&post=55167"},{"taxonomy":"post_tag","embeddable":true,"href":"https:\/\/radiorevelacionfm.cl\/index.php?rest_route=%2Fwp%2Fv2%2Ftags&post=55167"}],"curies":[{"name":"wp","href":"https:\/\/api.w.org\/{rel}","templated":true}]}}