{"id":55163,"date":"2025-06-12T20:47:35","date_gmt":"2025-06-12T23:47:35","guid":{"rendered":"https:\/\/radiorevelacionfm.cl\/?p=55163"},"modified":"2025-06-12T20:47:35","modified_gmt":"2025-06-12T23:47:35","slug":"invitan-a-postular-al-fondo-de-innovacion-de-la-educacion-parvularia-2025","status":"publish","type":"post","link":"https:\/\/radiorevelacionfm.cl\/?p=55163","title":{"rendered":"Invitan a\u00a0 postular al Fondo de Innovaci\u00f3n de la Educaci\u00f3n Parvularia 2025"},"content":{"rendered":"<div class=\"flex_column av_one_full  flex_column_div av-zero-column-padding first  avia-builder-el-0  el_before_av_one_full  avia-builder-el-first  \" style='border-radius:0px; '><div  class='avia-image-container  av-styling-    avia-builder-el-1  avia-builder-el-no-sibling  avia-align-center '  itemprop=\"image\" itemscope=\"itemscope\" itemtype=\"https:\/\/schema.org\/ImageObject\"  ><div class='avia-image-container-inner'><div class='avia-image-overlay-wrap'><img decoding=\"async\" class='wp-image-55164 avia-img-lazy-loading-not-55164 avia_image' src=\"https:\/\/radiorevelacionfm.cl\/wp-content\/uploads\/2025\/06\/SC2-1-1.jpeg\" alt='' title='SC2 (1) (1)' height=\"600\" width=\"900\"  itemprop=\"thumbnailUrl\" srcset=\"https:\/\/radiorevelacionfm.cl\/wp-content\/uploads\/2025\/06\/SC2-1-1.jpeg 900w, https:\/\/radiorevelacionfm.cl\/wp-content\/uploads\/2025\/06\/SC2-1-1-300x200.jpeg 300w, https:\/\/radiorevelacionfm.cl\/wp-content\/uploads\/2025\/06\/SC2-1-1-768x512.jpeg 768w, https:\/\/radiorevelacionfm.cl\/wp-content\/uploads\/2025\/06\/SC2-1-1-705x470.jpeg 705w, https:\/\/radiorevelacionfm.cl\/wp-content\/uploads\/2025\/06\/SC2-1-1-450x300.jpeg 450w, https:\/\/radiorevelacionfm.cl\/wp-content\/uploads\/2025\/06\/SC2-1-1-600x400.jpeg 600w\" sizes=\"(max-width: 900px) 100vw, 900px\" \/><\/div><\/div><\/div><\/div><div class=\"flex_column av_one_full  flex_column_div av-zero-column-padding first  avia-builder-el-2  el_after_av_one_full  el_before_av_one_full  column-top-margin\" style='border-radius:0px; '><section class=\"av_textblock_section \"  itemscope=\"itemscope\" itemtype=\"https:\/\/schema.org\/BlogPosting\" itemprop=\"blogPost\" ><div class='avia_textblock  '   itemprop=\"text\" ><p style=\"text-align: center;\"><span style=\"font-size: 18pt;\"><b><span lang=\"ES-MX\">Invitan a\u00a0 postular al Fondo de Innovaci\u00f3n de la Educaci\u00f3n Parvularia 2025<\/span><\/b><\/span><\/p>\n<div id=\"gtx-trans\" style=\"position: absolute; left: -50px; top: 4.31534px;\">\n<div class=\"gtx-trans-icon\"><\/div>\n<\/div>\n<\/div><\/section><\/div><div class=\"flex_column av_one_full  flex_column_div av-zero-column-padding first  avia-builder-el-4  el_after_av_one_full  el_before_av_hr  column-top-margin\" style='border-radius:0px; '><section class=\"av_textblock_section \"  itemscope=\"itemscope\" itemtype=\"https:\/\/schema.org\/BlogPosting\" itemprop=\"blogPost\" ><div class='avia_textblock  '   itemprop=\"text\" ><p class=\"v1MsoNormal\" style=\"text-align: justify;\">Hasta el 17 de junio, las comunidades educativas pueden postular al Fondo de Innovaci\u00f3n de la Educaci\u00f3n Parvularia, FIEP, que tiene como misi\u00f3n impulsar iniciativas que contribuyan a la formaci\u00f3n integral de ni\u00f1os y ni\u00f1as.\u00a0Siguiendo la l\u00ednea de potenciar a la Educaci\u00f3n Inicial como inicio de la trayectoria educativa, en 2025, en su octava versi\u00f3n, FIEP financiar\u00e1 proyectos enfocados en el nivel sala cuna, potenciando as\u00ed la gesti\u00f3n curricular de ni\u00f1as y ni\u00f1os entre 0 y 1 a\u00f1o y 11 meses, siendo la tem\u00e1tica el juego y la ciudadan\u00eda en Sala Cuna.<b><\/b><\/p>\n<p class=\"v1MsoNormal\" style=\"text-align: justify;\"><b>\u00a0<\/b>\u201cDesde una perspectiva de derechos, los proyectos deben garantizar ambientes para el aprendizaje que reconozcan las voces, intereses y necesidades de ni\u00f1os y ni\u00f1as. La ciudadan\u00eda desde la sala cuna se construye con pr\u00e1cticas pedag\u00f3gicas que promuevan el respeto, la expresi\u00f3n y la participaci\u00f3n de las ni\u00f1as y ni\u00f1os en su entorno inmediato; es as\u00ed como contribuimos a\u00a0resguardar sus trayectorias y promover su bienestar integral\u201d, destac\u00f3 la subsecretaria de Educaci\u00f3n Parvularia, Claudia Lagos.<\/p>\n<p class=\"v1MsoNormal\" style=\"text-align: justify;\">Por su parte\u00a0<b>la Seremi de Educaci\u00f3n de Ays\u00e9n Katherine Miqueles\u00a0<\/b>invit\u00f3 a las comunidades educativas que imparten educaci\u00f3n parvularia a participar en esta convocatoria y \u00a0record\u00f3 que \u201cEn su versi\u00f3n 2025, el FIEP financiar\u00e1 proyectos generados e implementados por las propias comunidades educativas, enfocados en promover el juego y la ciudadan\u00eda en los niveles sala cuna. En esta octava versi\u00f3n pueden participar todos los establecimientos que impartan sala cuna y que reciben recursos del Estado\u201d.<\/p>\n<p class=\"v1MsoNormal\" style=\"text-align: justify;\">Cada proyecto seleccionado tendr\u00e1 un financiamiento de $7.000.000, para implementar iniciativas de potencien los aprendizajes y el bienestar integral, poniendo \u00e9nfasis en la promoci\u00f3n del juego y la ciudadan\u00eda desde los primeros a\u00f1os, reconociendo a ni\u00f1os y ni\u00f1as como sujetos de derecho. En total, la inversi\u00f3n alcanzar\u00e1 los 350 millones, para financiar 50 iniciativas; la informaci\u00f3n est\u00e1 disponible en:\u00a0<a href=\"https:\/\/parvularia.mineduc.cl\/FIEP\" target=\"_blank\" rel=\"noopener noreferrer\">https:\/\/parvularia.mineduc.cl\/FIEP<\/a>.<\/p>\n<p class=\"v1MsoNormal\" style=\"text-align: justify;\"><span lang=\"ES-TRAD\">Las comunidades educativas pueden usar como antecedentes los documentos de referencia elaborados por la Subsecretar\u00eda de Educaci\u00f3n Parvularia, para elaborar un proyecto innovador.\u00a0<\/span><span lang=\"ES-TRAD\">Estos documentos proporcionan directrices clave para la planificaci\u00f3n e implementaci\u00f3n de experiencias educativas que promuevan el derecho al juego y la participaci\u00f3n desde los primeros a\u00f1os de vida. Algunos de estos documentos son:\u00a0<\/span><a href=\"https:\/\/parvularia.mineduc.cl\/recursos\/derecho-al-juego\/\" target=\"_blank\" rel=\"noopener noreferrer\">Derecho al juego y a la participaci\u00f3n de la ni\u00f1ez<\/a>\u00a0y\u00a0<a href=\"https:\/\/parvularia.mineduc.cl\/recursos\/enfoque-de-derechos\/\" target=\"_blank\" rel=\"noopener noreferrer\">Enfoque de Derechos y participaci\u00f3n de la ni\u00f1ez<\/a>.<\/p>\n<p class=\"v1MsoNormal\" style=\"text-align: justify;\">Pueden postular a FIEP 2025 los establecimientos de Educaci\u00f3n Parvularia que imparten el nivel Sala Cuna y que reciben financiamiento del Estado con dependencia administrativa de: Municipalidades, Corporaciones Municipales, Servicios Locales de Educaci\u00f3n P\u00fablica, Junta Nacional de Jardines Infantiles, Fundaci\u00f3n Integra, y otras personas Jur\u00eddicas que sean sostenedoras de establecimientos V\u00eda Transferencia de Fondos (VTF).<\/p>\n<p class=\"v1MsoNormal\" style=\"text-align: justify;\">En sus siete versiones anteriores, FIEP ha tenido distintos focos, contribuyendo a promover la innovaci\u00f3n educativa. En este per\u00edodo la inversi\u00f3n total ha alcanzado m\u00e1s de $2.600 millones, impactando en 548 comunidades del primer nivel educativo.<\/p>\n<\/div><\/section><\/div><div  style='height:50px' class='hr hr-invisible   avia-builder-el-6  el_after_av_one_full  el_before_av_social_share '><span class='hr-inner ' ><span class='hr-inner-style'><\/span><\/span><\/div><\/p>\n<div  class='av-social-sharing-box  avia-builder-el-7  el_after_av_hr  el_before_av_hr  '><div class='av-share-box'><h5 class='av-share-link-description av-no-toc '>Compartir esta noticia<\/h5><ul class='av-share-box-list noLightbox'><li class='av-share-link av-social-link-facebook' ><a target=\"_blank\" aria-label=\"Compartir en Facebook\" href='https:\/\/www.facebook.com\/sharer.php?u=https:\/\/radiorevelacionfm.cl\/?p=55163&#038;t=Invitan%20a%C2%A0%20postular%20al%20Fondo%20de%20Innovaci%C3%B3n%20de%20la%20Educaci%C3%B3n%20Parvularia%202025' aria-hidden='false' data-av_icon='\ue8f3' data-av_iconfont='entypo-fontello' title='' data-avia-related-tooltip='Compartir en Facebook' rel=\"noopener\"><span class='avia_hidden_link_text'>Compartir en Facebook<\/span><\/a><\/li><li class='av-share-link av-social-link-twitter' ><a target=\"_blank\" aria-label=\"Compartir en Twitter\" href='https:\/\/twitter.com\/share?text=Invitan%20a%C2%A0%20postular%20al%20Fondo%20de%20Innovaci%C3%B3n%20de%20la%20Educaci%C3%B3n%20Parvularia%202025&#038;url=https:\/\/radiorevelacionfm.cl\/?p=55163' aria-hidden='false' data-av_icon='\ue8f1' data-av_iconfont='entypo-fontello' title='' data-avia-related-tooltip='Compartir en Twitter' rel=\"noopener\"><span class='avia_hidden_link_text'>Compartir en Twitter<\/span><\/a><\/li><li class='av-share-link av-social-link-whatsapp' ><a target=\"_blank\" aria-label=\"Compartir en Whatsapp\" href='https:\/\/api.whatsapp.com\/send?text=https:\/\/radiorevelacionfm.cl\/?p=55163' aria-hidden='false' data-av_icon='\uf232' data-av_iconfont='entypo-fontello' title='' data-avia-related-tooltip='Compartir en Whatsapp' rel=\"noopener\"><span class='avia_hidden_link_text'>Compartir en Whatsapp<\/span><\/a><\/li><li class='av-share-link av-social-link-linkedin' ><a target=\"_blank\" aria-label=\"Compartir en LinkedIn\" href='https:\/\/linkedin.com\/shareArticle?mini=true&#038;title=Invitan%20a%C2%A0%20postular%20al%20Fondo%20de%20Innovaci%C3%B3n%20de%20la%20Educaci%C3%B3n%20Parvularia%202025&#038;url=https:\/\/radiorevelacionfm.cl\/?p=55163' aria-hidden='false' data-av_icon='\ue8fc' data-av_iconfont='entypo-fontello' title='' data-avia-related-tooltip='Compartir en LinkedIn' rel=\"noopener\"><span class='avia_hidden_link_text'>Compartir en LinkedIn<\/span><\/a><\/li><li class='av-share-link av-social-link-mail' ><a  aria-label=\"Compartir por correo\" href='mailto:?subject=Invitan%20a%C2%A0%20postular%20al%20Fondo%20de%20Innovaci%C3%B3n%20de%20la%20Educaci%C3%B3n%20Parvularia%202025&#038;body=https:\/\/radiorevelacionfm.cl\/?p=55163' aria-hidden='false' data-av_icon='\ue805' data-av_iconfont='entypo-fontello' title='' data-avia-related-tooltip='Compartir por correo'><span class='avia_hidden_link_text'>Compartir por correo<\/span><\/a><\/li><\/ul><\/div><\/div>\n<div  style='height:50px' class='hr hr-invisible   avia-builder-el-8  el_after_av_social_share  el_before_av_comments_list '><span class='hr-inner ' ><span class='hr-inner-style'><\/span><\/span><\/div>\n<div  class='av-buildercomment  av-blog-meta-html-info-disabled av-blog-meta-tag-disabled  '><\/div>\n","protected":false},"excerpt":{"rendered":"","protected":false},"author":1,"featured_media":55164,"comment_status":"closed","ping_status":"closed","sticky":false,"template":"","format":"standard","meta":{"footnotes":""},"categories":[64],"tags":[],"class_list":["post-55163","post","type-post","status-publish","format-standard","has-post-thumbnail","hentry","category-infancia"],"jetpack_featured_media_url":"https:\/\/radiorevelacionfm.cl\/wp-content\/uploads\/2025\/06\/SC2-1-1.jpeg","_links":{"self":[{"href":"https:\/\/radiorevelacionfm.cl\/index.php?rest_route=\/wp\/v2\/posts\/55163","targetHints":{"allow":["GET"]}}],"collection":[{"href":"https:\/\/radiorevelacionfm.cl\/index.php?rest_route=\/wp\/v2\/posts"}],"about":[{"href":"https:\/\/radiorevelacionfm.cl\/index.php?rest_route=\/wp\/v2\/types\/post"}],"author":[{"embeddable":true,"href":"https:\/\/radiorevelacionfm.cl\/index.php?rest_route=\/wp\/v2\/users\/1"}],"replies":[{"embeddable":true,"href":"https:\/\/radiorevelacionfm.cl\/index.php?rest_route=%2Fwp%2Fv2%2Fcomments&post=55163"}],"version-history":[{"count":3,"href":"https:\/\/radiorevelacionfm.cl\/index.php?rest_route=\/wp\/v2\/posts\/55163\/revisions"}],"predecessor-version":[{"id":55200,"href":"https:\/\/radiorevelacionfm.cl\/index.php?rest_route=\/wp\/v2\/posts\/55163\/revisions\/55200"}],"wp:featuredmedia":[{"embeddable":true,"href":"https:\/\/radiorevelacionfm.cl\/index.php?rest_route=\/wp\/v2\/media\/55164"}],"wp:attachment":[{"href":"https:\/\/radiorevelacionfm.cl\/index.php?rest_route=%2Fwp%2Fv2%2Fmedia&parent=55163"}],"wp:term":[{"taxonomy":"category","embeddable":true,"href":"https:\/\/radiorevelacionfm.cl\/index.php?rest_route=%2Fwp%2Fv2%2Fcategories&post=55163"},{"taxonomy":"post_tag","embeddable":true,"href":"https:\/\/radiorevelacionfm.cl\/index.php?rest_route=%2Fwp%2Fv2%2Ftags&post=55163"}],"curies":[{"name":"wp","href":"https:\/\/api.w.org\/{rel}","templated":true}]}}