{"id":55158,"date":"2025-06-12T15:26:21","date_gmt":"2025-06-12T18:26:21","guid":{"rendered":"https:\/\/radiorevelacionfm.cl\/?p=55158"},"modified":"2025-06-12T15:26:21","modified_gmt":"2025-06-12T18:26:21","slug":"jornada-de-directoras-promueve-una-educacion-transformadora-con-foco-en-el-protagonismo-infantil-y-la-formacion-continua-de-los-equipos","status":"publish","type":"post","link":"https:\/\/radiorevelacionfm.cl\/?p=55158","title":{"rendered":"Jornada de Directoras promueve una educaci\u00f3n transformadora con foco en el protagonismo infantil y la formaci\u00f3n continua de los equipos"},"content":{"rendered":"<div class=\"flex_column av_one_full  flex_column_div av-zero-column-padding first  avia-builder-el-0  el_before_av_one_full  avia-builder-el-first  \" style='border-radius:0px; '><div  class='avia-image-container  av-styling-    avia-builder-el-1  avia-builder-el-no-sibling  avia-align-center '  itemprop=\"image\" itemscope=\"itemscope\" itemtype=\"https:\/\/schema.org\/ImageObject\"  ><div class='avia-image-container-inner'><div class='avia-image-overlay-wrap'><img decoding=\"async\" class='wp-image-55159 avia-img-lazy-loading-not-55159 avia_image' src=\"https:\/\/radiorevelacionfm.cl\/wp-content\/uploads\/2025\/06\/2-2025-06-12T133405.076-1-1.jpg\" alt='' title='2 - 2025-06-12T133405.076 (1) (1)' height=\"600\" width=\"800\"  itemprop=\"thumbnailUrl\" srcset=\"https:\/\/radiorevelacionfm.cl\/wp-content\/uploads\/2025\/06\/2-2025-06-12T133405.076-1-1.jpg 800w, https:\/\/radiorevelacionfm.cl\/wp-content\/uploads\/2025\/06\/2-2025-06-12T133405.076-1-1-300x225.jpg 300w, https:\/\/radiorevelacionfm.cl\/wp-content\/uploads\/2025\/06\/2-2025-06-12T133405.076-1-1-768x576.jpg 768w, https:\/\/radiorevelacionfm.cl\/wp-content\/uploads\/2025\/06\/2-2025-06-12T133405.076-1-1-705x529.jpg 705w, https:\/\/radiorevelacionfm.cl\/wp-content\/uploads\/2025\/06\/2-2025-06-12T133405.076-1-1-450x338.jpg 450w, https:\/\/radiorevelacionfm.cl\/wp-content\/uploads\/2025\/06\/2-2025-06-12T133405.076-1-1-600x450.jpg 600w\" sizes=\"(max-width: 800px) 100vw, 800px\" \/><\/div><\/div><\/div><\/div><div class=\"flex_column av_one_full  flex_column_div av-zero-column-padding first  avia-builder-el-2  el_after_av_one_full  el_before_av_one_full  column-top-margin\" style='border-radius:0px; '><section class=\"av_textblock_section \"  itemscope=\"itemscope\" itemtype=\"https:\/\/schema.org\/BlogPosting\" itemprop=\"blogPost\" ><div class='avia_textblock  '   itemprop=\"text\" ><p style=\"text-align: center;\"><strong><span style=\"font-size: 18pt;\">Jornada de Directoras promueve una educaci\u00f3n transformadora con foco en el protagonismo infantil y la formaci\u00f3n continua de los equipos<\/span><\/strong><\/p>\n<div id=\"gtx-trans\" style=\"position: absolute; left: -50px; top: 4.31534px;\">\n<div class=\"gtx-trans-icon\"><\/div>\n<\/div>\n<\/div><\/section><\/div><div class=\"flex_column av_one_full  flex_column_div av-zero-column-padding first  avia-builder-el-4  el_after_av_one_full  el_before_av_hr  column-top-margin\" style='border-radius:0px; '><section class=\"av_textblock_section \"  itemscope=\"itemscope\" itemtype=\"https:\/\/schema.org\/BlogPosting\" itemprop=\"blogPost\" ><div class='avia_textblock  '   itemprop=\"text\" ><p class=\"v1MsoNormal\" style=\"text-align: justify;\" align=\"center\"><i>Estos espacios permiten compartir resultados, estrategias y acciones realizadas en cada establecimiento permitiendo con esto fortalecer el conocimiento de la gesti\u00f3n de cada jard\u00edn infantil y el rescate de experiencias exitosas.<\/i><\/p>\n<p class=\"v1MsoNormal\" style=\"text-align: justify;\">En el marco del Eje 2 de la Carta de Navegaci\u00f3n institucional, \u00abEducaci\u00f3n transformadora para el desarrollo humano y sostenible\u00bb, Fundaci\u00f3n Integra de la regi\u00f3n de Ays\u00e9n llev\u00f3 a cabo una nueva Jornada de Directoras, instancia clave para el fortalecimiento del liderazgo pedag\u00f3gico y la reflexi\u00f3n conjunta en torno al rol de las comunidades educativas.<\/p>\n<p class=\"v1MsoNormal\" style=\"text-align: justify;\">La jornada, realizada en la ciudad de Coyhaique, reuni\u00f3 a directoras y encargadas de jardines infantiles de toda la regi\u00f3n, generando un espacio de di\u00e1logo y an\u00e1lisis en torno a los desaf\u00edos y oportunidades que implica avanzar hacia una educaci\u00f3n de calidad, inclusiva, pertinente y con enfoque de derechos.<\/p>\n<p class=\"v1MsoNormal\" style=\"text-align: justify;\">En esta oportunidad, el foco estuvo puesto en potenciar una comprensi\u00f3n profunda y actualizada de la ni\u00f1ez, reconociendo a ni\u00f1as y ni\u00f1os como sujetos activos y protagonistas de sus aprendizajes. Para ello, se abordaron herramientas para la implementaci\u00f3n flexible, integral y contextualizada del curr\u00edculum nacional de Educaci\u00f3n Parvularia, en coherencia con la diversidad de realidades territoriales y culturales que caracteriza a Ays\u00e9n.<\/p>\n<p class=\"v1MsoNormal\" style=\"text-align: justify;\">Asimismo, se destac\u00f3 la importancia de generar ambientes educativos amorosos, sostenibles e inclusivos, que fomenten el desarrollo de habilidades fundamentales para la vida desde la primera infancia. En esa l\u00ednea, la jornada tambi\u00e9n promovi\u00f3 la reflexi\u00f3n sobre la pr\u00e1ctica pedag\u00f3gica, el acompa\u00f1amiento de equipos y la formaci\u00f3n continua como eje esencial para una mejora sostenida en la calidad educativa.<\/p>\n<p class=\"v1MsoNormal\" style=\"text-align: justify;\">Leticia Araya, directora regional de Fundaci\u00f3n Integra destac\u00f3 que \u00abestos espacios de encuentro permiten que nuestras directoras se reconecten con el prop\u00f3sito institucional, compartan experiencias y fortalezcan sus liderazgos educativos, siempre con el foco en el bienestar y aprendizaje de nuestras ni\u00f1as y ni\u00f1os\u00bb, quien valor\u00f3 la alta participaci\u00f3n y compromiso de los equipos.<\/p>\n<p class=\"v1MsoNormal\" style=\"text-align: justify;\"><span lang=\"ES-TRAD\">Fundaci\u00f3n Integra, con m\u00e1s de 34 a\u00f1os de trayectoria y m\u00e1s de 1.200 jardines infantiles gratuitos a lo largo del pa\u00eds, contin\u00faa trabajando para brindar espacios educativos inclusivos, diversos y de calidad que promuevan el desarrollo integral y bienestar de la primera infancia.<\/span><\/p>\n<\/div><\/section><\/div><div  style='height:50px' class='hr hr-invisible   avia-builder-el-6  el_after_av_one_full  el_before_av_social_share '><span class='hr-inner ' ><span class='hr-inner-style'><\/span><\/span><\/div><\/p>\n<div  class='av-social-sharing-box  avia-builder-el-7  el_after_av_hr  el_before_av_hr  '><div class='av-share-box'><h5 class='av-share-link-description av-no-toc '>Compartir esta noticia<\/h5><ul class='av-share-box-list noLightbox'><li class='av-share-link av-social-link-facebook' ><a target=\"_blank\" aria-label=\"Compartir en Facebook\" href='https:\/\/www.facebook.com\/sharer.php?u=https:\/\/radiorevelacionfm.cl\/?p=55158&#038;t=Jornada%20de%20Directoras%20promueve%20una%20educaci%C3%B3n%20transformadora%20con%20foco%20en%20el%20protagonismo%20infantil%20y%20la%20formaci%C3%B3n%20continua%20de%20los%20equipos' aria-hidden='false' data-av_icon='\ue8f3' data-av_iconfont='entypo-fontello' title='' data-avia-related-tooltip='Compartir en Facebook' rel=\"noopener\"><span class='avia_hidden_link_text'>Compartir en Facebook<\/span><\/a><\/li><li class='av-share-link av-social-link-twitter' ><a target=\"_blank\" aria-label=\"Compartir en Twitter\" href='https:\/\/twitter.com\/share?text=Jornada%20de%20Directoras%20promueve%20una%20educaci%C3%B3n%20transformadora%20con%20foco%20en%20el%20protagonismo%20infantil%20y%20la%20formaci%C3%B3n%20continua%20de%20los%20equipos&#038;url=https:\/\/radiorevelacionfm.cl\/?p=55158' aria-hidden='false' data-av_icon='\ue8f1' data-av_iconfont='entypo-fontello' title='' data-avia-related-tooltip='Compartir en Twitter' rel=\"noopener\"><span class='avia_hidden_link_text'>Compartir en Twitter<\/span><\/a><\/li><li class='av-share-link av-social-link-whatsapp' ><a target=\"_blank\" aria-label=\"Compartir en Whatsapp\" href='https:\/\/api.whatsapp.com\/send?text=https:\/\/radiorevelacionfm.cl\/?p=55158' aria-hidden='false' data-av_icon='\uf232' data-av_iconfont='entypo-fontello' title='' data-avia-related-tooltip='Compartir en Whatsapp' rel=\"noopener\"><span class='avia_hidden_link_text'>Compartir en Whatsapp<\/span><\/a><\/li><li class='av-share-link av-social-link-linkedin' ><a target=\"_blank\" aria-label=\"Compartir en LinkedIn\" href='https:\/\/linkedin.com\/shareArticle?mini=true&#038;title=Jornada%20de%20Directoras%20promueve%20una%20educaci%C3%B3n%20transformadora%20con%20foco%20en%20el%20protagonismo%20infantil%20y%20la%20formaci%C3%B3n%20continua%20de%20los%20equipos&#038;url=https:\/\/radiorevelacionfm.cl\/?p=55158' aria-hidden='false' data-av_icon='\ue8fc' data-av_iconfont='entypo-fontello' title='' data-avia-related-tooltip='Compartir en LinkedIn' rel=\"noopener\"><span class='avia_hidden_link_text'>Compartir en LinkedIn<\/span><\/a><\/li><li class='av-share-link av-social-link-mail' ><a  aria-label=\"Compartir por correo\" href='mailto:?subject=Jornada%20de%20Directoras%20promueve%20una%20educaci%C3%B3n%20transformadora%20con%20foco%20en%20el%20protagonismo%20infantil%20y%20la%20formaci%C3%B3n%20continua%20de%20los%20equipos&#038;body=https:\/\/radiorevelacionfm.cl\/?p=55158' aria-hidden='false' data-av_icon='\ue805' data-av_iconfont='entypo-fontello' title='' data-avia-related-tooltip='Compartir por correo'><span class='avia_hidden_link_text'>Compartir por correo<\/span><\/a><\/li><\/ul><\/div><\/div>\n<div  style='height:50px' class='hr hr-invisible   avia-builder-el-8  el_after_av_social_share  el_before_av_comments_list '><span class='hr-inner ' ><span class='hr-inner-style'><\/span><\/span><\/div>\n<div  class='av-buildercomment  av-blog-meta-html-info-disabled av-blog-meta-tag-disabled  '><\/div>\n","protected":false},"excerpt":{"rendered":"","protected":false},"author":1,"featured_media":55159,"comment_status":"closed","ping_status":"closed","sticky":false,"template":"","format":"standard","meta":{"footnotes":""},"categories":[64],"tags":[],"class_list":["post-55158","post","type-post","status-publish","format-standard","has-post-thumbnail","hentry","category-infancia"],"jetpack_featured_media_url":"https:\/\/radiorevelacionfm.cl\/wp-content\/uploads\/2025\/06\/2-2025-06-12T133405.076-1-1.jpg","_links":{"self":[{"href":"https:\/\/radiorevelacionfm.cl\/index.php?rest_route=\/wp\/v2\/posts\/55158","targetHints":{"allow":["GET"]}}],"collection":[{"href":"https:\/\/radiorevelacionfm.cl\/index.php?rest_route=\/wp\/v2\/posts"}],"about":[{"href":"https:\/\/radiorevelacionfm.cl\/index.php?rest_route=\/wp\/v2\/types\/post"}],"author":[{"embeddable":true,"href":"https:\/\/radiorevelacionfm.cl\/index.php?rest_route=\/wp\/v2\/users\/1"}],"replies":[{"embeddable":true,"href":"https:\/\/radiorevelacionfm.cl\/index.php?rest_route=%2Fwp%2Fv2%2Fcomments&post=55158"}],"version-history":[{"count":2,"href":"https:\/\/radiorevelacionfm.cl\/index.php?rest_route=\/wp\/v2\/posts\/55158\/revisions"}],"predecessor-version":[{"id":55181,"href":"https:\/\/radiorevelacionfm.cl\/index.php?rest_route=\/wp\/v2\/posts\/55158\/revisions\/55181"}],"wp:featuredmedia":[{"embeddable":true,"href":"https:\/\/radiorevelacionfm.cl\/index.php?rest_route=\/wp\/v2\/media\/55159"}],"wp:attachment":[{"href":"https:\/\/radiorevelacionfm.cl\/index.php?rest_route=%2Fwp%2Fv2%2Fmedia&parent=55158"}],"wp:term":[{"taxonomy":"category","embeddable":true,"href":"https:\/\/radiorevelacionfm.cl\/index.php?rest_route=%2Fwp%2Fv2%2Fcategories&post=55158"},{"taxonomy":"post_tag","embeddable":true,"href":"https:\/\/radiorevelacionfm.cl\/index.php?rest_route=%2Fwp%2Fv2%2Ftags&post=55158"}],"curies":[{"name":"wp","href":"https:\/\/api.w.org\/{rel}","templated":true}]}}