{"id":55155,"date":"2025-06-12T14:44:13","date_gmt":"2025-06-12T17:44:13","guid":{"rendered":"https:\/\/radiorevelacionfm.cl\/?p=55155"},"modified":"2025-06-12T14:44:13","modified_gmt":"2025-06-12T17:44:13","slug":"hospital-de-dia-keoken-realiza-exitosa-i-jornada-de-sensibilizacion-de-salud-mental","status":"publish","type":"post","link":"https:\/\/radiorevelacionfm.cl\/?p=55155","title":{"rendered":"Hospital de D\u00eda Keoken realiza exitosa \u201cI Jornada de Sensibilizaci\u00f3n de Salud Mental\u201d"},"content":{"rendered":"<div class=\"flex_column av_one_full  flex_column_div av-zero-column-padding first  avia-builder-el-0  el_before_av_one_full  avia-builder-el-first  \" style='border-radius:0px; '><div  class='avia-image-container  av-styling-    avia-builder-el-1  avia-builder-el-no-sibling  avia-align-center '  itemprop=\"image\" itemscope=\"itemscope\" itemtype=\"https:\/\/schema.org\/ImageObject\"  ><div class='avia-image-container-inner'><div class='avia-image-overlay-wrap'><img decoding=\"async\" class='wp-image-55156 avia-img-lazy-loading-not-55156 avia_image' src=\"https:\/\/radiorevelacionfm.cl\/wp-content\/uploads\/2025\/06\/001-6-1-1.jpeg\" alt='' title='001 (6) (1) (1)' height=\"600\" width=\"1066\"  itemprop=\"thumbnailUrl\" srcset=\"https:\/\/radiorevelacionfm.cl\/wp-content\/uploads\/2025\/06\/001-6-1-1.jpeg 1066w, https:\/\/radiorevelacionfm.cl\/wp-content\/uploads\/2025\/06\/001-6-1-1-300x169.jpeg 300w, https:\/\/radiorevelacionfm.cl\/wp-content\/uploads\/2025\/06\/001-6-1-1-1030x580.jpeg 1030w, https:\/\/radiorevelacionfm.cl\/wp-content\/uploads\/2025\/06\/001-6-1-1-768x432.jpeg 768w, https:\/\/radiorevelacionfm.cl\/wp-content\/uploads\/2025\/06\/001-6-1-1-705x397.jpeg 705w, https:\/\/radiorevelacionfm.cl\/wp-content\/uploads\/2025\/06\/001-6-1-1-450x253.jpeg 450w, https:\/\/radiorevelacionfm.cl\/wp-content\/uploads\/2025\/06\/001-6-1-1-600x338.jpeg 600w\" sizes=\"(max-width: 1066px) 100vw, 1066px\" \/><\/div><\/div><\/div><\/div><div class=\"flex_column av_one_full  flex_column_div av-zero-column-padding first  avia-builder-el-2  el_after_av_one_full  el_before_av_one_full  column-top-margin\" style='border-radius:0px; '><section class=\"av_textblock_section \"  itemscope=\"itemscope\" itemtype=\"https:\/\/schema.org\/BlogPosting\" itemprop=\"blogPost\" ><div class='avia_textblock  '   itemprop=\"text\" ><p style=\"text-align: center;\"><span style=\"font-size: 18pt;\"><strong>Hospital de D\u00eda Keoken realiza exitosa \u201cI Jornada de Sensibilizaci\u00f3n de Salud Mental\u201d<\/strong><\/span><\/p>\n<div id=\"gtx-trans\" style=\"position: absolute; left: -50px; top: 4.31534px;\">\n<div class=\"gtx-trans-icon\"><\/div>\n<\/div>\n<\/div><\/section><\/div><div class=\"flex_column av_one_full  flex_column_div av-zero-column-padding first  avia-builder-el-4  el_after_av_one_full  el_before_av_hr  column-top-margin\" style='border-radius:0px; '><section class=\"av_textblock_section \"  itemscope=\"itemscope\" itemtype=\"https:\/\/schema.org\/BlogPosting\" itemprop=\"blogPost\" ><div class='avia_textblock  '   itemprop=\"text\" ><p style=\"text-align: justify;\"><em>El dispositivo de salud mental ambulatoria del Hospital Regional Coyhaique busca visibilizar y sensibilizar a la ciudadan\u00eda sobre la importancia de generar redes comunitarias que apoyen la integraci\u00f3n de las personas con patolog\u00edas de salud mental a la sociedad, en un ambiente de respeto y apoyo mutuo.<\/em><\/p>\n<p style=\"text-align: justify;\">Con el objetivo de promover la importancia del cuidado emocional y derribar estigmas sociales, el Hospital de D\u00eda Keoken, dispositivo de salud mental ambulatoria perteneciente al Hospital Regional Coyhaique, realiz\u00f3 la \u201cI Jornada de Sensibilizaci\u00f3n de Salud Mental\u201d. La actividad tuvo como principal objetivo mostrar y concientizar a la comunidad el trabajo que realiza el equipo de salud mental del establecimiento.<\/p>\n<p style=\"text-align: justify;\">Durante la jornada, abierta a toda la comunidad, se desarrollaron charlas informativas, din\u00e1micas interactivas y actividades educativas, dise\u00f1adas por los funcionarios del Hospital de D\u00eda y sus usuarios, permitiendo as\u00ed un espacio de di\u00e1logo, reflexi\u00f3n y aprendizaje en torno a temas clave como el bienestar psicol\u00f3gico, el acompa\u00f1amiento terap\u00e9utico y la prevenci\u00f3n de trastornos mentales, todas estrategias que son realizadas por este dispositivo de atenci\u00f3n ambulatoria del HRC, cuyo foco es promover la autonom\u00eda de las y los pacientes.<\/p>\n<p style=\"text-align: justify;\">As\u00ed lo explic\u00f3 Carolina Gonz\u00e1lez, trabajadora social y coordinadora del Hospital de D\u00eda Keoken, quien resalt\u00f3 que la importancia de abordar otras dimensiones de la salud, \u201cempezar a sembrar un poquito m\u00e1s a fondo, a hablar de salud mental. Romper los estigmas, romper un poco el paradigma respecto a salud mental\u201d.<\/p>\n<p style=\"text-align: justify;\">La coordinadora del Hospital de D\u00eda Keoken precis\u00f3 que para lograr estos objetivos se debe avanzar en comunidad, que fue el esp\u00edritu de esta jornada. \u201cFue una invitaci\u00f3n muy abierta, invitamos a distintas autoridades de la comuna y de la regi\u00f3n a que participaran. Tambi\u00e9n invitamos a nuestros usuarios y ex usuarios para que comentaran cu\u00e1l es la importancia del trabajo que se ha hecho en el Hospital de D\u00eda durante estos a\u00f1os, entregando su testimonio en relaci\u00f3n al impacto que tuvo para ellos el trabajo terap\u00e9utico realizado durante estos a\u00f1os\u201d.<\/p>\n<p style=\"text-align: justify;\">Por otra parte, la profesional destac\u00f3 una arista especialmente importante con el trabajo que d\u00eda a d\u00eda realizan, y que tambi\u00e9n son objetivos del dispositivo de salud mental ambulatoria \u201cgenerar nuevas alianzas para el Hospital de D\u00eda que nos permitan acercarnos a la comunidad con nuestros usuarios y vice versa, para que podamos generar nuevas estrategias de intervenci\u00f3n, trabajo, y colaboraci\u00f3n con toda la comunidad\u201d.<\/p>\n<p style=\"text-align: justify;\">Uno de los asistentes a esta jornada fue V\u00edctor Soto Guzm\u00e1n, presidente de la Federaci\u00f3n Regional de Uniones Comunales de Personas Mayores, quien se\u00f1al\u00f3 que \u201cdescubr\u00ed con sorpresa qu\u00e9 significa esto del Hospital de D\u00eda Keoken, que quiere decir salir al sol. Hoy d\u00eda la salud mental, sin lugar a dudas es una tem\u00e1tica muy relevante que todos debemos considerar, evaluarnos personalmente y los ambientes\u201d.<\/p>\n<p style=\"text-align: justify;\">El dirigente tambi\u00e9n manifest\u00f3 c\u00f3mo estas instancias potencian el conocimiento con respecto generar una visi\u00f3n integral de la salud mental y c\u00f3mo una serie de factores ambientales influyen en \u00e9sta. \u201cDescubr\u00ed que en la salud mental de una persona no solamente influye su contexto personal y familiar, sino tambi\u00e9n de alguna manera influye, para bien o para mal, en la misma comunidad. Por tanto, esta es una tem\u00e1tica que tenemos no solo que destacar, sino tambi\u00e9n valorar y promover el conocimiento de lo que esto implica\u201d, dijo.<\/p>\n<p style=\"text-align: justify;\"><strong>Usuarios<\/strong><\/p>\n<p style=\"text-align: justify;\">V\u00edctor Valladares, usuario del Hospital de D\u00eda, indic\u00f3 la importancia que ha tenido este dispositivo de salud mental ambulatoria en su vida. \u201cHa sido muy bueno, nos hemos rehabilitado muy bien, con talleres, din\u00e1micas, ejercicios, haciendo todo tipo de talleres para que nos rehabilitemos y nos podamos reintegrar a la sociedad\u201d.<\/p>\n<p style=\"text-align: justify;\">En tanto, Nancy Mar\u00edn, tambi\u00e9n valor\u00f3 el trabajo multidisciplinario, que \u201cha sido bueno porque aqu\u00ed hemos visto diferentes etapas de bienestar, en lo psicol\u00f3gico y emocional. Hemos estado tratando mucho el bienestar social y c\u00f3mo nos ve la gente a nosotros. Tambi\u00e9n hacemos ejercicio y eso igual nos ayuda a mantener nuestra salud mental\u201d, manifest\u00f3.<\/p>\n<p style=\"text-align: justify;\">Otro factor clave en el tratamiento de la salud mental es la contenci\u00f3n familiar, motivo por el cual el a\u00f1o 2024 nace la Agrupaci\u00f3n de Familiares de Usuarios del Hospital de D\u00eda, organizaci\u00f3n que busca visibilizar a las y los pacientes de salud mental, con \u00e9nfasis en los desaf\u00edos y necesidades de \u00e9stos para reintegrarse de manera aut\u00f3noma e integral a la sociedad.<\/p>\n<p style=\"text-align: justify;\">\u00a0\u201cSensibilizar a la comunidad poder dar a conocer y reconocer la labor que hace el Hospital de D\u00eda, la labor que hace el equipo terap\u00e9utico, lleva muchos a\u00f1os trabajando este equipo y a\u00fan hay gente o hay instituciones que no conocen de \u00e9l, hacen una gran labor terap\u00e9utica con los usuarios, con los familiares\u201d, reflexion\u00f3 Lorena Vera, presidenta de la Agrupaci\u00f3n de Familiares de Usuarios del Hospital de D\u00eda.<\/p>\n<p style=\"text-align: justify;\">La presidenta de la agrupaci\u00f3n tambi\u00e9n agradeci\u00f3 a los diversos actores de la comunidad que se hicieron presentes en la jornada en este ambiente de cercan\u00eda y colaboraci\u00f3n, afirmando que los usuarios del Hospital de D\u00eda \u201cson capaces de poder trabajar y ese tambi\u00e9n era un poco el llamado, sensibilizar a las empresas tambi\u00e9n para que den una oportunidad de trabajo a las personas que tienen alguna condici\u00f3n de salud mental, que tienen quiz\u00e1s un poco limitadas sus capacidades, pero pueden realizar, quiz\u00e1s no al mismo ritmo, que las labores de otras personas, pero aun as\u00ed pueden y tienen muchas capacidades. As\u00ed que eso tambi\u00e9n era un poco la invitaci\u00f3n\u201d.<\/p>\n<\/div><\/section><\/div><div  style='height:50px' class='hr hr-invisible   avia-builder-el-6  el_after_av_one_full  el_before_av_social_share '><span class='hr-inner ' ><span class='hr-inner-style'><\/span><\/span><\/div><\/p>\n<div  class='av-social-sharing-box  avia-builder-el-7  el_after_av_hr  el_before_av_hr  '><div class='av-share-box'><h5 class='av-share-link-description av-no-toc '>Compartir esta noticia<\/h5><ul class='av-share-box-list noLightbox'><li class='av-share-link av-social-link-facebook' ><a target=\"_blank\" aria-label=\"Compartir en Facebook\" href='https:\/\/www.facebook.com\/sharer.php?u=https:\/\/radiorevelacionfm.cl\/?p=55155&#038;t=Hospital%20de%20D%C3%ADa%20Keoken%20realiza%20exitosa%20%E2%80%9CI%20Jornada%20de%20Sensibilizaci%C3%B3n%20de%20Salud%20Mental%E2%80%9D' aria-hidden='false' data-av_icon='\ue8f3' data-av_iconfont='entypo-fontello' title='' data-avia-related-tooltip='Compartir en Facebook' rel=\"noopener\"><span class='avia_hidden_link_text'>Compartir en Facebook<\/span><\/a><\/li><li class='av-share-link av-social-link-twitter' ><a target=\"_blank\" aria-label=\"Compartir en Twitter\" href='https:\/\/twitter.com\/share?text=Hospital%20de%20D%C3%ADa%20Keoken%20realiza%20exitosa%20%E2%80%9CI%20Jornada%20de%20Sensibilizaci%C3%B3n%20de%20Salud%20Mental%E2%80%9D&#038;url=https:\/\/radiorevelacionfm.cl\/?p=55155' aria-hidden='false' data-av_icon='\ue8f1' data-av_iconfont='entypo-fontello' title='' data-avia-related-tooltip='Compartir en Twitter' rel=\"noopener\"><span class='avia_hidden_link_text'>Compartir en Twitter<\/span><\/a><\/li><li class='av-share-link av-social-link-whatsapp' ><a target=\"_blank\" aria-label=\"Compartir en Whatsapp\" href='https:\/\/api.whatsapp.com\/send?text=https:\/\/radiorevelacionfm.cl\/?p=55155' aria-hidden='false' data-av_icon='\uf232' data-av_iconfont='entypo-fontello' title='' data-avia-related-tooltip='Compartir en Whatsapp' rel=\"noopener\"><span class='avia_hidden_link_text'>Compartir en Whatsapp<\/span><\/a><\/li><li class='av-share-link av-social-link-linkedin' ><a target=\"_blank\" aria-label=\"Compartir en LinkedIn\" href='https:\/\/linkedin.com\/shareArticle?mini=true&#038;title=Hospital%20de%20D%C3%ADa%20Keoken%20realiza%20exitosa%20%E2%80%9CI%20Jornada%20de%20Sensibilizaci%C3%B3n%20de%20Salud%20Mental%E2%80%9D&#038;url=https:\/\/radiorevelacionfm.cl\/?p=55155' aria-hidden='false' data-av_icon='\ue8fc' data-av_iconfont='entypo-fontello' title='' data-avia-related-tooltip='Compartir en LinkedIn' rel=\"noopener\"><span class='avia_hidden_link_text'>Compartir en LinkedIn<\/span><\/a><\/li><li class='av-share-link av-social-link-mail' ><a  aria-label=\"Compartir por correo\" href='mailto:?subject=Hospital%20de%20D%C3%ADa%20Keoken%20realiza%20exitosa%20%E2%80%9CI%20Jornada%20de%20Sensibilizaci%C3%B3n%20de%20Salud%20Mental%E2%80%9D&#038;body=https:\/\/radiorevelacionfm.cl\/?p=55155' aria-hidden='false' data-av_icon='\ue805' data-av_iconfont='entypo-fontello' title='' data-avia-related-tooltip='Compartir por correo'><span class='avia_hidden_link_text'>Compartir por correo<\/span><\/a><\/li><\/ul><\/div><\/div>\n<div  style='height:50px' class='hr hr-invisible   avia-builder-el-8  el_after_av_social_share  el_before_av_comments_list '><span class='hr-inner ' ><span class='hr-inner-style'><\/span><\/span><\/div>\n<div  class='av-buildercomment  av-blog-meta-html-info-disabled av-blog-meta-tag-disabled  '><\/div>\n","protected":false},"excerpt":{"rendered":"","protected":false},"author":1,"featured_media":55156,"comment_status":"closed","ping_status":"closed","sticky":false,"template":"","format":"standard","meta":{"footnotes":""},"categories":[46],"tags":[],"class_list":["post-55155","post","type-post","status-publish","format-standard","has-post-thumbnail","hentry","category-salud"],"jetpack_featured_media_url":"https:\/\/radiorevelacionfm.cl\/wp-content\/uploads\/2025\/06\/001-6-1-1.jpeg","_links":{"self":[{"href":"https:\/\/radiorevelacionfm.cl\/index.php?rest_route=\/wp\/v2\/posts\/55155","targetHints":{"allow":["GET"]}}],"collection":[{"href":"https:\/\/radiorevelacionfm.cl\/index.php?rest_route=\/wp\/v2\/posts"}],"about":[{"href":"https:\/\/radiorevelacionfm.cl\/index.php?rest_route=\/wp\/v2\/types\/post"}],"author":[{"embeddable":true,"href":"https:\/\/radiorevelacionfm.cl\/index.php?rest_route=\/wp\/v2\/users\/1"}],"replies":[{"embeddable":true,"href":"https:\/\/radiorevelacionfm.cl\/index.php?rest_route=%2Fwp%2Fv2%2Fcomments&post=55155"}],"version-history":[{"count":2,"href":"https:\/\/radiorevelacionfm.cl\/index.php?rest_route=\/wp\/v2\/posts\/55155\/revisions"}],"predecessor-version":[{"id":55171,"href":"https:\/\/radiorevelacionfm.cl\/index.php?rest_route=\/wp\/v2\/posts\/55155\/revisions\/55171"}],"wp:featuredmedia":[{"embeddable":true,"href":"https:\/\/radiorevelacionfm.cl\/index.php?rest_route=\/wp\/v2\/media\/55156"}],"wp:attachment":[{"href":"https:\/\/radiorevelacionfm.cl\/index.php?rest_route=%2Fwp%2Fv2%2Fmedia&parent=55155"}],"wp:term":[{"taxonomy":"category","embeddable":true,"href":"https:\/\/radiorevelacionfm.cl\/index.php?rest_route=%2Fwp%2Fv2%2Fcategories&post=55155"},{"taxonomy":"post_tag","embeddable":true,"href":"https:\/\/radiorevelacionfm.cl\/index.php?rest_route=%2Fwp%2Fv2%2Ftags&post=55155"}],"curies":[{"name":"wp","href":"https:\/\/api.w.org\/{rel}","templated":true}]}}