{"id":55138,"date":"2025-06-11T20:27:37","date_gmt":"2025-06-11T23:27:37","guid":{"rendered":"https:\/\/radiorevelacionfm.cl\/?p=55138"},"modified":"2025-06-11T20:27:37","modified_gmt":"2025-06-11T23:27:37","slug":"injuv-abre-convocatoria-al-programa-de-capacitacion-en-competencias-digitales-2025","status":"publish","type":"post","link":"https:\/\/radiorevelacionfm.cl\/?p=55138","title":{"rendered":"INJUV abre convocatoria al Programa de Capacitaci\u00f3n en Competencias Digitales 2025"},"content":{"rendered":"<div class=\"flex_column av_one_full  flex_column_div av-zero-column-padding first  avia-builder-el-0  el_before_av_one_full  avia-builder-el-first  \" style='border-radius:0px; '><div  class='avia-image-container  av-styling-    avia-builder-el-1  avia-builder-el-no-sibling  avia-align-center '  itemprop=\"image\" itemscope=\"itemscope\" itemtype=\"https:\/\/schema.org\/ImageObject\"  ><div class='avia-image-container-inner'><div class='avia-image-overlay-wrap'><img decoding=\"async\" class='wp-image-55139 avia-img-lazy-loading-not-55139 avia_image' src=\"https:\/\/radiorevelacionfm.cl\/wp-content\/uploads\/2025\/06\/injuv-1.jpg\" alt='' title='injuv (1)' height=\"600\" width=\"1617\"  itemprop=\"thumbnailUrl\" srcset=\"https:\/\/radiorevelacionfm.cl\/wp-content\/uploads\/2025\/06\/injuv-1.jpg 1617w, https:\/\/radiorevelacionfm.cl\/wp-content\/uploads\/2025\/06\/injuv-1-300x111.jpg 300w, https:\/\/radiorevelacionfm.cl\/wp-content\/uploads\/2025\/06\/injuv-1-1030x382.jpg 1030w, https:\/\/radiorevelacionfm.cl\/wp-content\/uploads\/2025\/06\/injuv-1-768x285.jpg 768w, https:\/\/radiorevelacionfm.cl\/wp-content\/uploads\/2025\/06\/injuv-1-1536x570.jpg 1536w, https:\/\/radiorevelacionfm.cl\/wp-content\/uploads\/2025\/06\/injuv-1-1500x557.jpg 1500w, https:\/\/radiorevelacionfm.cl\/wp-content\/uploads\/2025\/06\/injuv-1-705x262.jpg 705w, https:\/\/radiorevelacionfm.cl\/wp-content\/uploads\/2025\/06\/injuv-1-450x167.jpg 450w, https:\/\/radiorevelacionfm.cl\/wp-content\/uploads\/2025\/06\/injuv-1-600x223.jpg 600w\" sizes=\"(max-width: 1617px) 100vw, 1617px\" \/><\/div><\/div><\/div><\/div><div class=\"flex_column av_one_full  flex_column_div av-zero-column-padding first  avia-builder-el-2  el_after_av_one_full  el_before_av_one_full  column-top-margin\" style='border-radius:0px; '><section class=\"av_textblock_section \"  itemscope=\"itemscope\" itemtype=\"https:\/\/schema.org\/BlogPosting\" itemprop=\"blogPost\" ><div class='avia_textblock  '   itemprop=\"text\" ><p style=\"text-align: center;\"><span style=\"font-size: 18pt;\"><strong>INJUV abre convocatoria al Programa de Capacitaci\u00f3n en Competencias Digitales 2025<\/strong><\/span><\/p>\n<div id=\"gtx-trans\" style=\"position: absolute; left: -50px; top: 4.31534px;\">\n<div class=\"gtx-trans-icon\"><\/div>\n<\/div>\n<\/div><\/section><\/div><div class=\"flex_column av_one_full  flex_column_div av-zero-column-padding first  avia-builder-el-4  el_after_av_one_full  el_before_av_hr  column-top-margin\" style='border-radius:0px; '><section class=\"av_textblock_section \"  itemscope=\"itemscope\" itemtype=\"https:\/\/schema.org\/BlogPosting\" itemprop=\"blogPost\" ><div class='avia_textblock  '   itemprop=\"text\" ><p style=\"text-align: justify;\">El Instituto Nacional de la Juventud (INJUV) anuncia la apertura de la convocatoria nacional para el Programa de Capacitaci\u00f3n en Competencias Digitales 2025, una iniciativa que busca mejorar la empleabilidad de personas j\u00f3venes, fomentar el uso de nuevas tecnolog\u00edas y fortalecer sus habilidades digitales.<\/p>\n<p style=\"text-align: justify;\">El programa, desarrollado por la Secretar\u00eda General Iberoamericana (SEGIB), el Organismo Internacional de Juventud para Iberoam\u00e9rica (OIJ), y con el apoyo de la Agencia Espa\u00f1ola de Cooperaci\u00f3n Internacional para el Desarrollo (AECID), tiene como finalidad formar a 6.000 personas entre 16 y 35 a\u00f1os.<\/p>\n<p style=\"text-align: justify;\">La capacitaci\u00f3n, 100% online y gratuita, permitir\u00e1 fortalecer las competencias digitales de las juventudes, mejorar su empleabilidad y adquirir herramientas para aptarse a los desaf\u00edos del mundo actual. El curso ser\u00e1 impartido en 22 pa\u00edses, tendr\u00e1 una duraci\u00f3n aproximada de 300 horas y se realizar\u00e1 en espa\u00f1ol y portugu\u00e9s.<\/p>\n<p style=\"text-align: justify;\">El plan de estudios del programa estar\u00e1 compuesto por tres bloques tem\u00e1ticos, que se dividir\u00e1n en: competencias digitales (b\u00e1sicas y avanzadas), fundamentos de tecnolog\u00edas y metodolog\u00edas, y gesti\u00f3n de personal y grupos.<\/p>\n<p style=\"text-align: justify;\">Cabe destacar que estos contenidos se han desarrollado teniendo en cuenta par\u00e1metros internacionales, entre ellos: Digicomp\/ Esco, OCDE, ONU y BCorp.<\/p>\n<p style=\"text-align: justify;\">El primer bloque incluir\u00e1 asignaturas como programaci\u00f3n en Python, dise\u00f1o y gesti\u00f3n de bases de datos, fundamentos de ciberseguridad y desarrollo web. En el segundo bloque se abordar\u00e1 una introducci\u00f3n al uso de aplicaciones de inteligencia artificial, big data y tecnolog\u00edas frontend. Finalmente, el tercer bloque estar\u00e1 centrado en el desarrollo de habilidades blandas y en la implementaci\u00f3n de estrategias orientadas a mejorar la empleabilidad.<\/p>\n<p style=\"text-align: justify;\">\u201cEs fundamental que las juventudes puedan postular a formarse en competencias digitales e incorporar nuevas habilidades para fortalecer su empleabilidad, su desarrollo personal y profesional en la sociedad actual, en donde estas tem\u00e1ticas ya son premisas de desarrollo. As\u00ed que les invito a que puedan postular y ser parte de este proceso transformador en articulaci\u00f3n con los otros pa\u00edses de Iberoam\u00e9rica\u201d, destac\u00f3 el director regional INJUV Ays\u00e9n, Camilo Trivi\u00f1o Urtubia.<\/p>\n<p style=\"text-align: justify;\">Para Chile, se asignaron 300 vacantes y 200 cupos suplentes, asegurando criterios de paridad de g\u00e9nero y priorizaci\u00f3n socioecon\u00f3mica.<\/p>\n<p style=\"text-align: justify;\">Quienes deseen postular deben:<\/p>\n<ul style=\"text-align: justify;\">\n<li>Tener RUT chileno y residir en el pa\u00eds.<\/li>\n<li>Contar con conexi\u00f3n a internet de banda ancha.<\/li>\n<li>Disponer del tiempo necesario para realizar y finalizar el curso en los plazos establecidos.<\/li>\n<\/ul>\n<p style=\"text-align: justify;\">La postulaci\u00f3n estar\u00e1 abierta hasta el 18 de junio de 2025 y puedes postular aqu\u00ed <a href=\"https:\/\/www.injuv.gob.cl\/personas\/noticias\/injuv-abre-convocatoria-al-programa-de-capacitacion-en-competencias-digitales-2025\">https:\/\/www.injuv.gob.cl\/personas\/noticias\/injuv-abre-convocatoria-al-programa-de-capacitacion-en-competencias-digitales-2025<\/a>, en caso de dudas o consultas, las y los interesados pueden escribir al correo <a href=\"mailto:voluntariado@injuv.gob.cl\">voluntariado@injuv.gob.cl.<\/a><\/p>\n<\/div><\/section><\/div><div  style='height:50px' class='hr hr-invisible   avia-builder-el-6  el_after_av_one_full  el_before_av_social_share '><span class='hr-inner ' ><span class='hr-inner-style'><\/span><\/span><\/div><\/p>\n<div  class='av-social-sharing-box  avia-builder-el-7  el_after_av_hr  el_before_av_hr  '><div class='av-share-box'><h5 class='av-share-link-description av-no-toc '>Compartir esta noticia<\/h5><ul class='av-share-box-list noLightbox'><li class='av-share-link av-social-link-facebook' ><a target=\"_blank\" aria-label=\"Compartir en Facebook\" href='https:\/\/www.facebook.com\/sharer.php?u=https:\/\/radiorevelacionfm.cl\/?p=55138&#038;t=INJUV%20abre%20convocatoria%20al%20Programa%20de%20Capacitaci%C3%B3n%20en%20Competencias%20Digitales%202025' aria-hidden='false' data-av_icon='\ue8f3' data-av_iconfont='entypo-fontello' title='' data-avia-related-tooltip='Compartir en Facebook' rel=\"noopener\"><span class='avia_hidden_link_text'>Compartir en Facebook<\/span><\/a><\/li><li class='av-share-link av-social-link-twitter' ><a target=\"_blank\" aria-label=\"Compartir en Twitter\" href='https:\/\/twitter.com\/share?text=INJUV%20abre%20convocatoria%20al%20Programa%20de%20Capacitaci%C3%B3n%20en%20Competencias%20Digitales%202025&#038;url=https:\/\/radiorevelacionfm.cl\/?p=55138' aria-hidden='false' data-av_icon='\ue8f1' data-av_iconfont='entypo-fontello' title='' data-avia-related-tooltip='Compartir en Twitter' rel=\"noopener\"><span class='avia_hidden_link_text'>Compartir en Twitter<\/span><\/a><\/li><li class='av-share-link av-social-link-whatsapp' ><a target=\"_blank\" aria-label=\"Compartir en Whatsapp\" href='https:\/\/api.whatsapp.com\/send?text=https:\/\/radiorevelacionfm.cl\/?p=55138' aria-hidden='false' data-av_icon='\uf232' data-av_iconfont='entypo-fontello' title='' data-avia-related-tooltip='Compartir en Whatsapp' rel=\"noopener\"><span class='avia_hidden_link_text'>Compartir en Whatsapp<\/span><\/a><\/li><li class='av-share-link av-social-link-linkedin' ><a target=\"_blank\" aria-label=\"Compartir en LinkedIn\" href='https:\/\/linkedin.com\/shareArticle?mini=true&#038;title=INJUV%20abre%20convocatoria%20al%20Programa%20de%20Capacitaci%C3%B3n%20en%20Competencias%20Digitales%202025&#038;url=https:\/\/radiorevelacionfm.cl\/?p=55138' aria-hidden='false' data-av_icon='\ue8fc' data-av_iconfont='entypo-fontello' title='' data-avia-related-tooltip='Compartir en LinkedIn' rel=\"noopener\"><span class='avia_hidden_link_text'>Compartir en LinkedIn<\/span><\/a><\/li><li class='av-share-link av-social-link-mail' ><a  aria-label=\"Compartir por correo\" href='mailto:?subject=INJUV%20abre%20convocatoria%20al%20Programa%20de%20Capacitaci%C3%B3n%20en%20Competencias%20Digitales%202025&#038;body=https:\/\/radiorevelacionfm.cl\/?p=55138' aria-hidden='false' data-av_icon='\ue805' data-av_iconfont='entypo-fontello' title='' data-avia-related-tooltip='Compartir por correo'><span class='avia_hidden_link_text'>Compartir por correo<\/span><\/a><\/li><\/ul><\/div><\/div>\n<div  style='height:50px' class='hr hr-invisible   avia-builder-el-8  el_after_av_social_share  el_before_av_comments_list '><span class='hr-inner ' ><span class='hr-inner-style'><\/span><\/span><\/div>\n<div  class='av-buildercomment  av-blog-meta-html-info-disabled av-blog-meta-tag-disabled  '><\/div>\n","protected":false},"excerpt":{"rendered":"","protected":false},"author":1,"featured_media":55139,"comment_status":"closed","ping_status":"closed","sticky":false,"template":"","format":"standard","meta":{"footnotes":""},"categories":[38],"tags":[],"class_list":["post-55138","post","type-post","status-publish","format-standard","has-post-thumbnail","hentry","category-regional"],"jetpack_featured_media_url":"https:\/\/radiorevelacionfm.cl\/wp-content\/uploads\/2025\/06\/injuv-1.jpg","_links":{"self":[{"href":"https:\/\/radiorevelacionfm.cl\/index.php?rest_route=\/wp\/v2\/posts\/55138","targetHints":{"allow":["GET"]}}],"collection":[{"href":"https:\/\/radiorevelacionfm.cl\/index.php?rest_route=\/wp\/v2\/posts"}],"about":[{"href":"https:\/\/radiorevelacionfm.cl\/index.php?rest_route=\/wp\/v2\/types\/post"}],"author":[{"embeddable":true,"href":"https:\/\/radiorevelacionfm.cl\/index.php?rest_route=\/wp\/v2\/users\/1"}],"replies":[{"embeddable":true,"href":"https:\/\/radiorevelacionfm.cl\/index.php?rest_route=%2Fwp%2Fv2%2Fcomments&post=55138"}],"version-history":[{"count":2,"href":"https:\/\/radiorevelacionfm.cl\/index.php?rest_route=\/wp\/v2\/posts\/55138\/revisions"}],"predecessor-version":[{"id":55145,"href":"https:\/\/radiorevelacionfm.cl\/index.php?rest_route=\/wp\/v2\/posts\/55138\/revisions\/55145"}],"wp:featuredmedia":[{"embeddable":true,"href":"https:\/\/radiorevelacionfm.cl\/index.php?rest_route=\/wp\/v2\/media\/55139"}],"wp:attachment":[{"href":"https:\/\/radiorevelacionfm.cl\/index.php?rest_route=%2Fwp%2Fv2%2Fmedia&parent=55138"}],"wp:term":[{"taxonomy":"category","embeddable":true,"href":"https:\/\/radiorevelacionfm.cl\/index.php?rest_route=%2Fwp%2Fv2%2Fcategories&post=55138"},{"taxonomy":"post_tag","embeddable":true,"href":"https:\/\/radiorevelacionfm.cl\/index.php?rest_route=%2Fwp%2Fv2%2Ftags&post=55138"}],"curies":[{"name":"wp","href":"https:\/\/api.w.org\/{rel}","templated":true}]}}