{"id":55131,"date":"2025-06-12T13:22:54","date_gmt":"2025-06-12T16:22:54","guid":{"rendered":"https:\/\/radiorevelacionfm.cl\/?p=55131"},"modified":"2025-06-12T13:22:54","modified_gmt":"2025-06-12T16:22:54","slug":"sernapesca-refuerza-fiscalizaciones-del-erizo-en-aysen-y-los-lagos-con-mas-de-500-controles","status":"publish","type":"post","link":"https:\/\/radiorevelacionfm.cl\/?p=55131","title":{"rendered":"Sernapesca refuerza fiscalizaciones del erizo en Ays\u00e9n y Los Lagos con m\u00e1s de 500 controles"},"content":{"rendered":"<div class=\"flex_column av_one_full  flex_column_div av-zero-column-padding first  avia-builder-el-0  el_before_av_one_full  avia-builder-el-first  \" style='border-radius:0px; '><div  class='avia-image-container  av-styling-    avia-builder-el-1  avia-builder-el-no-sibling  avia-align-center '  itemprop=\"image\" itemscope=\"itemscope\" itemtype=\"https:\/\/schema.org\/ImageObject\"  ><div class='avia-image-container-inner'><div class='avia-image-overlay-wrap'><img decoding=\"async\" class='wp-image-55132 avia-img-lazy-loading-not-55132 avia_image' src=\"https:\/\/radiorevelacionfm.cl\/wp-content\/uploads\/2025\/06\/diseno-sin-titulo-2025-06-11t163604_optimized.992-1.jpg\" alt='' title='dise\u00f1o-sin-t\u00edtulo---2025-06-11t163604_optimized.992-(1)' height=\"600\" width=\"800\"  itemprop=\"thumbnailUrl\" srcset=\"https:\/\/radiorevelacionfm.cl\/wp-content\/uploads\/2025\/06\/diseno-sin-titulo-2025-06-11t163604_optimized.992-1.jpg 800w, https:\/\/radiorevelacionfm.cl\/wp-content\/uploads\/2025\/06\/diseno-sin-titulo-2025-06-11t163604_optimized.992-1-300x225.jpg 300w, https:\/\/radiorevelacionfm.cl\/wp-content\/uploads\/2025\/06\/diseno-sin-titulo-2025-06-11t163604_optimized.992-1-768x576.jpg 768w, https:\/\/radiorevelacionfm.cl\/wp-content\/uploads\/2025\/06\/diseno-sin-titulo-2025-06-11t163604_optimized.992-1-705x529.jpg 705w, https:\/\/radiorevelacionfm.cl\/wp-content\/uploads\/2025\/06\/diseno-sin-titulo-2025-06-11t163604_optimized.992-1-450x338.jpg 450w, https:\/\/radiorevelacionfm.cl\/wp-content\/uploads\/2025\/06\/diseno-sin-titulo-2025-06-11t163604_optimized.992-1-600x450.jpg 600w\" sizes=\"(max-width: 800px) 100vw, 800px\" \/><\/div><\/div><\/div><\/div><div class=\"flex_column av_one_full  flex_column_div av-zero-column-padding first  avia-builder-el-2  el_after_av_one_full  el_before_av_one_full  column-top-margin\" style='border-radius:0px; '><section class=\"av_textblock_section \"  itemscope=\"itemscope\" itemtype=\"https:\/\/schema.org\/BlogPosting\" itemprop=\"blogPost\" ><div class='avia_textblock  '   itemprop=\"text\" ><p style=\"text-align: center;\"><span style=\"font-size: 18pt;\"><b>Sernapesca refuerza fiscalizaciones del erizo en Ays\u00e9n y Los Lagos con m\u00e1s de 500 controles<\/b><\/span><\/p>\n<div id=\"gtx-trans\" style=\"position: absolute; left: -50px; top: 4.31534px;\">\n<div class=\"gtx-trans-icon\"><\/div>\n<\/div>\n<\/div><\/section><\/div><div class=\"flex_column av_one_full  flex_column_div av-zero-column-padding first  avia-builder-el-4  el_after_av_one_full  el_before_av_hr  column-top-margin\" style='border-radius:0px; '><section class=\"av_textblock_section \"  itemscope=\"itemscope\" itemtype=\"https:\/\/schema.org\/BlogPosting\" itemprop=\"blogPost\" ><div class='avia_textblock  '   itemprop=\"text\" ><p class=\"v1MsoNormal\" style=\"text-align: justify;\">Un total de 530 acciones de fiscalizaci\u00f3n ha llevado a cabo el Servicio Nacional de Pesca y Acuicultura (Sernapesca), entre las regiones de Ays\u00e9n y Los Lagos, en lo que van del a\u00f1o en curso sobre el recurso erizo, con una especial concentraci\u00f3n del esfuerzo de fiscalizaci\u00f3n en el archipi\u00e9lago de Chilo\u00e9.<\/p>\n<p class=\"v1MsoNormal\" style=\"text-align: justify;\">Estas fiscalizaciones responden al compromiso de Sernapesca, para asegurar el cumplimiento de las diferentes medidas de administraci\u00f3n y el manejo sustentable de este recurso, el cual no solo tiene gran importancia para la pesca artesanal, sino que adem\u00e1s un alto valor nutricional.<\/p>\n<p class=\"v1MsoNormal\" style=\"text-align: justify;\">Actualmente, la temporada de extracci\u00f3n del erizo se encuentra abierta. En las regiones de Ays\u00e9n y Los Lagos, se extiende desde el 2 de marzo hasta el 14 de octubre, con una talla m\u00ednima de extracci\u00f3n temporal de 6,5 cms.\u00a0En tanto, desde Arica hasta la regi\u00f3n de Los R\u00edos, la temporada va desde el 16 de enero al 14 de octubre, y en Magallanes, del 16 de marzo al 31 de octubre.<\/p>\n<p class=\"v1MsoNormal\" style=\"text-align: justify;\">Daniela Leiva, directora regional de Sernapesca en Ays\u00e9n destac\u00f3 el trabajo conjunto con los usuarios para la gesti\u00f3n de su cumplimiento: \u00abQueremos destacar el trabajo que hemos realizado con quienes extraen este importante recurso. Hemos atendido sus tr\u00e1mites y consultas de forma anticipada, con el fin de apoyarles en el cumplimiento normativo. Esto refleja el compromiso de los agentes extractores con la sustentabilidad de la pesquer\u00eda del erizo. Hasta la fecha, en esta temporada solo hemos cursado 8 citaciones entre ambas regiones, lo que en general da cuenta de un buen comportamiento. Como Servicio tenemos el compromiso de continuar fiscalizando en toda la zona de extracci\u00f3n y desembarque de esta importante pesquer\u00eda bent\u00f3nica\u00bb.<\/p>\n<\/div><\/section><\/div><div  style='height:50px' class='hr hr-invisible   avia-builder-el-6  el_after_av_one_full  el_before_av_social_share '><span class='hr-inner ' ><span class='hr-inner-style'><\/span><\/span><\/div><\/p>\n<div  class='av-social-sharing-box  avia-builder-el-7  el_after_av_hr  el_before_av_hr  '><div class='av-share-box'><h5 class='av-share-link-description av-no-toc '>Compartir esta noticia<\/h5><ul class='av-share-box-list noLightbox'><li class='av-share-link av-social-link-facebook' ><a target=\"_blank\" aria-label=\"Compartir en Facebook\" href='https:\/\/www.facebook.com\/sharer.php?u=https:\/\/radiorevelacionfm.cl\/?p=55131&#038;t=Sernapesca%20refuerza%20fiscalizaciones%20del%20erizo%20en%20Ays%C3%A9n%20y%20Los%20Lagos%20con%20m%C3%A1s%20de%20500%20controles' aria-hidden='false' data-av_icon='\ue8f3' data-av_iconfont='entypo-fontello' title='' data-avia-related-tooltip='Compartir en Facebook' rel=\"noopener\"><span class='avia_hidden_link_text'>Compartir en Facebook<\/span><\/a><\/li><li class='av-share-link av-social-link-twitter' ><a target=\"_blank\" aria-label=\"Compartir en Twitter\" href='https:\/\/twitter.com\/share?text=Sernapesca%20refuerza%20fiscalizaciones%20del%20erizo%20en%20Ays%C3%A9n%20y%20Los%20Lagos%20con%20m%C3%A1s%20de%20500%20controles&#038;url=https:\/\/radiorevelacionfm.cl\/?p=55131' aria-hidden='false' data-av_icon='\ue8f1' data-av_iconfont='entypo-fontello' title='' data-avia-related-tooltip='Compartir en Twitter' rel=\"noopener\"><span class='avia_hidden_link_text'>Compartir en Twitter<\/span><\/a><\/li><li class='av-share-link av-social-link-whatsapp' ><a target=\"_blank\" aria-label=\"Compartir en Whatsapp\" href='https:\/\/api.whatsapp.com\/send?text=https:\/\/radiorevelacionfm.cl\/?p=55131' aria-hidden='false' data-av_icon='\uf232' data-av_iconfont='entypo-fontello' title='' data-avia-related-tooltip='Compartir en Whatsapp' rel=\"noopener\"><span class='avia_hidden_link_text'>Compartir en Whatsapp<\/span><\/a><\/li><li class='av-share-link av-social-link-linkedin' ><a target=\"_blank\" aria-label=\"Compartir en LinkedIn\" href='https:\/\/linkedin.com\/shareArticle?mini=true&#038;title=Sernapesca%20refuerza%20fiscalizaciones%20del%20erizo%20en%20Ays%C3%A9n%20y%20Los%20Lagos%20con%20m%C3%A1s%20de%20500%20controles&#038;url=https:\/\/radiorevelacionfm.cl\/?p=55131' aria-hidden='false' data-av_icon='\ue8fc' data-av_iconfont='entypo-fontello' title='' data-avia-related-tooltip='Compartir en LinkedIn' rel=\"noopener\"><span class='avia_hidden_link_text'>Compartir en LinkedIn<\/span><\/a><\/li><li class='av-share-link av-social-link-mail' ><a  aria-label=\"Compartir por correo\" href='mailto:?subject=Sernapesca%20refuerza%20fiscalizaciones%20del%20erizo%20en%20Ays%C3%A9n%20y%20Los%20Lagos%20con%20m%C3%A1s%20de%20500%20controles&#038;body=https:\/\/radiorevelacionfm.cl\/?p=55131' aria-hidden='false' data-av_icon='\ue805' data-av_iconfont='entypo-fontello' title='' data-avia-related-tooltip='Compartir por correo'><span class='avia_hidden_link_text'>Compartir por correo<\/span><\/a><\/li><\/ul><\/div><\/div>\n<div  style='height:50px' class='hr hr-invisible   avia-builder-el-8  el_after_av_social_share  el_before_av_comments_list '><span class='hr-inner ' ><span class='hr-inner-style'><\/span><\/span><\/div>\n<div  class='av-buildercomment  av-blog-meta-html-info-disabled av-blog-meta-tag-disabled  '><\/div>\n","protected":false},"excerpt":{"rendered":"","protected":false},"author":1,"featured_media":55132,"comment_status":"closed","ping_status":"closed","sticky":false,"template":"","format":"standard","meta":{"footnotes":""},"categories":[60],"tags":[],"class_list":["post-55131","post","type-post","status-publish","format-standard","has-post-thumbnail","hentry","category-pesca"],"jetpack_featured_media_url":"https:\/\/radiorevelacionfm.cl\/wp-content\/uploads\/2025\/06\/diseno-sin-titulo-2025-06-11t163604_optimized.992-1.jpg","_links":{"self":[{"href":"https:\/\/radiorevelacionfm.cl\/index.php?rest_route=\/wp\/v2\/posts\/55131","targetHints":{"allow":["GET"]}}],"collection":[{"href":"https:\/\/radiorevelacionfm.cl\/index.php?rest_route=\/wp\/v2\/posts"}],"about":[{"href":"https:\/\/radiorevelacionfm.cl\/index.php?rest_route=\/wp\/v2\/types\/post"}],"author":[{"embeddable":true,"href":"https:\/\/radiorevelacionfm.cl\/index.php?rest_route=\/wp\/v2\/users\/1"}],"replies":[{"embeddable":true,"href":"https:\/\/radiorevelacionfm.cl\/index.php?rest_route=%2Fwp%2Fv2%2Fcomments&post=55131"}],"version-history":[{"count":2,"href":"https:\/\/radiorevelacionfm.cl\/index.php?rest_route=\/wp\/v2\/posts\/55131\/revisions"}],"predecessor-version":[{"id":55154,"href":"https:\/\/radiorevelacionfm.cl\/index.php?rest_route=\/wp\/v2\/posts\/55131\/revisions\/55154"}],"wp:featuredmedia":[{"embeddable":true,"href":"https:\/\/radiorevelacionfm.cl\/index.php?rest_route=\/wp\/v2\/media\/55132"}],"wp:attachment":[{"href":"https:\/\/radiorevelacionfm.cl\/index.php?rest_route=%2Fwp%2Fv2%2Fmedia&parent=55131"}],"wp:term":[{"taxonomy":"category","embeddable":true,"href":"https:\/\/radiorevelacionfm.cl\/index.php?rest_route=%2Fwp%2Fv2%2Fcategories&post=55131"},{"taxonomy":"post_tag","embeddable":true,"href":"https:\/\/radiorevelacionfm.cl\/index.php?rest_route=%2Fwp%2Fv2%2Ftags&post=55131"}],"curies":[{"name":"wp","href":"https:\/\/api.w.org\/{rel}","templated":true}]}}