{"id":55128,"date":"2025-06-12T11:55:34","date_gmt":"2025-06-12T14:55:34","guid":{"rendered":"https:\/\/radiorevelacionfm.cl\/?p=55128"},"modified":"2025-06-12T11:55:34","modified_gmt":"2025-06-12T14:55:34","slug":"estudiantes-de-manihuales-vibran-con-musica-regional-en-el-aula","status":"publish","type":"post","link":"https:\/\/radiorevelacionfm.cl\/?p=55128","title":{"rendered":"Estudiantes de Ma\u00f1ihuales vibran con m\u00fasica regional en el aula"},"content":{"rendered":"<div class=\"flex_column av_one_full  flex_column_div av-zero-column-padding first  avia-builder-el-0  el_before_av_one_full  avia-builder-el-first  \" style='border-radius:0px; '><div  class='avia-image-container  av-styling-    avia-builder-el-1  avia-builder-el-no-sibling  avia-align-center '  itemprop=\"image\" itemscope=\"itemscope\" itemtype=\"https:\/\/schema.org\/ImageObject\"  ><div class='avia-image-container-inner'><div class='avia-image-overlay-wrap'><img decoding=\"async\" class='wp-image-55129 avia-img-lazy-loading-not-55129 avia_image' src=\"https:\/\/radiorevelacionfm.cl\/wp-content\/uploads\/2025\/06\/pamn3-1_optimized.jpg\" alt='' title='pamn3-(1)_optimized' height=\"600\" width=\"900\"  itemprop=\"thumbnailUrl\" srcset=\"https:\/\/radiorevelacionfm.cl\/wp-content\/uploads\/2025\/06\/pamn3-1_optimized.jpg 900w, https:\/\/radiorevelacionfm.cl\/wp-content\/uploads\/2025\/06\/pamn3-1_optimized-300x200.jpg 300w, https:\/\/radiorevelacionfm.cl\/wp-content\/uploads\/2025\/06\/pamn3-1_optimized-768x512.jpg 768w, https:\/\/radiorevelacionfm.cl\/wp-content\/uploads\/2025\/06\/pamn3-1_optimized-705x470.jpg 705w, https:\/\/radiorevelacionfm.cl\/wp-content\/uploads\/2025\/06\/pamn3-1_optimized-450x300.jpg 450w, https:\/\/radiorevelacionfm.cl\/wp-content\/uploads\/2025\/06\/pamn3-1_optimized-600x400.jpg 600w\" sizes=\"(max-width: 900px) 100vw, 900px\" \/><\/div><\/div><\/div><\/div><div class=\"flex_column av_one_full  flex_column_div av-zero-column-padding first  avia-builder-el-2  el_after_av_one_full  el_before_av_one_full  column-top-margin\" style='border-radius:0px; '><section class=\"av_textblock_section \"  itemscope=\"itemscope\" itemtype=\"https:\/\/schema.org\/BlogPosting\" itemprop=\"blogPost\" ><div class='avia_textblock  '   itemprop=\"text\" ><p style=\"text-align: center;\"><span style=\"font-size: 18pt;\"><b>Estudiantes de Ma\u00f1ihuales vibran con m\u00fasica regional en el aula<\/b><\/span><\/p>\n<div id=\"gtx-trans\" style=\"position: absolute; left: -50px; top: 4.31534px;\">\n<div class=\"gtx-trans-icon\"><\/div>\n<\/div>\n<\/div><\/section><\/div><div class=\"flex_column av_one_full  flex_column_div av-zero-column-padding first  avia-builder-el-4  el_after_av_one_full  el_before_av_hr  column-top-margin\" style='border-radius:0px; '><section class=\"av_textblock_section \"  itemscope=\"itemscope\" itemtype=\"https:\/\/schema.org\/BlogPosting\" itemprop=\"blogPost\" ><div class='avia_textblock  '   itemprop=\"text\" ><div style=\"text-align: justify;\">El Plan de Apreciaci\u00f3n de la M\u00fasica Nacional del Ministerio de las Culturas ha comenzado su recorrido por distintos establecimientos educacionales, bajo la producci\u00f3n de Tel\u00farica y con la participaci\u00f3n de distintos m\u00fasicos y m\u00fasicos regionales, con sus respectivos mediadores.<\/div>\n<div><\/div>\n<div style=\"text-align: justify;\">Este mi\u00e9rcoles fue el turno del artista cochranino, oriundo del R\u00edo Baker, Nicasio Luna, quien lleg\u00f3 con su guitarra hasta el Liceo Ma\u00f1ihuales para presentar sus canciones y responder las preguntas de m\u00e1s de 100 ni\u00f1os y ni\u00f1as que escucharon atentos la vida y obra del folclorista.<\/div>\n<div><\/div>\n<div style=\"text-align: justify;\">Para Nicasio, se trata de \u00abuna oportunidad que me hizo sentir muy bien porque los ni\u00f1os estaban supe informados e hicieron buenas preguntas. Me parece importante que se sigan haciendo estas apreciaciones musicales, no solo de los m\u00fasicos de campo, sino de los m\u00fasicos en general, y llegar, ojal\u00e1, a pueblitos m\u00e1s chicos y m\u00e1s alejados. Estoy muy agradecido\u00bb.<\/div>\n<div style=\"text-align: justify;\"><\/div>\n<div style=\"text-align: justify;\">El repertorio incluy\u00f3 creaciones propias, inspiradas en la Patagonia y sus personajes, y estuvo matizado por una amena conversaci\u00f3n que permiti\u00f3 indagar en los principales t\u00f3picos creativos de Nicasio Luna y episodios de su vida personal.<\/div>\n<div style=\"text-align: justify;\"><\/div>\n<div style=\"text-align: justify;\">El seremi de Culturas Ays\u00e9n, Felipe Quiroz, dijo que \u00abel Plan de Apreciaci\u00f3n de la M\u00fasica Nacional es una forma concreta de acercar la creaci\u00f3n art\u00edstica a los territorios, sobre todo a aquellos que, por su aislamiento, no siempre tienen acceso a experiencias en vivo, cargadas de sentido y pertenencia. Esta es una pol\u00edtica que encarna el esp\u00edritu del gobierno del presidente Gabriel Boric: llevar la cultura donde habita la comunidad, y reconocer en lo local no una excepci\u00f3n, sino un centro. Ver a ni\u00f1os y ni\u00f1as emocionarse con las canciones de Nicasio Luna nos confirma que la m\u00fasica sigue siendo un puente que une generaciones y territorios\u00bb.<\/div>\n<div style=\"text-align: justify;\"><\/div>\n<div style=\"text-align: justify;\">\u00abEsto le da realce a los artistas regionales. Haber conocido a Nicasio es muy importante porque tiene mucha historia que contar todav\u00eda\u00bb, coment\u00f3 Marcela Ort\u00edz, la encargada de la Biblioteca del Liceo de Villa Ma\u00f1ihuales.<\/div>\n<div style=\"text-align: justify;\"><\/div>\n<div style=\"text-align: justify;\">Tras la presentaci\u00f3n de Nicasio Luna en el Liceo Ma\u00f1ihuales, el 18 de junio se presenta MbiroMental en el Liceo Josefina Aguirre Montenegro de Coyhaique y el 25 es el turno de Celeste Anacletxx en la Escuela de Lago Atravesado. El 17 de julio estaremos en la residencia del Servicio de Protecci\u00f3n de Infancia y Adolescencia con Yntro y el 30 en la Escuela Valle de la Luna de \u00d1irehuao con Danilo Cruces. Cerraremos el mes de agosto en el Liceo Juan Pablo II y la Escuela Diferencial Espa\u00f1a con Celeste Anacletxx, y el d\u00fao Trapananda junto a la Orquesta de C\u00e1mara de la Universidad de Ays\u00e9n, y Oblicua Tara.<\/div>\n<\/div><\/section><\/div><div  style='height:50px' class='hr hr-invisible   avia-builder-el-6  el_after_av_one_full  el_before_av_social_share '><span class='hr-inner ' ><span class='hr-inner-style'><\/span><\/span><\/div><\/p>\n<div  class='av-social-sharing-box  avia-builder-el-7  el_after_av_hr  el_before_av_hr  '><div class='av-share-box'><h5 class='av-share-link-description av-no-toc '>Compartir esta noticia<\/h5><ul class='av-share-box-list noLightbox'><li class='av-share-link av-social-link-facebook' ><a target=\"_blank\" aria-label=\"Compartir en Facebook\" href='https:\/\/www.facebook.com\/sharer.php?u=https:\/\/radiorevelacionfm.cl\/?p=55128&#038;t=Estudiantes%20de%20Ma%C3%B1ihuales%20vibran%20con%20m%C3%BAsica%20regional%20en%20el%20aula' aria-hidden='false' data-av_icon='\ue8f3' data-av_iconfont='entypo-fontello' title='' data-avia-related-tooltip='Compartir en Facebook' rel=\"noopener\"><span class='avia_hidden_link_text'>Compartir en Facebook<\/span><\/a><\/li><li class='av-share-link av-social-link-twitter' ><a target=\"_blank\" aria-label=\"Compartir en Twitter\" href='https:\/\/twitter.com\/share?text=Estudiantes%20de%20Ma%C3%B1ihuales%20vibran%20con%20m%C3%BAsica%20regional%20en%20el%20aula&#038;url=https:\/\/radiorevelacionfm.cl\/?p=55128' aria-hidden='false' data-av_icon='\ue8f1' data-av_iconfont='entypo-fontello' title='' data-avia-related-tooltip='Compartir en Twitter' rel=\"noopener\"><span class='avia_hidden_link_text'>Compartir en Twitter<\/span><\/a><\/li><li class='av-share-link av-social-link-whatsapp' ><a target=\"_blank\" aria-label=\"Compartir en Whatsapp\" href='https:\/\/api.whatsapp.com\/send?text=https:\/\/radiorevelacionfm.cl\/?p=55128' aria-hidden='false' data-av_icon='\uf232' data-av_iconfont='entypo-fontello' title='' data-avia-related-tooltip='Compartir en Whatsapp' rel=\"noopener\"><span class='avia_hidden_link_text'>Compartir en Whatsapp<\/span><\/a><\/li><li class='av-share-link av-social-link-linkedin' ><a target=\"_blank\" aria-label=\"Compartir en LinkedIn\" href='https:\/\/linkedin.com\/shareArticle?mini=true&#038;title=Estudiantes%20de%20Ma%C3%B1ihuales%20vibran%20con%20m%C3%BAsica%20regional%20en%20el%20aula&#038;url=https:\/\/radiorevelacionfm.cl\/?p=55128' aria-hidden='false' data-av_icon='\ue8fc' data-av_iconfont='entypo-fontello' title='' data-avia-related-tooltip='Compartir en LinkedIn' rel=\"noopener\"><span class='avia_hidden_link_text'>Compartir en LinkedIn<\/span><\/a><\/li><li class='av-share-link av-social-link-mail' ><a  aria-label=\"Compartir por correo\" href='mailto:?subject=Estudiantes%20de%20Ma%C3%B1ihuales%20vibran%20con%20m%C3%BAsica%20regional%20en%20el%20aula&#038;body=https:\/\/radiorevelacionfm.cl\/?p=55128' aria-hidden='false' data-av_icon='\ue805' data-av_iconfont='entypo-fontello' title='' data-avia-related-tooltip='Compartir por correo'><span class='avia_hidden_link_text'>Compartir por correo<\/span><\/a><\/li><\/ul><\/div><\/div>\n<div  style='height:50px' class='hr hr-invisible   avia-builder-el-8  el_after_av_social_share  el_before_av_comments_list '><span class='hr-inner ' ><span class='hr-inner-style'><\/span><\/span><\/div>\n<div  class='av-buildercomment  av-blog-meta-html-info-disabled av-blog-meta-tag-disabled  '><\/div>\n","protected":false},"excerpt":{"rendered":"","protected":false},"author":1,"featured_media":55129,"comment_status":"closed","ping_status":"closed","sticky":false,"template":"","format":"standard","meta":{"footnotes":""},"categories":[52],"tags":[],"class_list":["post-55128","post","type-post","status-publish","format-standard","has-post-thumbnail","hentry","category-cultura"],"jetpack_featured_media_url":"https:\/\/radiorevelacionfm.cl\/wp-content\/uploads\/2025\/06\/pamn3-1_optimized.jpg","_links":{"self":[{"href":"https:\/\/radiorevelacionfm.cl\/index.php?rest_route=\/wp\/v2\/posts\/55128","targetHints":{"allow":["GET"]}}],"collection":[{"href":"https:\/\/radiorevelacionfm.cl\/index.php?rest_route=\/wp\/v2\/posts"}],"about":[{"href":"https:\/\/radiorevelacionfm.cl\/index.php?rest_route=\/wp\/v2\/types\/post"}],"author":[{"embeddable":true,"href":"https:\/\/radiorevelacionfm.cl\/index.php?rest_route=\/wp\/v2\/users\/1"}],"replies":[{"embeddable":true,"href":"https:\/\/radiorevelacionfm.cl\/index.php?rest_route=%2Fwp%2Fv2%2Fcomments&post=55128"}],"version-history":[{"count":2,"href":"https:\/\/radiorevelacionfm.cl\/index.php?rest_route=\/wp\/v2\/posts\/55128\/revisions"}],"predecessor-version":[{"id":55152,"href":"https:\/\/radiorevelacionfm.cl\/index.php?rest_route=\/wp\/v2\/posts\/55128\/revisions\/55152"}],"wp:featuredmedia":[{"embeddable":true,"href":"https:\/\/radiorevelacionfm.cl\/index.php?rest_route=\/wp\/v2\/media\/55129"}],"wp:attachment":[{"href":"https:\/\/radiorevelacionfm.cl\/index.php?rest_route=%2Fwp%2Fv2%2Fmedia&parent=55128"}],"wp:term":[{"taxonomy":"category","embeddable":true,"href":"https:\/\/radiorevelacionfm.cl\/index.php?rest_route=%2Fwp%2Fv2%2Fcategories&post=55128"},{"taxonomy":"post_tag","embeddable":true,"href":"https:\/\/radiorevelacionfm.cl\/index.php?rest_route=%2Fwp%2Fv2%2Ftags&post=55128"}],"curies":[{"name":"wp","href":"https:\/\/api.w.org\/{rel}","templated":true}]}}