{"id":55123,"date":"2025-06-12T11:39:53","date_gmt":"2025-06-12T14:39:53","guid":{"rendered":"https:\/\/radiorevelacionfm.cl\/?p=55123"},"modified":"2025-06-12T11:39:53","modified_gmt":"2025-06-12T14:39:53","slug":"seremi-de-bienes-nacionales-de-aysen-nosotros-no-imponemos-precios-altos-al-suelo-fiscal","status":"publish","type":"post","link":"https:\/\/radiorevelacionfm.cl\/?p=55123","title":{"rendered":"Seremi de Bienes Nacionales de Ays\u00e9n: \u201cNosotros no imponemos precios altos al suelo fiscal\u201d"},"content":{"rendered":"<div class=\"flex_column av_one_full  flex_column_div av-zero-column-padding first  avia-builder-el-0  el_before_av_one_full  avia-builder-el-first  \" style='border-radius:0px; '><div  class='avia-image-container  av-styling-    avia-builder-el-1  avia-builder-el-no-sibling  avia-align-center '  itemprop=\"image\" itemscope=\"itemscope\" itemtype=\"https:\/\/schema.org\/ImageObject\"  ><div class='avia-image-container-inner'><div class='avia-image-overlay-wrap'><img decoding=\"async\" class='wp-image-55124 avia-img-lazy-loading-not-55124 avia_image' src=\"https:\/\/radiorevelacionfm.cl\/wp-content\/uploads\/2025\/06\/seremi-Irina-1-1.jpg\" alt='' title='seremi Irina (1) (1)' height=\"600\" width=\"900\"  itemprop=\"thumbnailUrl\" srcset=\"https:\/\/radiorevelacionfm.cl\/wp-content\/uploads\/2025\/06\/seremi-Irina-1-1.jpg 900w, https:\/\/radiorevelacionfm.cl\/wp-content\/uploads\/2025\/06\/seremi-Irina-1-1-300x200.jpg 300w, https:\/\/radiorevelacionfm.cl\/wp-content\/uploads\/2025\/06\/seremi-Irina-1-1-768x512.jpg 768w, https:\/\/radiorevelacionfm.cl\/wp-content\/uploads\/2025\/06\/seremi-Irina-1-1-705x470.jpg 705w, https:\/\/radiorevelacionfm.cl\/wp-content\/uploads\/2025\/06\/seremi-Irina-1-1-450x300.jpg 450w, https:\/\/radiorevelacionfm.cl\/wp-content\/uploads\/2025\/06\/seremi-Irina-1-1-600x400.jpg 600w\" sizes=\"(max-width: 900px) 100vw, 900px\" \/><\/div><\/div><\/div><\/div><div class=\"flex_column av_one_full  flex_column_div av-zero-column-padding first  avia-builder-el-2  el_after_av_one_full  el_before_av_one_full  column-top-margin\" style='border-radius:0px; '><section class=\"av_textblock_section \"  itemscope=\"itemscope\" itemtype=\"https:\/\/schema.org\/BlogPosting\" itemprop=\"blogPost\" ><div class='avia_textblock  '   itemprop=\"text\" ><p style=\"text-align: center;\"><span style=\"font-size: 18pt;\"><strong>Seremi de Bienes Nacionales de Ays\u00e9n: \u201cNosotros no imponemos precios altos al suelo fiscal\u201d<\/strong><\/span><\/p>\n<div id=\"gtx-trans\" style=\"position: absolute; left: -50px; top: 4.31534px;\">\n<div class=\"gtx-trans-icon\"><\/div>\n<\/div>\n<\/div><\/section><\/div><div class=\"flex_column av_one_full  flex_column_div av-zero-column-padding first  avia-builder-el-4  el_after_av_one_full  el_before_av_hr  column-top-margin\" style='border-radius:0px; '><section class=\"av_textblock_section \"  itemscope=\"itemscope\" itemtype=\"https:\/\/schema.org\/BlogPosting\" itemprop=\"blogPost\" ><div class='avia_textblock  '   itemprop=\"text\" ><p style=\"text-align: justify;\"><em>La autoridad regional explic\u00f3 el por qu\u00e9 del aumento en los valores de inmuebles fiscales. <\/em><\/p>\n<p style=\"text-align: justify;\">En el espacio Hora de Incidentes de la C\u00e1mara de Diputadas y Diputados del d\u00eda 4 de junio, la diputada Marcia Raphael se\u00f1al\u00f3, refiri\u00e9ndose a algunas dificultades que implica vivir en nuestra regi\u00f3n, que las y los usuarios del mundo rural \u201cdeben enfrentar la mala pol\u00edtica de Bienes Nacionales, que al solicitar arriendo de terrenos del Estado, este les impone precios demasiado altos a tierras que son de escasa productividad y acceso\u201d, en alusi\u00f3n al alza en los valores del suelo, situaci\u00f3n que se replica en todo el pa\u00eds.<\/p>\n<p style=\"text-align: justify;\">Frente a esto, la seremi de Bienes Nacionales de Ays\u00e9n, Irina Morend Valdebenito, explic\u00f3 que el aumento en las rentas de arriendo de inmuebles fiscales \u201ces producto del alza sostenida de valores en el mercado del suelo, lo que viene sucediendo desde la pandemia\u201d. Indic\u00f3, adem\u00e1s, que cada cuatro a\u00f1os el Servicio de Impuestos Internos debe reavaluar los bienes ra\u00edces, \u201clo que tiene efectos directos sobre el suelo y produce el alza en el aval\u00fao, lo que afecta directamente a nuestros usuarios\u201d.<\/p>\n<p style=\"text-align: justify;\">Asimismo, la seremi Morend se\u00f1al\u00f3 que al detectar algunos casos en que los aval\u00faos se dispararon, \u201clo que hemos hecho en nuestro gobierno es aplicar algunas excepciones que permite la norma para que los usuarios m\u00e1s afectados puedan optar a rentas de menor costo, sin embargo, estas excepciones tienen l\u00edmites normativos\u201d, dado que el Decreto Ley N\u00b01.939 del a\u00f1o 1977 especifica textualmente \u00a0que \u201cla renta de los bienes ra\u00edces se reajustar\u00e1 autom\u00e1ticamente desde el momento en que empiecen a regir los reaval\u00faos que afecten a la propiedad, aplic\u00e1ndose siempre el porcentaje prefijado sobre el nuevo aval\u00fao (8% del aval\u00fao fiscal)\u201d.<\/p>\n<p style=\"text-align: justify;\">\u201cEl problema no tiene que ver con una mala pol\u00edtica del Ministerio de Bienes Nacionales, pues nosotros no imponemos precios altos al suelo fiscal\u201d, resalt\u00f3 la seremi, y a\u00f1adi\u00f3 que \u201cesto tiene que ver con un cambio de contexto y una legislaci\u00f3n desactualizada que fue promulgada en 1977\u201d. Hemos explicado esta situaci\u00f3n a nuestros usuarios y tambi\u00e9n al Consejo Asesor Regional de INDAP, asociaciones gremiales, al Consejo Regional y, desde el a\u00f1o 2022, a nuestros parlamentarios\u201d.<\/p>\n<p style=\"text-align: justify;\">La seremi Irina Morend sostuvo que \u201ccomo ha sido el sello de nuestro gobierno y una pr\u00e1ctica de nuestro ministerio, siempre hemos estado dispuestos al di\u00e1logo que permita beneficiar a los habitantes de la regi\u00f3n de Ays\u00e9n\u201d.<\/p>\n<\/div><\/section><\/div><div  style='height:50px' class='hr hr-invisible   avia-builder-el-6  el_after_av_one_full  el_before_av_social_share '><span class='hr-inner ' ><span class='hr-inner-style'><\/span><\/span><\/div><\/p>\n<div  class='av-social-sharing-box  avia-builder-el-7  el_after_av_hr  el_before_av_hr  '><div class='av-share-box'><h5 class='av-share-link-description av-no-toc '>Compartir esta noticia<\/h5><ul class='av-share-box-list noLightbox'><li class='av-share-link av-social-link-facebook' ><a target=\"_blank\" aria-label=\"Compartir en Facebook\" href='https:\/\/www.facebook.com\/sharer.php?u=https:\/\/radiorevelacionfm.cl\/?p=55123&#038;t=Seremi%20de%20Bienes%20Nacionales%20de%20Ays%C3%A9n%3A%20%E2%80%9CNosotros%20no%20imponemos%20precios%20altos%20al%20suelo%20fiscal%E2%80%9D' aria-hidden='false' data-av_icon='\ue8f3' data-av_iconfont='entypo-fontello' title='' data-avia-related-tooltip='Compartir en Facebook' rel=\"noopener\"><span class='avia_hidden_link_text'>Compartir en Facebook<\/span><\/a><\/li><li class='av-share-link av-social-link-twitter' ><a target=\"_blank\" aria-label=\"Compartir en Twitter\" href='https:\/\/twitter.com\/share?text=Seremi%20de%20Bienes%20Nacionales%20de%20Ays%C3%A9n%3A%20%E2%80%9CNosotros%20no%20imponemos%20precios%20altos%20al%20suelo%20fiscal%E2%80%9D&#038;url=https:\/\/radiorevelacionfm.cl\/?p=55123' aria-hidden='false' data-av_icon='\ue8f1' data-av_iconfont='entypo-fontello' title='' data-avia-related-tooltip='Compartir en Twitter' rel=\"noopener\"><span class='avia_hidden_link_text'>Compartir en Twitter<\/span><\/a><\/li><li class='av-share-link av-social-link-whatsapp' ><a target=\"_blank\" aria-label=\"Compartir en Whatsapp\" href='https:\/\/api.whatsapp.com\/send?text=https:\/\/radiorevelacionfm.cl\/?p=55123' aria-hidden='false' data-av_icon='\uf232' data-av_iconfont='entypo-fontello' title='' data-avia-related-tooltip='Compartir en Whatsapp' rel=\"noopener\"><span class='avia_hidden_link_text'>Compartir en Whatsapp<\/span><\/a><\/li><li class='av-share-link av-social-link-linkedin' ><a target=\"_blank\" aria-label=\"Compartir en LinkedIn\" href='https:\/\/linkedin.com\/shareArticle?mini=true&#038;title=Seremi%20de%20Bienes%20Nacionales%20de%20Ays%C3%A9n%3A%20%E2%80%9CNosotros%20no%20imponemos%20precios%20altos%20al%20suelo%20fiscal%E2%80%9D&#038;url=https:\/\/radiorevelacionfm.cl\/?p=55123' aria-hidden='false' data-av_icon='\ue8fc' data-av_iconfont='entypo-fontello' title='' data-avia-related-tooltip='Compartir en LinkedIn' rel=\"noopener\"><span class='avia_hidden_link_text'>Compartir en LinkedIn<\/span><\/a><\/li><li class='av-share-link av-social-link-mail' ><a  aria-label=\"Compartir por correo\" href='mailto:?subject=Seremi%20de%20Bienes%20Nacionales%20de%20Ays%C3%A9n%3A%20%E2%80%9CNosotros%20no%20imponemos%20precios%20altos%20al%20suelo%20fiscal%E2%80%9D&#038;body=https:\/\/radiorevelacionfm.cl\/?p=55123' aria-hidden='false' data-av_icon='\ue805' data-av_iconfont='entypo-fontello' title='' data-avia-related-tooltip='Compartir por correo'><span class='avia_hidden_link_text'>Compartir por correo<\/span><\/a><\/li><\/ul><\/div><\/div>\n<div  style='height:50px' class='hr hr-invisible   avia-builder-el-8  el_after_av_social_share  el_before_av_comments_list '><span class='hr-inner ' ><span class='hr-inner-style'><\/span><\/span><\/div>\n<div  class='av-buildercomment  av-blog-meta-html-info-disabled av-blog-meta-tag-disabled  '><\/div>\n","protected":false},"excerpt":{"rendered":"","protected":false},"author":1,"featured_media":55124,"comment_status":"closed","ping_status":"closed","sticky":false,"template":"","format":"standard","meta":{"footnotes":""},"categories":[38],"tags":[],"class_list":["post-55123","post","type-post","status-publish","format-standard","has-post-thumbnail","hentry","category-regional"],"jetpack_featured_media_url":"https:\/\/radiorevelacionfm.cl\/wp-content\/uploads\/2025\/06\/seremi-Irina-1-1.jpg","_links":{"self":[{"href":"https:\/\/radiorevelacionfm.cl\/index.php?rest_route=\/wp\/v2\/posts\/55123","targetHints":{"allow":["GET"]}}],"collection":[{"href":"https:\/\/radiorevelacionfm.cl\/index.php?rest_route=\/wp\/v2\/posts"}],"about":[{"href":"https:\/\/radiorevelacionfm.cl\/index.php?rest_route=\/wp\/v2\/types\/post"}],"author":[{"embeddable":true,"href":"https:\/\/radiorevelacionfm.cl\/index.php?rest_route=\/wp\/v2\/users\/1"}],"replies":[{"embeddable":true,"href":"https:\/\/radiorevelacionfm.cl\/index.php?rest_route=%2Fwp%2Fv2%2Fcomments&post=55123"}],"version-history":[{"count":2,"href":"https:\/\/radiorevelacionfm.cl\/index.php?rest_route=\/wp\/v2\/posts\/55123\/revisions"}],"predecessor-version":[{"id":55151,"href":"https:\/\/radiorevelacionfm.cl\/index.php?rest_route=\/wp\/v2\/posts\/55123\/revisions\/55151"}],"wp:featuredmedia":[{"embeddable":true,"href":"https:\/\/radiorevelacionfm.cl\/index.php?rest_route=\/wp\/v2\/media\/55124"}],"wp:attachment":[{"href":"https:\/\/radiorevelacionfm.cl\/index.php?rest_route=%2Fwp%2Fv2%2Fmedia&parent=55123"}],"wp:term":[{"taxonomy":"category","embeddable":true,"href":"https:\/\/radiorevelacionfm.cl\/index.php?rest_route=%2Fwp%2Fv2%2Fcategories&post=55123"},{"taxonomy":"post_tag","embeddable":true,"href":"https:\/\/radiorevelacionfm.cl\/index.php?rest_route=%2Fwp%2Fv2%2Ftags&post=55123"}],"curies":[{"name":"wp","href":"https:\/\/api.w.org\/{rel}","templated":true}]}}