{"id":55120,"date":"2025-06-11T21:29:52","date_gmt":"2025-06-12T00:29:52","guid":{"rendered":"https:\/\/radiorevelacionfm.cl\/?p=55120"},"modified":"2025-06-11T21:29:52","modified_gmt":"2025-06-12T00:29:52","slug":"salud-reitera-normativa-para-encender-solo-un-artefacto-a-lena-y-recomienda-uso-de-mascarilla","status":"publish","type":"post","link":"https:\/\/radiorevelacionfm.cl\/?p=55120","title":{"rendered":"Salud reitera normativa para encender solo un artefacto a le\u00f1a y recomienda uso de mascarilla"},"content":{"rendered":"<div class=\"flex_column av_one_full  flex_column_div av-zero-column-padding first  avia-builder-el-0  el_before_av_one_full  avia-builder-el-first  \" style='border-radius:0px; '><div  class='avia-image-container  av-styling-    avia-builder-el-1  avia-builder-el-no-sibling  avia-align-center '  itemprop=\"image\" itemscope=\"itemscope\" itemtype=\"https:\/\/schema.org\/ImageObject\"  ><div class='avia-image-container-inner'><div class='avia-image-overlay-wrap'><img decoding=\"async\" class='wp-image-55121 avia-img-lazy-loading-not-55121 avia_image' src=\"https:\/\/radiorevelacionfm.cl\/wp-content\/uploads\/2025\/06\/aire-coyhaique-1-1.jpeg\" alt='' title='aire coyhaique (1) (1)' height=\"600\" width=\"815\"  itemprop=\"thumbnailUrl\" srcset=\"https:\/\/radiorevelacionfm.cl\/wp-content\/uploads\/2025\/06\/aire-coyhaique-1-1.jpeg 815w, https:\/\/radiorevelacionfm.cl\/wp-content\/uploads\/2025\/06\/aire-coyhaique-1-1-300x221.jpeg 300w, https:\/\/radiorevelacionfm.cl\/wp-content\/uploads\/2025\/06\/aire-coyhaique-1-1-768x565.jpeg 768w, https:\/\/radiorevelacionfm.cl\/wp-content\/uploads\/2025\/06\/aire-coyhaique-1-1-705x519.jpeg 705w, https:\/\/radiorevelacionfm.cl\/wp-content\/uploads\/2025\/06\/aire-coyhaique-1-1-450x331.jpeg 450w, https:\/\/radiorevelacionfm.cl\/wp-content\/uploads\/2025\/06\/aire-coyhaique-1-1-600x442.jpeg 600w\" sizes=\"(max-width: 815px) 100vw, 815px\" \/><\/div><\/div><\/div><\/div><div class=\"flex_column av_one_full  flex_column_div av-zero-column-padding first  avia-builder-el-2  el_after_av_one_full  el_before_av_one_full  column-top-margin\" style='border-radius:0px; '><section class=\"av_textblock_section \"  itemscope=\"itemscope\" itemtype=\"https:\/\/schema.org\/BlogPosting\" itemprop=\"blogPost\" ><div class='avia_textblock  '   itemprop=\"text\" ><p style=\"text-align: center;\"><span style=\"font-size: 18pt;\"><strong>Salud reitera normativa para encender solo un artefacto a le\u00f1a y recomienda uso de mascarilla <\/strong><\/span><\/p>\n<div id=\"gtx-trans\" style=\"position: absolute; left: -50px; top: 4.31534px;\">\n<div class=\"gtx-trans-icon\"><\/div>\n<\/div>\n<\/div><\/section><\/div><div class=\"flex_column av_one_full  flex_column_div av-zero-column-padding first  avia-builder-el-4  el_after_av_one_full  el_before_av_hr  column-top-margin\" style='border-radius:0px; '><section class=\"av_textblock_section \"  itemscope=\"itemscope\" itemtype=\"https:\/\/schema.org\/BlogPosting\" itemprop=\"blogPost\" ><div class='avia_textblock  '   itemprop=\"text\" ><p style=\"text-align: justify;\"><em>El pron\u00f3stico de calidad del aire, se informa todos los d\u00edas en la web de medio ambiente <a href=\"https:\/\/airecoyhaique.mma.gob.cl\/\">https:\/\/airecoyhaique.mma.gob.cl\/<\/a><\/em><\/p>\n<p style=\"text-align: justify;\"><strong>\u00a0<\/strong>Debido a las condiciones clim\u00e1ticas que se presentan en la regi\u00f3n a medida que nos aproximamos a la \u00e9poca invernal, no solo se comienza a percibir las bajas temperaturas, sino que adem\u00e1s se producen efectos directos sobre la calidad del aire, especialmente en la ciudad de Coyhaique donde, frente al aumento de la utilizaci\u00f3n de calefacci\u00f3n a le\u00f1a y la falta de viento, se generan episodios de alerta, pre emergencia y emergencia ambiental, se hace relevante que la comunidad adopte medidas de autocuidado frente a estos escenarios que impactan en la salud de las comunidades.<\/p>\n<p style=\"text-align: justify;\">Es este contexto, el funcionario de la Unidad de Salud Ambiental, Miguel Oyarzo Altamirano, abord\u00f3 parte de la normativa existente frente a los episodios cr\u00edticos.\u00a0 \u201cEn la ciudad de Coyhaique, entre el 01 de abril y el 30 de septiembre, se decretan episodios cr\u00edticos indicando la calidad del aire, que pueden ser: buenos, alerta, preemergencia o emergencia donde en los per\u00edodos de alerta, preemergencia y emergencia, est\u00e1 prohibido el uso de m\u00e1s de un calefactor a le\u00f1a por vivienda. Y adem\u00e1s, todos los establecimientos que tengan una patente comercial o que sean considerados instituciones p\u00fablicas, no pueden ocupar le\u00f1a definitivamente como medio de calefacci\u00f3n\u201d.<\/p>\n<p style=\"text-align: justify;\">Asimismo, el profesional de la Seremi de Salud, tambi\u00e9n reforz\u00f3 medidas de autocuidado para poder enfrentar estos episodios. \u201cHay recomendaciones para la comunidad, especialmente para las personas que son enfermos cr\u00f3nicos, personas mayores, ni\u00f1os, embarazadas y tambi\u00e9n para los trabajadores que desarrollan sus actividades al aire libre. Entre ellas, por ejemplo, mantener todos los controles y esquemas de vacunaci\u00f3n al d\u00eda. Evidentemente, no fumar dentro de las viviendas. Si yo me voy a desplazar en la v\u00eda p\u00fablica dentro de la ciudad en un episodio de alta contaminaci\u00f3n, es altamente recomendable el uso de mascarilla. Y en cuanto a la actividad f\u00edsica, es recomendable no realizarla al aire libre, sino m\u00e1s bien en instalaciones que sean protegidas, como puede ser un gimnasio, un establecimiento escolar.\u00a0 Y en cuanto al tipo de actividad, ser actividades de baja intensidad, que no requieran un esfuerzo respiratorio importante para, evidentemente, proteger la salud de la persona que est\u00e1 realizando ese tipo de ejercicio,\u201d\u00a0 puntualiz\u00f3<\/p>\n<p style=\"text-align: justify;\">Cabe se\u00f1alar que la informaci\u00f3n de los episodios cr\u00edticos, se van decretando d\u00eda a d\u00eda por medio de la p\u00e1gina <a href=\"https:\/\/airecoyhaique.mma.gob.cl\">https:\/\/airecoyhaique.mma.gob.cl<\/a>, informaci\u00f3n que adem\u00e1s es replicada en las redes sociales de la Seremi de Medio Ambiente y Seremi de Salud, principalmente.<\/p>\n<\/div><\/section><\/div><div  style='height:50px' class='hr hr-invisible   avia-builder-el-6  el_after_av_one_full  el_before_av_social_share '><span class='hr-inner ' ><span class='hr-inner-style'><\/span><\/span><\/div><\/p>\n<div  class='av-social-sharing-box  avia-builder-el-7  el_after_av_hr  el_before_av_hr  '><div class='av-share-box'><h5 class='av-share-link-description av-no-toc '>Compartir esta noticia<\/h5><ul class='av-share-box-list noLightbox'><li class='av-share-link av-social-link-facebook' ><a target=\"_blank\" aria-label=\"Compartir en Facebook\" href='https:\/\/www.facebook.com\/sharer.php?u=https:\/\/radiorevelacionfm.cl\/?p=55120&#038;t=Salud%20reitera%20normativa%20para%20encender%20solo%20un%20artefacto%20a%20le%C3%B1a%20y%20recomienda%20uso%20de%20mascarilla' aria-hidden='false' data-av_icon='\ue8f3' data-av_iconfont='entypo-fontello' title='' data-avia-related-tooltip='Compartir en Facebook' rel=\"noopener\"><span class='avia_hidden_link_text'>Compartir en Facebook<\/span><\/a><\/li><li class='av-share-link av-social-link-twitter' ><a target=\"_blank\" aria-label=\"Compartir en Twitter\" href='https:\/\/twitter.com\/share?text=Salud%20reitera%20normativa%20para%20encender%20solo%20un%20artefacto%20a%20le%C3%B1a%20y%20recomienda%20uso%20de%20mascarilla&#038;url=https:\/\/radiorevelacionfm.cl\/?p=55120' aria-hidden='false' data-av_icon='\ue8f1' data-av_iconfont='entypo-fontello' title='' data-avia-related-tooltip='Compartir en Twitter' rel=\"noopener\"><span class='avia_hidden_link_text'>Compartir en Twitter<\/span><\/a><\/li><li class='av-share-link av-social-link-whatsapp' ><a target=\"_blank\" aria-label=\"Compartir en Whatsapp\" href='https:\/\/api.whatsapp.com\/send?text=https:\/\/radiorevelacionfm.cl\/?p=55120' aria-hidden='false' data-av_icon='\uf232' data-av_iconfont='entypo-fontello' title='' data-avia-related-tooltip='Compartir en Whatsapp' rel=\"noopener\"><span class='avia_hidden_link_text'>Compartir en Whatsapp<\/span><\/a><\/li><li class='av-share-link av-social-link-linkedin' ><a target=\"_blank\" aria-label=\"Compartir en LinkedIn\" href='https:\/\/linkedin.com\/shareArticle?mini=true&#038;title=Salud%20reitera%20normativa%20para%20encender%20solo%20un%20artefacto%20a%20le%C3%B1a%20y%20recomienda%20uso%20de%20mascarilla&#038;url=https:\/\/radiorevelacionfm.cl\/?p=55120' aria-hidden='false' data-av_icon='\ue8fc' data-av_iconfont='entypo-fontello' title='' data-avia-related-tooltip='Compartir en LinkedIn' rel=\"noopener\"><span class='avia_hidden_link_text'>Compartir en LinkedIn<\/span><\/a><\/li><li class='av-share-link av-social-link-mail' ><a  aria-label=\"Compartir por correo\" href='mailto:?subject=Salud%20reitera%20normativa%20para%20encender%20solo%20un%20artefacto%20a%20le%C3%B1a%20y%20recomienda%20uso%20de%20mascarilla&#038;body=https:\/\/radiorevelacionfm.cl\/?p=55120' aria-hidden='false' data-av_icon='\ue805' data-av_iconfont='entypo-fontello' title='' data-avia-related-tooltip='Compartir por correo'><span class='avia_hidden_link_text'>Compartir por correo<\/span><\/a><\/li><\/ul><\/div><\/div>\n<div  style='height:50px' class='hr hr-invisible   avia-builder-el-8  el_after_av_social_share  el_before_av_comments_list '><span class='hr-inner ' ><span class='hr-inner-style'><\/span><\/span><\/div>\n<div  class='av-buildercomment  av-blog-meta-html-info-disabled av-blog-meta-tag-disabled  '><\/div>\n","protected":false},"excerpt":{"rendered":"","protected":false},"author":1,"featured_media":55121,"comment_status":"closed","ping_status":"closed","sticky":false,"template":"","format":"standard","meta":{"footnotes":""},"categories":[39,46],"tags":[],"class_list":["post-55120","post","type-post","status-publish","format-standard","has-post-thumbnail","hentry","category-medio-ambiente","category-salud"],"jetpack_featured_media_url":"https:\/\/radiorevelacionfm.cl\/wp-content\/uploads\/2025\/06\/aire-coyhaique-1-1.jpeg","_links":{"self":[{"href":"https:\/\/radiorevelacionfm.cl\/index.php?rest_route=\/wp\/v2\/posts\/55120","targetHints":{"allow":["GET"]}}],"collection":[{"href":"https:\/\/radiorevelacionfm.cl\/index.php?rest_route=\/wp\/v2\/posts"}],"about":[{"href":"https:\/\/radiorevelacionfm.cl\/index.php?rest_route=\/wp\/v2\/types\/post"}],"author":[{"embeddable":true,"href":"https:\/\/radiorevelacionfm.cl\/index.php?rest_route=\/wp\/v2\/users\/1"}],"replies":[{"embeddable":true,"href":"https:\/\/radiorevelacionfm.cl\/index.php?rest_route=%2Fwp%2Fv2%2Fcomments&post=55120"}],"version-history":[{"count":2,"href":"https:\/\/radiorevelacionfm.cl\/index.php?rest_route=\/wp\/v2\/posts\/55120\/revisions"}],"predecessor-version":[{"id":55150,"href":"https:\/\/radiorevelacionfm.cl\/index.php?rest_route=\/wp\/v2\/posts\/55120\/revisions\/55150"}],"wp:featuredmedia":[{"embeddable":true,"href":"https:\/\/radiorevelacionfm.cl\/index.php?rest_route=\/wp\/v2\/media\/55121"}],"wp:attachment":[{"href":"https:\/\/radiorevelacionfm.cl\/index.php?rest_route=%2Fwp%2Fv2%2Fmedia&parent=55120"}],"wp:term":[{"taxonomy":"category","embeddable":true,"href":"https:\/\/radiorevelacionfm.cl\/index.php?rest_route=%2Fwp%2Fv2%2Fcategories&post=55120"},{"taxonomy":"post_tag","embeddable":true,"href":"https:\/\/radiorevelacionfm.cl\/index.php?rest_route=%2Fwp%2Fv2%2Ftags&post=55120"}],"curies":[{"name":"wp","href":"https:\/\/api.w.org\/{rel}","templated":true}]}}