{"id":55117,"date":"2025-06-11T21:20:20","date_gmt":"2025-06-12T00:20:20","guid":{"rendered":"https:\/\/radiorevelacionfm.cl\/?p=55117"},"modified":"2025-06-11T21:20:20","modified_gmt":"2025-06-12T00:20:20","slug":"presidente-de-la-republica-entrega-carpetas-de-calificacion-a-familiares-de-victimas-de-desaparicion-forzada-y-ejecucion-politica-durante-la-dictadura","status":"publish","type":"post","link":"https:\/\/radiorevelacionfm.cl\/?p=55117","title":{"rendered":"Presidente de la Rep\u00fablica entrega carpetas de calificaci\u00f3n a familiares de v\u00edctimas de desaparici\u00f3n forzada y ejecuci\u00f3n pol\u00edtica durante la dictadura"},"content":{"rendered":"<div class=\"flex_column av_one_full  flex_column_div av-zero-column-padding first  avia-builder-el-0  el_before_av_one_full  avia-builder-el-first  \" style='border-radius:0px; '><div  class='avia-image-container  av-styling-    avia-builder-el-1  avia-builder-el-no-sibling  avia-align-center '  itemprop=\"image\" itemscope=\"itemscope\" itemtype=\"https:\/\/schema.org\/ImageObject\"  ><div class='avia-image-container-inner'><div class='avia-image-overlay-wrap'><img decoding=\"async\" class='wp-image-55118 avia-img-lazy-loading-not-55118 avia_image' src=\"https:\/\/radiorevelacionfm.cl\/wp-content\/uploads\/2025\/06\/FOTO-1-85-1-1.jpg\" alt='' title='FOTO 1 (85) (1) (1)' height=\"600\" width=\"901\"  itemprop=\"thumbnailUrl\" srcset=\"https:\/\/radiorevelacionfm.cl\/wp-content\/uploads\/2025\/06\/FOTO-1-85-1-1.jpg 901w, https:\/\/radiorevelacionfm.cl\/wp-content\/uploads\/2025\/06\/FOTO-1-85-1-1-300x200.jpg 300w, https:\/\/radiorevelacionfm.cl\/wp-content\/uploads\/2025\/06\/FOTO-1-85-1-1-768x511.jpg 768w, https:\/\/radiorevelacionfm.cl\/wp-content\/uploads\/2025\/06\/FOTO-1-85-1-1-705x469.jpg 705w, https:\/\/radiorevelacionfm.cl\/wp-content\/uploads\/2025\/06\/FOTO-1-85-1-1-450x300.jpg 450w, https:\/\/radiorevelacionfm.cl\/wp-content\/uploads\/2025\/06\/FOTO-1-85-1-1-600x400.jpg 600w\" sizes=\"(max-width: 901px) 100vw, 901px\" \/><\/div><\/div><\/div><\/div><div class=\"flex_column av_one_full  flex_column_div av-zero-column-padding first  avia-builder-el-2  el_after_av_one_full  el_before_av_one_full  column-top-margin\" style='border-radius:0px; '><section class=\"av_textblock_section \"  itemscope=\"itemscope\" itemtype=\"https:\/\/schema.org\/BlogPosting\" itemprop=\"blogPost\" ><div class='avia_textblock  '   itemprop=\"text\" ><p style=\"text-align: center;\"><span style=\"font-size: 18pt;\"><strong>Presidente de la Rep\u00fablica entrega carpetas de calificaci\u00f3n a familiares de v\u00edctimas de desaparici\u00f3n forzada y ejecuci\u00f3n pol\u00edtica durante la dictadura<\/strong><\/span><\/p>\n<div id=\"gtx-trans\" style=\"position: absolute; left: -50px; top: 4.31534px;\">\n<div class=\"gtx-trans-icon\"><\/div>\n<\/div>\n<\/div><\/section><\/div><div class=\"flex_column av_one_full  flex_column_div av-zero-column-padding first  avia-builder-el-4  el_after_av_one_full  el_before_av_hr  column-top-margin\" style='border-radius:0px; '><section class=\"av_textblock_section \"  itemscope=\"itemscope\" itemtype=\"https:\/\/schema.org\/BlogPosting\" itemprop=\"blogPost\" ><div class='avia_textblock  '   itemprop=\"text\" ><p style=\"text-align: justify;\">El pasado lunes, el Presidente de la Rep\u00fablica Gabriel Boric Font, hizo entrega de las carpetas de calificaci\u00f3n a familiares de v\u00edctimas de desaparici\u00f3n forzada y ejecuci\u00f3n pol\u00edtica, cometidas por agentes del Estado durante la dictadura civil militar entre 1973 y 1990.<\/p>\n<p style=\"text-align: justify;\">Durante la transici\u00f3n a la democracia, la Comisi\u00f3n de Verdad y Reconciliaci\u00f3n (Comisi\u00f3n Rettig) y luego la Corporaci\u00f3n Nacional de Reparaci\u00f3n y Reconciliaci\u00f3n, investigaron de manera extrajudicial las violaciones a los derechos humanos cometidas durante este periodo, para lo cual se cont\u00f3 con documentaci\u00f3n de organizaciones de la sociedad civil, testimonios de familiares y sobrevivientes, as\u00ed como material reunido por los propios equipos de investigaci\u00f3n de la Comisi\u00f3n y la Corporaci\u00f3n.<\/p>\n<p style=\"text-align: justify;\">El seremi de Justicia y Derechos Humanos Samuel Navarro Castro destac\u00f3 este significativo momento se\u00f1alando que \u201cefectivamente el lunes reci\u00e9n pasado, en el d\u00eda de los archivos el Presidente Gabriel Boric junto al Ministro de Justicia Jaime Gajardo y la subsecretaria de Derechos Humanos Daniela Quintanilla participaron de este compromiso que hab\u00eda asumido el Presidente de la Rep\u00fablica como anuncio presidencial el 30 de agosto de 2024, en el sentido de entregar a las v\u00edctimas familiares de detenidos desaparecidos y ejecutados sin entrega de cuerpos de una carpeta de calificaci\u00f3n donde est\u00e1n aquellos antecedentes recopilados en las instancias de las comisiones de verdad y reconciliaci\u00f3n o en la comisi\u00f3n Valech junto a otros antecedentes que en el contexto del plan nacional de b\u00fasqueda se han ido recopilando respecto a los familiares de detenidos desaparecidos\u201d.<\/p>\n<p style=\"text-align: justify;\">Tras participar de esta emotiva ceremonia, la presidenta de la Agrupaci\u00f3n de Derechos Humanos de Coyhaique, Mar\u00eda Erita Vera qui\u00e9n recibi\u00f3 de manos del Presidente Gabriel Boric la carpeta de su padre Juan Vera Oyarz\u00fan, quien junto a Rosendo P\u00e9rez y N\u00e9stor Castillo, forman parte de los detenidos desaparecidos del caso Coyhaique en 1973, se\u00f1al\u00f3 \u201cpara m\u00ed como hija de un detenido desaparecido, la actividad del lunes realizada en el Palacio de la Moneda que fue la entrega de un expediente de calificaci\u00f3n como v\u00edctimas de la desaparici\u00f3n forzada de nuestros familiares fue una actividad muy emotiva, simb\u00f3lica, y con mucha emoci\u00f3n por el momento que tuvimos que vivir los ocho familiares que recibimos la carpeta en esta oportunidad, esto es como un retroceso al pasado, reencontrarse con todos estos antecedentes que consigui\u00f3 el informe Rettig durante su trabajo, y que permiti\u00f3 que fueran en este caso mi padre calificado como v\u00edctima de desaparici\u00f3n forzada producto de la represi\u00f3n vivida en nuestro pa\u00eds durante la dictadura militar, viv\u00ed ese momento con mucha emoci\u00f3n\u201d.<\/p>\n<p style=\"text-align: justify;\">Cabe mencionar que se trata de la primera entrega de estas carpetas, que contienen antecedentes personales, testimonios, documentos administrativos, informes periciales y o judiciales y resoluciones de calificaci\u00f3n, entre otros. Hasta ahora, la informaci\u00f3n de las carpetas era reservada, por lo que es la primera vez que las y los familiares reciben esta documentaci\u00f3n.<\/p>\n<p style=\"text-align: justify;\">Ahora con la entrega de estas primeras carpetas, se estableci\u00f3 un mecanismo que permite a todos los familiares de\u00a0las v\u00edctimas de desaparici\u00f3n forzada y ejecuci\u00f3n pol\u00edtica durante la dictadura civil militar solicitar una copia a trav\u00e9s de un formulario electr\u00f3nico en el sitio web del Ministerio de Justicia y Derechos Humanos o a trav\u00e9s de un formulario f\u00edsico en la oficina de la seremi de Justicia y Derechos Humanos de Ays\u00e9n ubicada en Baquedano #334, Coyhaique.<\/p>\n<p style=\"text-align: justify;\">Por su parte, la seremi de Gobierno \u00darsula Mix tambi\u00e9n se refiri\u00f3 a esta importante instancia se\u00f1alando que \u201cla entrega de carpetas de calificaci\u00f3n a familiares de v\u00edctimas de desaparici\u00f3n forzada y ejecuci\u00f3n pol\u00edtica tiene una gran importancia jur\u00eddica, pol\u00edtica y reparadora, ya que reconoce el sufrimiento de las familias de personas que fueron v\u00edctimas de la dictadura, constituye una reparaci\u00f3n simb\u00f3lica, fortalece la memoria hist\u00f3rica y permite el seguimiento de los responsables de cr\u00edmenes mediante investigaciones penales, fortaleciendo las luchas por verdad, memoria y justicia\u201d.<\/p>\n<p style=\"text-align: justify;\">Finalmente, cabe se\u00f1alar que esta documentaci\u00f3n representa un patrimonio y parte de la memoria de las familias, la comunidad y el pa\u00eds en general, mientras que su entrega busca reconocer la lucha sostenida por las personas y las organizaciones para alcanzar verdad y justicia, y destacar el rol que tuvieron al entregar antecedentes a las comisiones de verdad.<\/p>\n<\/div><\/section><\/div><div  style='height:50px' class='hr hr-invisible   avia-builder-el-6  el_after_av_one_full  el_before_av_social_share '><span class='hr-inner ' ><span class='hr-inner-style'><\/span><\/span><\/div><\/p>\n<div  class='av-social-sharing-box  avia-builder-el-7  el_after_av_hr  el_before_av_hr  '><div class='av-share-box'><h5 class='av-share-link-description av-no-toc '>Compartir esta noticia<\/h5><ul class='av-share-box-list noLightbox'><li class='av-share-link av-social-link-facebook' ><a target=\"_blank\" aria-label=\"Compartir en Facebook\" href='https:\/\/www.facebook.com\/sharer.php?u=https:\/\/radiorevelacionfm.cl\/?p=55117&#038;t=Presidente%20de%20la%20Rep%C3%BAblica%20entrega%20carpetas%20de%20calificaci%C3%B3n%20a%20familiares%20de%20v%C3%ADctimas%20de%20desaparici%C3%B3n%20forzada%20y%20ejecuci%C3%B3n%20pol%C3%ADtica%20durante%20la%20dictadura' aria-hidden='false' data-av_icon='\ue8f3' data-av_iconfont='entypo-fontello' title='' data-avia-related-tooltip='Compartir en Facebook' rel=\"noopener\"><span class='avia_hidden_link_text'>Compartir en Facebook<\/span><\/a><\/li><li class='av-share-link av-social-link-twitter' ><a target=\"_blank\" aria-label=\"Compartir en Twitter\" href='https:\/\/twitter.com\/share?text=Presidente%20de%20la%20Rep%C3%BAblica%20entrega%20carpetas%20de%20calificaci%C3%B3n%20a%20familiares%20de%20v%C3%ADctimas%20de%20desaparici%C3%B3n%20forzada%20y%20ejecuci%C3%B3n%20pol%C3%ADtica%20durante%20la%20dictadura&#038;url=https:\/\/radiorevelacionfm.cl\/?p=55117' aria-hidden='false' data-av_icon='\ue8f1' data-av_iconfont='entypo-fontello' title='' data-avia-related-tooltip='Compartir en Twitter' rel=\"noopener\"><span class='avia_hidden_link_text'>Compartir en Twitter<\/span><\/a><\/li><li class='av-share-link av-social-link-whatsapp' ><a target=\"_blank\" aria-label=\"Compartir en Whatsapp\" href='https:\/\/api.whatsapp.com\/send?text=https:\/\/radiorevelacionfm.cl\/?p=55117' aria-hidden='false' data-av_icon='\uf232' data-av_iconfont='entypo-fontello' title='' data-avia-related-tooltip='Compartir en Whatsapp' rel=\"noopener\"><span class='avia_hidden_link_text'>Compartir en Whatsapp<\/span><\/a><\/li><li class='av-share-link av-social-link-linkedin' ><a target=\"_blank\" aria-label=\"Compartir en LinkedIn\" href='https:\/\/linkedin.com\/shareArticle?mini=true&#038;title=Presidente%20de%20la%20Rep%C3%BAblica%20entrega%20carpetas%20de%20calificaci%C3%B3n%20a%20familiares%20de%20v%C3%ADctimas%20de%20desaparici%C3%B3n%20forzada%20y%20ejecuci%C3%B3n%20pol%C3%ADtica%20durante%20la%20dictadura&#038;url=https:\/\/radiorevelacionfm.cl\/?p=55117' aria-hidden='false' data-av_icon='\ue8fc' data-av_iconfont='entypo-fontello' title='' data-avia-related-tooltip='Compartir en LinkedIn' rel=\"noopener\"><span class='avia_hidden_link_text'>Compartir en LinkedIn<\/span><\/a><\/li><li class='av-share-link av-social-link-mail' ><a  aria-label=\"Compartir por correo\" href='mailto:?subject=Presidente%20de%20la%20Rep%C3%BAblica%20entrega%20carpetas%20de%20calificaci%C3%B3n%20a%20familiares%20de%20v%C3%ADctimas%20de%20desaparici%C3%B3n%20forzada%20y%20ejecuci%C3%B3n%20pol%C3%ADtica%20durante%20la%20dictadura&#038;body=https:\/\/radiorevelacionfm.cl\/?p=55117' aria-hidden='false' data-av_icon='\ue805' data-av_iconfont='entypo-fontello' title='' data-avia-related-tooltip='Compartir por correo'><span class='avia_hidden_link_text'>Compartir por correo<\/span><\/a><\/li><\/ul><\/div><\/div>\n<div  style='height:50px' class='hr hr-invisible   avia-builder-el-8  el_after_av_social_share  el_before_av_comments_list '><span class='hr-inner ' ><span class='hr-inner-style'><\/span><\/span><\/div>\n<div  class='av-buildercomment  av-blog-meta-html-info-disabled av-blog-meta-tag-disabled  '><\/div>\n","protected":false},"excerpt":{"rendered":"","protected":false},"author":1,"featured_media":55118,"comment_status":"closed","ping_status":"closed","sticky":false,"template":"","format":"standard","meta":{"footnotes":""},"categories":[55,61],"tags":[],"class_list":["post-55117","post","type-post","status-publish","format-standard","has-post-thumbnail","hentry","category-justicia","category-nacional"],"jetpack_featured_media_url":"https:\/\/radiorevelacionfm.cl\/wp-content\/uploads\/2025\/06\/FOTO-1-85-1-1.jpg","_links":{"self":[{"href":"https:\/\/radiorevelacionfm.cl\/index.php?rest_route=\/wp\/v2\/posts\/55117","targetHints":{"allow":["GET"]}}],"collection":[{"href":"https:\/\/radiorevelacionfm.cl\/index.php?rest_route=\/wp\/v2\/posts"}],"about":[{"href":"https:\/\/radiorevelacionfm.cl\/index.php?rest_route=\/wp\/v2\/types\/post"}],"author":[{"embeddable":true,"href":"https:\/\/radiorevelacionfm.cl\/index.php?rest_route=\/wp\/v2\/users\/1"}],"replies":[{"embeddable":true,"href":"https:\/\/radiorevelacionfm.cl\/index.php?rest_route=%2Fwp%2Fv2%2Fcomments&post=55117"}],"version-history":[{"count":2,"href":"https:\/\/radiorevelacionfm.cl\/index.php?rest_route=\/wp\/v2\/posts\/55117\/revisions"}],"predecessor-version":[{"id":55149,"href":"https:\/\/radiorevelacionfm.cl\/index.php?rest_route=\/wp\/v2\/posts\/55117\/revisions\/55149"}],"wp:featuredmedia":[{"embeddable":true,"href":"https:\/\/radiorevelacionfm.cl\/index.php?rest_route=\/wp\/v2\/media\/55118"}],"wp:attachment":[{"href":"https:\/\/radiorevelacionfm.cl\/index.php?rest_route=%2Fwp%2Fv2%2Fmedia&parent=55117"}],"wp:term":[{"taxonomy":"category","embeddable":true,"href":"https:\/\/radiorevelacionfm.cl\/index.php?rest_route=%2Fwp%2Fv2%2Fcategories&post=55117"},{"taxonomy":"post_tag","embeddable":true,"href":"https:\/\/radiorevelacionfm.cl\/index.php?rest_route=%2Fwp%2Fv2%2Ftags&post=55117"}],"curies":[{"name":"wp","href":"https:\/\/api.w.org\/{rel}","templated":true}]}}