{"id":55113,"date":"2025-06-11T17:11:18","date_gmt":"2025-06-11T20:11:18","guid":{"rendered":"https:\/\/radiorevelacionfm.cl\/?p=55113"},"modified":"2025-06-11T17:11:18","modified_gmt":"2025-06-11T20:11:18","slug":"con-el-sernameg-como-querellante-condenan-a-ocho-anos-de-carcel-a-autor-de-femicidio-tentado-en-coyhaique","status":"publish","type":"post","link":"https:\/\/radiorevelacionfm.cl\/?p=55113","title":{"rendered":"Con el SernamEG como querellante: Condenan a ocho a\u00f1os de c\u00e1rcel a autor de femicidio tentado en Coyhaique"},"content":{"rendered":"<div class=\"flex_column av_one_full  flex_column_div av-zero-column-padding first  avia-builder-el-0  el_before_av_one_full  avia-builder-el-first  \" style='border-radius:0px; '><div  class='avia-image-container  av-styling-    avia-builder-el-1  avia-builder-el-no-sibling  avia-align-center '  itemprop=\"image\" itemscope=\"itemscope\" itemtype=\"https:\/\/schema.org\/ImageObject\"  ><div class='avia-image-container-inner'><div class='avia-image-overlay-wrap'><img decoding=\"async\" class='wp-image-55114 avia-img-lazy-loading-not-55114 avia_image' src=\"https:\/\/radiorevelacionfm.cl\/wp-content\/uploads\/2025\/06\/violencia-850x500-1.jpeg\" alt='' title='violencia-850x500 (1)' height=\"600\" width=\"1020\"  itemprop=\"thumbnailUrl\" srcset=\"https:\/\/radiorevelacionfm.cl\/wp-content\/uploads\/2025\/06\/violencia-850x500-1.jpeg 1020w, https:\/\/radiorevelacionfm.cl\/wp-content\/uploads\/2025\/06\/violencia-850x500-1-300x176.jpeg 300w, https:\/\/radiorevelacionfm.cl\/wp-content\/uploads\/2025\/06\/violencia-850x500-1-768x452.jpeg 768w, https:\/\/radiorevelacionfm.cl\/wp-content\/uploads\/2025\/06\/violencia-850x500-1-705x415.jpeg 705w, https:\/\/radiorevelacionfm.cl\/wp-content\/uploads\/2025\/06\/violencia-850x500-1-450x265.jpeg 450w, https:\/\/radiorevelacionfm.cl\/wp-content\/uploads\/2025\/06\/violencia-850x500-1-600x353.jpeg 600w\" sizes=\"(max-width: 1020px) 100vw, 1020px\" \/><\/div><\/div><\/div><\/div><div class=\"flex_column av_one_full  flex_column_div av-zero-column-padding first  avia-builder-el-2  el_after_av_one_full  el_before_av_one_full  column-top-margin\" style='border-radius:0px; '><section class=\"av_textblock_section \"  itemscope=\"itemscope\" itemtype=\"https:\/\/schema.org\/BlogPosting\" itemprop=\"blogPost\" ><div class='avia_textblock  '   itemprop=\"text\" ><p style=\"text-align: center;\"><strong><span style=\"font-size: 18pt;\">Con el SernamEG como querellante: Condenan a ocho a\u00f1os de c\u00e1rcel a autor de femicidio tentado en Coyhaique<\/span><\/strong><\/p>\n<div id=\"gtx-trans\" style=\"position: absolute; left: -50px; top: 4.31534px;\">\n<div class=\"gtx-trans-icon\"><\/div>\n<\/div>\n<\/div><\/section><\/div><div class=\"flex_column av_one_full  flex_column_div av-zero-column-padding first  avia-builder-el-4  el_after_av_one_full  el_before_av_hr  column-top-margin\" style='border-radius:0px; '><section class=\"av_textblock_section \"  itemscope=\"itemscope\" itemtype=\"https:\/\/schema.org\/BlogPosting\" itemprop=\"blogPost\" ><div class='avia_textblock  '   itemprop=\"text\" ><p dir=\"ltr\" style=\"text-align: justify;\">El Tribunal de Juicio Oral en lo Penal de Coyhaique conden\u00f3 a ocho a\u00f1os de presidio mayor en su grado m\u00ednimo a un hombre de 63 a\u00f1os, de iniciales L.A.G.A, como autor del delito de femicidio tentado contra su ex pareja, en un hecho que tuvo lugar en la capital regional en el mes de noviembre de 2023.<\/p>\n<p dir=\"ltr\" style=\"text-align: justify;\">Desde la Direcci\u00f3n Regional de Ays\u00e9n del Servicio Nacional de la Mujer y la Equidad de G\u00e9nero (SernamEG), instituci\u00f3n que se querell\u00f3 por los hechos tras asumir la representaci\u00f3n de la v\u00edctima, relevaron que, tanto los informes m\u00e9dicos de la constataci\u00f3n de lesiones, como el testimonio de una vecina y una grabaci\u00f3n de audio de una llamada telef\u00f3nica, fueron evidencias fundamentales a la hora de la sentencia condenatoria.<\/p>\n<p dir=\"ltr\" style=\"text-align: justify;\">En ese sentido, desde el SernamEG valoraron el fallo del tribunal regional, haciendo hincapi\u00e9 en que el caso fue abordado de manera activa por el Circuito Intersectorial de Femicidios de Ays\u00e9n, donde participan diferentes instituciones regionales, y que el proceso judicial fue llevado a cabo con perspectiva de g\u00e9nero, lo que permite avanzar en entregar seguridad y justicia a las mujeres que denuncian hechos de violencia que atentan contra su integridad.<\/p>\n<p dir=\"ltr\" style=\"text-align: justify;\">\u00abEste tipo de condenas son muy importantes, porque dan cuenta a la comunidad de que los femicidios, en cualquiera de sus grados, y la violencia intrafamiliar y de g\u00e9nero son delitos punibles bajo nuestro C\u00f3digo Penal. Por tanto, fallos como estos, con pena de c\u00e1rcel para el condenado, nos permiten enviar un potente mensaje a todas las mujeres que sufren violencia en nuestra regi\u00f3n y en el pa\u00eds, de que no est\u00e1n solas, y que las instituciones del Estado est\u00e1n para apoyarlas en lo que requieran, m\u00e1s a\u00fan en estas dif\u00edciles situaciones\u00bb, se\u00f1al\u00f3 la directora regional del SernamEG, Patricia Baeza Cabezas.<\/p>\n<p dir=\"ltr\" style=\"text-align: justify;\">Por \u00faltimo, la directora enfatiz\u00f3 que \u00abel llamado es a que puedan denunciar las situaciones de violencia de g\u00e9nero ante Carabineros o la Polic\u00eda de Investigaciones, cuyos n\u00fameros de tel\u00e9fono son 133 y 134 respectivamente. Asimismo, si cualquier persona requiere informaci\u00f3n u orientaci\u00f3n sobre esta materia puede comunicarse a nuestro n\u00famero 1455, servicio que est\u00e1 disponible de lunes a domingo de 08:00 a 00:00 horas\u00bb.<\/p>\n<\/div><\/section><\/div><div  style='height:50px' class='hr hr-invisible   avia-builder-el-6  el_after_av_one_full  el_before_av_social_share '><span class='hr-inner ' ><span class='hr-inner-style'><\/span><\/span><\/div><\/p>\n<div  class='av-social-sharing-box  avia-builder-el-7  el_after_av_hr  el_before_av_hr  '><div class='av-share-box'><h5 class='av-share-link-description av-no-toc '>Compartir esta noticia<\/h5><ul class='av-share-box-list noLightbox'><li class='av-share-link av-social-link-facebook' ><a target=\"_blank\" aria-label=\"Compartir en Facebook\" href='https:\/\/www.facebook.com\/sharer.php?u=https:\/\/radiorevelacionfm.cl\/?p=55113&#038;t=Con%20el%20SernamEG%20como%20querellante%3A%20Condenan%20a%20ocho%20a%C3%B1os%20de%20c%C3%A1rcel%20a%20autor%20de%20femicidio%20tentado%20en%20Coyhaique' aria-hidden='false' data-av_icon='\ue8f3' data-av_iconfont='entypo-fontello' title='' data-avia-related-tooltip='Compartir en Facebook' rel=\"noopener\"><span class='avia_hidden_link_text'>Compartir en Facebook<\/span><\/a><\/li><li class='av-share-link av-social-link-twitter' ><a target=\"_blank\" aria-label=\"Compartir en Twitter\" href='https:\/\/twitter.com\/share?text=Con%20el%20SernamEG%20como%20querellante%3A%20Condenan%20a%20ocho%20a%C3%B1os%20de%20c%C3%A1rcel%20a%20autor%20de%20femicidio%20tentado%20en%20Coyhaique&#038;url=https:\/\/radiorevelacionfm.cl\/?p=55113' aria-hidden='false' data-av_icon='\ue8f1' data-av_iconfont='entypo-fontello' title='' data-avia-related-tooltip='Compartir en Twitter' rel=\"noopener\"><span class='avia_hidden_link_text'>Compartir en Twitter<\/span><\/a><\/li><li class='av-share-link av-social-link-whatsapp' ><a target=\"_blank\" aria-label=\"Compartir en Whatsapp\" href='https:\/\/api.whatsapp.com\/send?text=https:\/\/radiorevelacionfm.cl\/?p=55113' aria-hidden='false' data-av_icon='\uf232' data-av_iconfont='entypo-fontello' title='' data-avia-related-tooltip='Compartir en Whatsapp' rel=\"noopener\"><span class='avia_hidden_link_text'>Compartir en Whatsapp<\/span><\/a><\/li><li class='av-share-link av-social-link-linkedin' ><a target=\"_blank\" aria-label=\"Compartir en LinkedIn\" href='https:\/\/linkedin.com\/shareArticle?mini=true&#038;title=Con%20el%20SernamEG%20como%20querellante%3A%20Condenan%20a%20ocho%20a%C3%B1os%20de%20c%C3%A1rcel%20a%20autor%20de%20femicidio%20tentado%20en%20Coyhaique&#038;url=https:\/\/radiorevelacionfm.cl\/?p=55113' aria-hidden='false' data-av_icon='\ue8fc' data-av_iconfont='entypo-fontello' title='' data-avia-related-tooltip='Compartir en LinkedIn' rel=\"noopener\"><span class='avia_hidden_link_text'>Compartir en LinkedIn<\/span><\/a><\/li><li class='av-share-link av-social-link-mail' ><a  aria-label=\"Compartir por correo\" href='mailto:?subject=Con%20el%20SernamEG%20como%20querellante%3A%20Condenan%20a%20ocho%20a%C3%B1os%20de%20c%C3%A1rcel%20a%20autor%20de%20femicidio%20tentado%20en%20Coyhaique&#038;body=https:\/\/radiorevelacionfm.cl\/?p=55113' aria-hidden='false' data-av_icon='\ue805' data-av_iconfont='entypo-fontello' title='' data-avia-related-tooltip='Compartir por correo'><span class='avia_hidden_link_text'>Compartir por correo<\/span><\/a><\/li><\/ul><\/div><\/div>\n<div  style='height:50px' class='hr hr-invisible   avia-builder-el-8  el_after_av_social_share  el_before_av_comments_list '><span class='hr-inner ' ><span class='hr-inner-style'><\/span><\/span><\/div>\n<div  class='av-buildercomment  av-blog-meta-html-info-disabled av-blog-meta-tag-disabled  '><\/div>\n","protected":false},"excerpt":{"rendered":"","protected":false},"author":1,"featured_media":55114,"comment_status":"closed","ping_status":"closed","sticky":false,"template":"","format":"standard","meta":{"footnotes":""},"categories":[55,63],"tags":[],"class_list":["post-55113","post","type-post","status-publish","format-standard","has-post-thumbnail","hentry","category-justicia","category-mujer-y-genero"],"jetpack_featured_media_url":"https:\/\/radiorevelacionfm.cl\/wp-content\/uploads\/2025\/06\/violencia-850x500-1.jpeg","_links":{"self":[{"href":"https:\/\/radiorevelacionfm.cl\/index.php?rest_route=\/wp\/v2\/posts\/55113","targetHints":{"allow":["GET"]}}],"collection":[{"href":"https:\/\/radiorevelacionfm.cl\/index.php?rest_route=\/wp\/v2\/posts"}],"about":[{"href":"https:\/\/radiorevelacionfm.cl\/index.php?rest_route=\/wp\/v2\/types\/post"}],"author":[{"embeddable":true,"href":"https:\/\/radiorevelacionfm.cl\/index.php?rest_route=\/wp\/v2\/users\/1"}],"replies":[{"embeddable":true,"href":"https:\/\/radiorevelacionfm.cl\/index.php?rest_route=%2Fwp%2Fv2%2Fcomments&post=55113"}],"version-history":[{"count":2,"href":"https:\/\/radiorevelacionfm.cl\/index.php?rest_route=\/wp\/v2\/posts\/55113\/revisions"}],"predecessor-version":[{"id":55116,"href":"https:\/\/radiorevelacionfm.cl\/index.php?rest_route=\/wp\/v2\/posts\/55113\/revisions\/55116"}],"wp:featuredmedia":[{"embeddable":true,"href":"https:\/\/radiorevelacionfm.cl\/index.php?rest_route=\/wp\/v2\/media\/55114"}],"wp:attachment":[{"href":"https:\/\/radiorevelacionfm.cl\/index.php?rest_route=%2Fwp%2Fv2%2Fmedia&parent=55113"}],"wp:term":[{"taxonomy":"category","embeddable":true,"href":"https:\/\/radiorevelacionfm.cl\/index.php?rest_route=%2Fwp%2Fv2%2Fcategories&post=55113"},{"taxonomy":"post_tag","embeddable":true,"href":"https:\/\/radiorevelacionfm.cl\/index.php?rest_route=%2Fwp%2Fv2%2Ftags&post=55113"}],"curies":[{"name":"wp","href":"https:\/\/api.w.org\/{rel}","templated":true}]}}