{"id":55110,"date":"2025-06-11T20:59:47","date_gmt":"2025-06-11T23:59:47","guid":{"rendered":"https:\/\/radiorevelacionfm.cl\/?p=55110"},"modified":"2025-06-11T20:59:47","modified_gmt":"2025-06-11T23:59:47","slug":"estudiantes-de-diseno-digital-y-web-de-inacap-coyhaique-fortalecen-su-formacion-en-terreno-con-salida-pedagogica-a-puerto-aysen","status":"publish","type":"post","link":"https:\/\/radiorevelacionfm.cl\/?p=55110","title":{"rendered":"Estudiantes de Dise\u00f1o Digital y Web de INACAP Coyhaique fortalecen su formaci\u00f3n en terreno con salida pedag\u00f3gica a Puerto Ays\u00e9n"},"content":{"rendered":"<div class=\"flex_column av_one_full  flex_column_div av-zero-column-padding first  avia-builder-el-0  el_before_av_one_full  avia-builder-el-first  \" style='border-radius:0px; '><div  class='avia-image-container  av-styling-    avia-builder-el-1  avia-builder-el-no-sibling  avia-align-center '  itemprop=\"image\" itemscope=\"itemscope\" itemtype=\"https:\/\/schema.org\/ImageObject\"  ><div class='avia-image-container-inner'><div class='avia-image-overlay-wrap'><img decoding=\"async\" class='wp-image-55111 avia-img-lazy-loading-not-55111 avia_image' src=\"https:\/\/radiorevelacionfm.cl\/wp-content\/uploads\/2025\/06\/Imagen-de-WhatsApp-2025-06-11-a-las-09.35.41_0c63f089-1-1.jpg\" alt='' title='Imagen de WhatsApp 2025-06-11 a las 09.35.41_0c63f089 (1) (1)' height=\"600\" width=\"800\"  itemprop=\"thumbnailUrl\" srcset=\"https:\/\/radiorevelacionfm.cl\/wp-content\/uploads\/2025\/06\/Imagen-de-WhatsApp-2025-06-11-a-las-09.35.41_0c63f089-1-1.jpg 800w, https:\/\/radiorevelacionfm.cl\/wp-content\/uploads\/2025\/06\/Imagen-de-WhatsApp-2025-06-11-a-las-09.35.41_0c63f089-1-1-300x225.jpg 300w, https:\/\/radiorevelacionfm.cl\/wp-content\/uploads\/2025\/06\/Imagen-de-WhatsApp-2025-06-11-a-las-09.35.41_0c63f089-1-1-768x576.jpg 768w, https:\/\/radiorevelacionfm.cl\/wp-content\/uploads\/2025\/06\/Imagen-de-WhatsApp-2025-06-11-a-las-09.35.41_0c63f089-1-1-705x529.jpg 705w, https:\/\/radiorevelacionfm.cl\/wp-content\/uploads\/2025\/06\/Imagen-de-WhatsApp-2025-06-11-a-las-09.35.41_0c63f089-1-1-450x338.jpg 450w, https:\/\/radiorevelacionfm.cl\/wp-content\/uploads\/2025\/06\/Imagen-de-WhatsApp-2025-06-11-a-las-09.35.41_0c63f089-1-1-600x450.jpg 600w\" sizes=\"(max-width: 800px) 100vw, 800px\" \/><\/div><\/div><\/div><\/div><div class=\"flex_column av_one_full  flex_column_div av-zero-column-padding first  avia-builder-el-2  el_after_av_one_full  el_before_av_one_full  column-top-margin\" style='border-radius:0px; '><section class=\"av_textblock_section \"  itemscope=\"itemscope\" itemtype=\"https:\/\/schema.org\/BlogPosting\" itemprop=\"blogPost\" ><div class='avia_textblock  '   itemprop=\"text\" ><p style=\"text-align: center;\"><span style=\"font-size: 18pt;\"><strong>Estudiantes de Dise\u00f1o Digital y Web de INACAP Coyhaique fortalecen su formaci\u00f3n en terreno con salida pedag\u00f3gica a Puerto Ays\u00e9n<\/strong><\/span><\/p>\n<div id=\"gtx-trans\" style=\"position: absolute; left: -50px; top: 4.31534px;\">\n<div class=\"gtx-trans-icon\"><\/div>\n<\/div>\n<\/div><\/section><\/div><div class=\"flex_column av_one_full  flex_column_div av-zero-column-padding first  avia-builder-el-4  el_after_av_one_full  el_before_av_hr  column-top-margin\" style='border-radius:0px; '><section class=\"av_textblock_section \"  itemscope=\"itemscope\" itemtype=\"https:\/\/schema.org\/BlogPosting\" itemprop=\"blogPost\" ><div class='avia_textblock  '   itemprop=\"text\" ><p style=\"text-align: justify;\">Una jornada de aprendizaje pr\u00e1ctico, conexi\u00f3n con el territorio y colaboraci\u00f3n con el ecosistema emprendedor local fue la vivida por estudiantes de tercer semestre de la carrera Dise\u00f1o Digital y Web de INACAP Sede Coyhaique.<\/p>\n<p style=\"text-align: justify;\">En el marco de la asignatura <em>Identidad Digital<\/em>, a cargo del docente <strong>Esteban Ovando<\/strong>, los estudiantes participaron en una salida pedag\u00f3gica a <strong>Puerto Ays\u00e9n<\/strong>, donde pusieron en pr\u00e1ctica sus conocimientos asesorando a emprendedores y productores locales en torno a su presencia digital.<\/p>\n<p style=\"text-align: justify;\">La actividad fue organizada en conjunto con el <strong>Centro de Negocios Puerto Ays\u00e9n<\/strong>, promoviendo as\u00ed una experiencia de vinculaci\u00f3n directa con el entorno productivo regional. En terreno, los estudiantes analizaron los perfiles de marca, estrategias de comunicaci\u00f3n y plataformas digitales de diversos actores locales, aportando ideas y recomendaciones para fortalecer sus identidades digitales.<\/p>\n<p style=\"text-align: justify;\">Felipe Mardonez, Estudiante de Dise\u00f1o digital y Web de INACAP Sede Coyhaique comento la vivido en esta visita \u00abFue una experiencia s\u00faper enriquecedora. Poder trabajar con emprendedores reales nos permiti\u00f3 ver c\u00f3mo lo que aprendemos en clases se aplica directamente. Adem\u00e1s, nos motiv\u00f3 a seguir mejorando nuestras habilidades porque vimos que realmente podemos aportar con lo que sabemos\u201d.<\/p>\n<p style=\"text-align: justify;\">La salida pedag\u00f3gica es parte del modelo educativo de INACAP, que busca conectar el aula con el territorio, fomentando el aprendizaje activo, el trabajo colaborativo y el desarrollo de competencias clave para la empleabilidad.<\/p>\n<p style=\"text-align: justify;\">Por su parte el Docente de la asignatura Identidad Digital, Esteban Ovando expreso que \u201cEste tipo de experiencias son fundamentales en la formaci\u00f3n de nuestros estudiantes, ya que les permiten desarrollar no solo conocimientos t\u00e9cnicos, sino tambi\u00e9n habilidades comunicacionales, de an\u00e1lisis y vinculaci\u00f3n con el medio, que son esenciales para su futuro acad\u00e9mico y profesional\u201d.<\/p>\n<p style=\"text-align: justify;\">La visita a Puerto Ays\u00e9n reafirma el compromiso de INACAP con una educaci\u00f3n <strong>centrada en el aprender haciendo<\/strong>, donde la interacci\u00f3n con el entorno y el aporte a las comunidades locales son pilares para una formaci\u00f3n de calidad y con sentido.<\/p>\n<\/div><\/section><\/div><div  style='height:50px' class='hr hr-invisible   avia-builder-el-6  el_after_av_one_full  el_before_av_social_share '><span class='hr-inner ' ><span class='hr-inner-style'><\/span><\/span><\/div><\/p>\n<div  class='av-social-sharing-box  avia-builder-el-7  el_after_av_hr  el_before_av_hr  '><div class='av-share-box'><h5 class='av-share-link-description av-no-toc '>Compartir esta noticia<\/h5><ul class='av-share-box-list noLightbox'><li class='av-share-link av-social-link-facebook' ><a target=\"_blank\" aria-label=\"Compartir en Facebook\" href='https:\/\/www.facebook.com\/sharer.php?u=https:\/\/radiorevelacionfm.cl\/?p=55110&#038;t=Estudiantes%20de%20Dise%C3%B1o%20Digital%20y%20Web%20de%20INACAP%20Coyhaique%20fortalecen%20su%20formaci%C3%B3n%20en%20terreno%20con%20salida%20pedag%C3%B3gica%20a%20Puerto%20Ays%C3%A9n' aria-hidden='false' data-av_icon='\ue8f3' data-av_iconfont='entypo-fontello' title='' data-avia-related-tooltip='Compartir en Facebook' rel=\"noopener\"><span class='avia_hidden_link_text'>Compartir en Facebook<\/span><\/a><\/li><li class='av-share-link av-social-link-twitter' ><a target=\"_blank\" aria-label=\"Compartir en Twitter\" href='https:\/\/twitter.com\/share?text=Estudiantes%20de%20Dise%C3%B1o%20Digital%20y%20Web%20de%20INACAP%20Coyhaique%20fortalecen%20su%20formaci%C3%B3n%20en%20terreno%20con%20salida%20pedag%C3%B3gica%20a%20Puerto%20Ays%C3%A9n&#038;url=https:\/\/radiorevelacionfm.cl\/?p=55110' aria-hidden='false' data-av_icon='\ue8f1' data-av_iconfont='entypo-fontello' title='' data-avia-related-tooltip='Compartir en Twitter' rel=\"noopener\"><span class='avia_hidden_link_text'>Compartir en Twitter<\/span><\/a><\/li><li class='av-share-link av-social-link-whatsapp' ><a target=\"_blank\" aria-label=\"Compartir en Whatsapp\" href='https:\/\/api.whatsapp.com\/send?text=https:\/\/radiorevelacionfm.cl\/?p=55110' aria-hidden='false' data-av_icon='\uf232' data-av_iconfont='entypo-fontello' title='' data-avia-related-tooltip='Compartir en Whatsapp' rel=\"noopener\"><span class='avia_hidden_link_text'>Compartir en Whatsapp<\/span><\/a><\/li><li class='av-share-link av-social-link-linkedin' ><a target=\"_blank\" aria-label=\"Compartir en LinkedIn\" href='https:\/\/linkedin.com\/shareArticle?mini=true&#038;title=Estudiantes%20de%20Dise%C3%B1o%20Digital%20y%20Web%20de%20INACAP%20Coyhaique%20fortalecen%20su%20formaci%C3%B3n%20en%20terreno%20con%20salida%20pedag%C3%B3gica%20a%20Puerto%20Ays%C3%A9n&#038;url=https:\/\/radiorevelacionfm.cl\/?p=55110' aria-hidden='false' data-av_icon='\ue8fc' data-av_iconfont='entypo-fontello' title='' data-avia-related-tooltip='Compartir en LinkedIn' rel=\"noopener\"><span class='avia_hidden_link_text'>Compartir en LinkedIn<\/span><\/a><\/li><li class='av-share-link av-social-link-mail' ><a  aria-label=\"Compartir por correo\" href='mailto:?subject=Estudiantes%20de%20Dise%C3%B1o%20Digital%20y%20Web%20de%20INACAP%20Coyhaique%20fortalecen%20su%20formaci%C3%B3n%20en%20terreno%20con%20salida%20pedag%C3%B3gica%20a%20Puerto%20Ays%C3%A9n&#038;body=https:\/\/radiorevelacionfm.cl\/?p=55110' aria-hidden='false' data-av_icon='\ue805' data-av_iconfont='entypo-fontello' title='' data-avia-related-tooltip='Compartir por correo'><span class='avia_hidden_link_text'>Compartir por correo<\/span><\/a><\/li><\/ul><\/div><\/div>\n<div  style='height:50px' class='hr hr-invisible   avia-builder-el-8  el_after_av_social_share  el_before_av_comments_list '><span class='hr-inner ' ><span class='hr-inner-style'><\/span><\/span><\/div>\n<div  class='av-buildercomment  av-blog-meta-html-info-disabled av-blog-meta-tag-disabled  '><\/div>\n","protected":false},"excerpt":{"rendered":"","protected":false},"author":1,"featured_media":55111,"comment_status":"closed","ping_status":"closed","sticky":false,"template":"","format":"standard","meta":{"footnotes":""},"categories":[49],"tags":[],"class_list":["post-55110","post","type-post","status-publish","format-standard","has-post-thumbnail","hentry","category-educacion"],"jetpack_featured_media_url":"https:\/\/radiorevelacionfm.cl\/wp-content\/uploads\/2025\/06\/Imagen-de-WhatsApp-2025-06-11-a-las-09.35.41_0c63f089-1-1.jpg","_links":{"self":[{"href":"https:\/\/radiorevelacionfm.cl\/index.php?rest_route=\/wp\/v2\/posts\/55110","targetHints":{"allow":["GET"]}}],"collection":[{"href":"https:\/\/radiorevelacionfm.cl\/index.php?rest_route=\/wp\/v2\/posts"}],"about":[{"href":"https:\/\/radiorevelacionfm.cl\/index.php?rest_route=\/wp\/v2\/types\/post"}],"author":[{"embeddable":true,"href":"https:\/\/radiorevelacionfm.cl\/index.php?rest_route=\/wp\/v2\/users\/1"}],"replies":[{"embeddable":true,"href":"https:\/\/radiorevelacionfm.cl\/index.php?rest_route=%2Fwp%2Fv2%2Fcomments&post=55110"}],"version-history":[{"count":2,"href":"https:\/\/radiorevelacionfm.cl\/index.php?rest_route=\/wp\/v2\/posts\/55110\/revisions"}],"predecessor-version":[{"id":55148,"href":"https:\/\/radiorevelacionfm.cl\/index.php?rest_route=\/wp\/v2\/posts\/55110\/revisions\/55148"}],"wp:featuredmedia":[{"embeddable":true,"href":"https:\/\/radiorevelacionfm.cl\/index.php?rest_route=\/wp\/v2\/media\/55111"}],"wp:attachment":[{"href":"https:\/\/radiorevelacionfm.cl\/index.php?rest_route=%2Fwp%2Fv2%2Fmedia&parent=55110"}],"wp:term":[{"taxonomy":"category","embeddable":true,"href":"https:\/\/radiorevelacionfm.cl\/index.php?rest_route=%2Fwp%2Fv2%2Fcategories&post=55110"},{"taxonomy":"post_tag","embeddable":true,"href":"https:\/\/radiorevelacionfm.cl\/index.php?rest_route=%2Fwp%2Fv2%2Ftags&post=55110"}],"curies":[{"name":"wp","href":"https:\/\/api.w.org\/{rel}","templated":true}]}}