{"id":55105,"date":"2025-06-11T19:00:54","date_gmt":"2025-06-11T22:00:54","guid":{"rendered":"https:\/\/radiorevelacionfm.cl\/?p=55105"},"modified":"2025-06-11T19:00:54","modified_gmt":"2025-06-11T22:00:54","slug":"entra-en-vigencia-nuevo-reglamento-para-certificacion-de-laboratoristas-viales-seran-formados-por-la-academia-y-en-regiones","status":"publish","type":"post","link":"https:\/\/radiorevelacionfm.cl\/?p=55105","title":{"rendered":"Entra en vigencia nuevo reglamento para certificaci\u00f3n de laboratoristas viales: Ser\u00e1n formados por la academia y en regiones"},"content":{"rendered":"<div class=\"flex_column av_one_full  flex_column_div av-zero-column-padding first  avia-builder-el-0  el_before_av_one_full  avia-builder-el-first  \" style='border-radius:0px; '><div  class='avia-image-container  av-styling-    avia-builder-el-1  avia-builder-el-no-sibling  avia-align-center '  itemprop=\"image\" itemscope=\"itemscope\" itemtype=\"https:\/\/schema.org\/ImageObject\"  ><div class='avia-image-container-inner'><div class='avia-image-overlay-wrap'><img decoding=\"async\" class='wp-image-55106 avia-img-lazy-loading-not-55106 avia_image' src=\"https:\/\/radiorevelacionfm.cl\/wp-content\/uploads\/2025\/06\/2-2025-06-11t135720_optimized.086-1.jpg\" alt='' title='2---2025-06-11t135720_optimized.086-(1)' height=\"600\" width=\"1067\"  itemprop=\"thumbnailUrl\" srcset=\"https:\/\/radiorevelacionfm.cl\/wp-content\/uploads\/2025\/06\/2-2025-06-11t135720_optimized.086-1.jpg 1067w, https:\/\/radiorevelacionfm.cl\/wp-content\/uploads\/2025\/06\/2-2025-06-11t135720_optimized.086-1-300x169.jpg 300w, https:\/\/radiorevelacionfm.cl\/wp-content\/uploads\/2025\/06\/2-2025-06-11t135720_optimized.086-1-1030x579.jpg 1030w, https:\/\/radiorevelacionfm.cl\/wp-content\/uploads\/2025\/06\/2-2025-06-11t135720_optimized.086-1-768x432.jpg 768w, https:\/\/radiorevelacionfm.cl\/wp-content\/uploads\/2025\/06\/2-2025-06-11t135720_optimized.086-1-705x396.jpg 705w, https:\/\/radiorevelacionfm.cl\/wp-content\/uploads\/2025\/06\/2-2025-06-11t135720_optimized.086-1-450x253.jpg 450w, https:\/\/radiorevelacionfm.cl\/wp-content\/uploads\/2025\/06\/2-2025-06-11t135720_optimized.086-1-600x337.jpg 600w\" sizes=\"(max-width: 1067px) 100vw, 1067px\" \/><\/div><\/div><\/div><\/div><div class=\"flex_column av_one_full  flex_column_div av-zero-column-padding first  avia-builder-el-2  el_after_av_one_full  el_before_av_one_full  column-top-margin\" style='border-radius:0px; '><section class=\"av_textblock_section \"  itemscope=\"itemscope\" itemtype=\"https:\/\/schema.org\/BlogPosting\" itemprop=\"blogPost\" ><div class='avia_textblock  '   itemprop=\"text\" ><p style=\"text-align: center;\"><span style=\"font-size: 18pt;\"><strong>Entra en vigencia nuevo reglamento para certificaci\u00f3n de laboratoristas viales: Ser\u00e1n formados por la academia y en regiones<\/strong><\/span><\/p>\n<div id=\"gtx-trans\" style=\"position: absolute; left: -50px; top: 4.31534px;\">\n<div class=\"gtx-trans-icon\"><\/div>\n<\/div>\n<\/div><\/section><\/div><div class=\"flex_column av_one_full  flex_column_div av-zero-column-padding first  avia-builder-el-4  el_after_av_one_full  el_before_av_hr  column-top-margin\" style='border-radius:0px; '><section class=\"av_textblock_section \"  itemscope=\"itemscope\" itemtype=\"https:\/\/schema.org\/BlogPosting\" itemprop=\"blogPost\" ><div class='avia_textblock  '   itemprop=\"text\" ><p style=\"text-align: justify;\"><em>La CChC Coyhaique, uno de los entes impulsores de la iniciativa, particip\u00f3 de la firma simb\u00f3lica del decreto, realizada en el laboratorio nacional de vialidad en Santiago.<\/em><\/p>\n<p style=\"text-align: justify;\">Esta semana, se realiz\u00f3 la firma simb\u00f3lica del decreto que modifica el reglamento de formaci\u00f3n de los laboratoristas viales, t\u00e9cnicos necesarios en el desarrollo de infraestructura p\u00fablica y privada, que, hasta ahora, solo pod\u00edan ser certificados por el ministerio de Obras P\u00fablicas a trav\u00e9s de la direcci\u00f3n de Vialidad, pero ahora, con este cambio, podr\u00e1n ser formados por centros educativos de todo el pa\u00eds.<\/p>\n<p style=\"text-align: justify;\">Una muy buena noticia para la CChC Coyhaique, quienes, desde hace a\u00f1os, est\u00e1n promoviendo que la acreditaci\u00f3n de los laboratoristas viales, clase C, se pueda desarrollar de manera descentralizada, promoviendo que la academia presente planes formativos que sean visados por el ministerio de Obras P\u00fablicas, y que, bajo su supervisi\u00f3n, se puedan certificar en regiones.<\/p>\n<p style=\"text-align: justify;\">Esta medida, busca hacerle frente al problema que ha ocasionado la escasez de este tipo de especialistas, fundamentales para el control de la calidad en el desarrollo de las obras.<\/p>\n<p style=\"text-align: justify;\">La vicepresidenta nacional de la CChC,\u00a0Alicia Vesperinas, presente en la firma simb\u00f3lica del nuevo reglamento, afirm\u00f3 que \u201cdesde la CChC valoramos profundamente este avance. Este es un anhelo que como gremio hemos empujado desde hace mucho tiempo, en especial desde nuestras c\u00e1maras regionales. La formalizaci\u00f3n de este reglamento es un ejemplo concreto de c\u00f3mo la colaboraci\u00f3n p\u00fablico-privada puede generar impactos positivos y nos llena de esperanza para seguir colaborando en futuras modificaciones\u201d, indic\u00f3.<\/p>\n<p style=\"text-align: justify;\">La CChC Coyhaique estuvo representada por su vicepresidente gremial,\u00a0Pedro Pablo Arriagada, quien asegur\u00f3 que \u201choy es un d\u00eda demasiado importante para nosotros, llevamos a\u00f1os empujando este proceso como c\u00e1mara regional, apoyados por la c\u00e1mara nacional, y lo pudimos materializar hoy. Es importante que la academia pueda formar a estos nuevos laboratoristas y podamos seguir en la alianza p\u00fablico privada con el ministerio de Obras P\u00fablicas\u201d.<\/p>\n<p style=\"text-align: justify;\">El hito se celebr\u00f3 en el laboratorio nacional de la direcci\u00f3n de Vialidad, emplazado en la comuna de La Florida, en Santiago, donde las autoridades p\u00fablicas y privadas presentes, realizaron una visita a las dependencias del laboratorio y firmaron simb\u00f3licamente el nuevo reglamento.<\/p>\n<p style=\"text-align: justify;\">Desde el MOP, estuvo presente el director general de Obras P\u00fablicas, Boris Olgu\u00edn, quien valor\u00f3 la modificaci\u00f3n del reglamento y el rol que cumplen estos t\u00e9cnicos en el desarrollo de la infraestructura p\u00fablica y privada. \u201cEsto es un hecho concreto, esto es un reglamento que hemos suscrito con la idea de precisamente permitir a la academia, formar a nuevos profesionales laboratoristas, que est\u00e1 demandando el pa\u00eds. Son fundamentales en el trabajo de las obras de infraestructura que realizamos, porque es ah\u00ed donde hacemos el control de calidad de nuestros pavimentos, lo que garantiza una buena infraestructura, una infraestructura duradera en el tiempo\u201d.<\/p>\n<p style=\"text-align: justify;\">Los laboratoristas viales son formados y acreditados desde aproximadamente la d\u00e9cada del 80\u00b4en nuestro pa\u00eds, labor realizada por la direcci\u00f3n nacional de Vialidad del MOP. La idea de abrir la posibilidad de formaci\u00f3n a la academia, es, que esta instituci\u00f3n, pueda mantener la fiscalizaci\u00f3n sobre los contenidos y trabajar de manera conjunta el proceso de acreditaci\u00f3n, tal como lo explica Horacio Pfeiffer, director nacional de este organismo. \u201cnosotros podemos mantener la acreditaci\u00f3n de ellos, a trav\u00e9s de un control m\u00e1s de los contenidos, procurando que toda la parte t\u00e9cnica, te\u00f3rica y pr\u00e1ctica, cumpla con todos los requisitos para poder asegurar que estos laboratoristas van a poder mantener el est\u00e1ndar y la calidad que todo el mundo conoce de ellos\u201d.<\/p>\n<p style=\"text-align: justify;\">A nivel nacional, organismos educacionales como Inacap y las universidades Central, de Santiago de Chile y Diego Portales, son hasta ahora las que solicitaron al ministerio iniciar con este proceso formativo, el que se espera, abra prontamente convocatoria en distintas regiones del pa\u00eds.<\/p>\n<\/div><\/section><\/div><div  style='height:50px' class='hr hr-invisible   avia-builder-el-6  el_after_av_one_full  el_before_av_social_share '><span class='hr-inner ' ><span class='hr-inner-style'><\/span><\/span><\/div><\/p>\n<div  class='av-social-sharing-box  avia-builder-el-7  el_after_av_hr  el_before_av_hr  '><div class='av-share-box'><h5 class='av-share-link-description av-no-toc '>Compartir esta noticia<\/h5><ul class='av-share-box-list noLightbox'><li class='av-share-link av-social-link-facebook' ><a target=\"_blank\" aria-label=\"Compartir en Facebook\" href='https:\/\/www.facebook.com\/sharer.php?u=https:\/\/radiorevelacionfm.cl\/?p=55105&#038;t=Entra%20en%20vigencia%20nuevo%20reglamento%20para%20certificaci%C3%B3n%20de%20laboratoristas%20viales%3A%20Ser%C3%A1n%20formados%20por%20la%20academia%20y%20en%20regiones' aria-hidden='false' data-av_icon='\ue8f3' data-av_iconfont='entypo-fontello' title='' data-avia-related-tooltip='Compartir en Facebook' rel=\"noopener\"><span class='avia_hidden_link_text'>Compartir en Facebook<\/span><\/a><\/li><li class='av-share-link av-social-link-twitter' ><a target=\"_blank\" aria-label=\"Compartir en Twitter\" href='https:\/\/twitter.com\/share?text=Entra%20en%20vigencia%20nuevo%20reglamento%20para%20certificaci%C3%B3n%20de%20laboratoristas%20viales%3A%20Ser%C3%A1n%20formados%20por%20la%20academia%20y%20en%20regiones&#038;url=https:\/\/radiorevelacionfm.cl\/?p=55105' aria-hidden='false' data-av_icon='\ue8f1' data-av_iconfont='entypo-fontello' title='' data-avia-related-tooltip='Compartir en Twitter' rel=\"noopener\"><span class='avia_hidden_link_text'>Compartir en Twitter<\/span><\/a><\/li><li class='av-share-link av-social-link-whatsapp' ><a target=\"_blank\" aria-label=\"Compartir en Whatsapp\" href='https:\/\/api.whatsapp.com\/send?text=https:\/\/radiorevelacionfm.cl\/?p=55105' aria-hidden='false' data-av_icon='\uf232' data-av_iconfont='entypo-fontello' title='' data-avia-related-tooltip='Compartir en Whatsapp' rel=\"noopener\"><span class='avia_hidden_link_text'>Compartir en Whatsapp<\/span><\/a><\/li><li class='av-share-link av-social-link-linkedin' ><a target=\"_blank\" aria-label=\"Compartir en LinkedIn\" href='https:\/\/linkedin.com\/shareArticle?mini=true&#038;title=Entra%20en%20vigencia%20nuevo%20reglamento%20para%20certificaci%C3%B3n%20de%20laboratoristas%20viales%3A%20Ser%C3%A1n%20formados%20por%20la%20academia%20y%20en%20regiones&#038;url=https:\/\/radiorevelacionfm.cl\/?p=55105' aria-hidden='false' data-av_icon='\ue8fc' data-av_iconfont='entypo-fontello' title='' data-avia-related-tooltip='Compartir en LinkedIn' rel=\"noopener\"><span class='avia_hidden_link_text'>Compartir en LinkedIn<\/span><\/a><\/li><li class='av-share-link av-social-link-mail' ><a  aria-label=\"Compartir por correo\" href='mailto:?subject=Entra%20en%20vigencia%20nuevo%20reglamento%20para%20certificaci%C3%B3n%20de%20laboratoristas%20viales%3A%20Ser%C3%A1n%20formados%20por%20la%20academia%20y%20en%20regiones&#038;body=https:\/\/radiorevelacionfm.cl\/?p=55105' aria-hidden='false' data-av_icon='\ue805' data-av_iconfont='entypo-fontello' title='' data-avia-related-tooltip='Compartir por correo'><span class='avia_hidden_link_text'>Compartir por correo<\/span><\/a><\/li><\/ul><\/div><\/div>\n<div  style='height:50px' class='hr hr-invisible   avia-builder-el-8  el_after_av_social_share  el_before_av_comments_list '><span class='hr-inner ' ><span class='hr-inner-style'><\/span><\/span><\/div>\n<div  class='av-buildercomment  av-blog-meta-html-info-disabled av-blog-meta-tag-disabled  '><\/div>\n","protected":false},"excerpt":{"rendered":"","protected":false},"author":1,"featured_media":55106,"comment_status":"closed","ping_status":"closed","sticky":false,"template":"","format":"standard","meta":{"footnotes":""},"categories":[38],"tags":[],"class_list":["post-55105","post","type-post","status-publish","format-standard","has-post-thumbnail","hentry","category-regional"],"jetpack_featured_media_url":"https:\/\/radiorevelacionfm.cl\/wp-content\/uploads\/2025\/06\/2-2025-06-11t135720_optimized.086-1.jpg","_links":{"self":[{"href":"https:\/\/radiorevelacionfm.cl\/index.php?rest_route=\/wp\/v2\/posts\/55105","targetHints":{"allow":["GET"]}}],"collection":[{"href":"https:\/\/radiorevelacionfm.cl\/index.php?rest_route=\/wp\/v2\/posts"}],"about":[{"href":"https:\/\/radiorevelacionfm.cl\/index.php?rest_route=\/wp\/v2\/types\/post"}],"author":[{"embeddable":true,"href":"https:\/\/radiorevelacionfm.cl\/index.php?rest_route=\/wp\/v2\/users\/1"}],"replies":[{"embeddable":true,"href":"https:\/\/radiorevelacionfm.cl\/index.php?rest_route=%2Fwp%2Fv2%2Fcomments&post=55105"}],"version-history":[{"count":2,"href":"https:\/\/radiorevelacionfm.cl\/index.php?rest_route=\/wp\/v2\/posts\/55105\/revisions"}],"predecessor-version":[{"id":55137,"href":"https:\/\/radiorevelacionfm.cl\/index.php?rest_route=\/wp\/v2\/posts\/55105\/revisions\/55137"}],"wp:featuredmedia":[{"embeddable":true,"href":"https:\/\/radiorevelacionfm.cl\/index.php?rest_route=\/wp\/v2\/media\/55106"}],"wp:attachment":[{"href":"https:\/\/radiorevelacionfm.cl\/index.php?rest_route=%2Fwp%2Fv2%2Fmedia&parent=55105"}],"wp:term":[{"taxonomy":"category","embeddable":true,"href":"https:\/\/radiorevelacionfm.cl\/index.php?rest_route=%2Fwp%2Fv2%2Fcategories&post=55105"},{"taxonomy":"post_tag","embeddable":true,"href":"https:\/\/radiorevelacionfm.cl\/index.php?rest_route=%2Fwp%2Fv2%2Ftags&post=55105"}],"curies":[{"name":"wp","href":"https:\/\/api.w.org\/{rel}","templated":true}]}}