{"id":55102,"date":"2025-06-11T17:35:11","date_gmt":"2025-06-11T20:35:11","guid":{"rendered":"https:\/\/radiorevelacionfm.cl\/?p=55102"},"modified":"2025-06-11T17:35:11","modified_gmt":"2025-06-11T20:35:11","slug":"gobierno-en-terreno-se-desplego-en-fachinal-y-bahia-jara-con-servicios-publicos-y-autoridades-sectoriales","status":"publish","type":"post","link":"https:\/\/radiorevelacionfm.cl\/?p=55102","title":{"rendered":"Gobierno en Terreno se despleg\u00f3 en Fachinal y Bah\u00eda Jara con servicios p\u00fablicos y autoridades sectoriales"},"content":{"rendered":"<div class=\"flex_column av_one_full  flex_column_div av-zero-column-padding first  avia-builder-el-0  el_before_av_one_full  avia-builder-el-first  \" style='border-radius:0px; '><div  class='avia-image-container  av-styling-    avia-builder-el-1  avia-builder-el-no-sibling  avia-align-center '  itemprop=\"image\" itemscope=\"itemscope\" itemtype=\"https:\/\/schema.org\/ImageObject\"  ><div class='avia-image-container-inner'><div class='avia-image-overlay-wrap'><img decoding=\"async\" class='wp-image-55103 avia-img-lazy-loading-not-55103 avia_image' src=\"https:\/\/radiorevelacionfm.cl\/wp-content\/uploads\/2025\/06\/GET-Bahia-Jara-Fachinal-3-1-1.jpeg\" alt='' title='GET Bah\u00eda Jara-Fachinal (3) (1) (1)' height=\"600\" width=\"1067\"  itemprop=\"thumbnailUrl\" srcset=\"https:\/\/radiorevelacionfm.cl\/wp-content\/uploads\/2025\/06\/GET-Bahia-Jara-Fachinal-3-1-1.jpeg 1067w, https:\/\/radiorevelacionfm.cl\/wp-content\/uploads\/2025\/06\/GET-Bahia-Jara-Fachinal-3-1-1-300x169.jpeg 300w, https:\/\/radiorevelacionfm.cl\/wp-content\/uploads\/2025\/06\/GET-Bahia-Jara-Fachinal-3-1-1-1030x579.jpeg 1030w, https:\/\/radiorevelacionfm.cl\/wp-content\/uploads\/2025\/06\/GET-Bahia-Jara-Fachinal-3-1-1-768x432.jpeg 768w, https:\/\/radiorevelacionfm.cl\/wp-content\/uploads\/2025\/06\/GET-Bahia-Jara-Fachinal-3-1-1-705x396.jpeg 705w, https:\/\/radiorevelacionfm.cl\/wp-content\/uploads\/2025\/06\/GET-Bahia-Jara-Fachinal-3-1-1-450x253.jpeg 450w, https:\/\/radiorevelacionfm.cl\/wp-content\/uploads\/2025\/06\/GET-Bahia-Jara-Fachinal-3-1-1-600x337.jpeg 600w\" sizes=\"(max-width: 1067px) 100vw, 1067px\" \/><\/div><\/div><\/div><\/div><div class=\"flex_column av_one_full  flex_column_div av-zero-column-padding first  avia-builder-el-2  el_after_av_one_full  el_before_av_one_full  column-top-margin\" style='border-radius:0px; '><section class=\"av_textblock_section \"  itemscope=\"itemscope\" itemtype=\"https:\/\/schema.org\/BlogPosting\" itemprop=\"blogPost\" ><div class='avia_textblock  '   itemprop=\"text\" ><p style=\"text-align: center;\"><span style=\"font-size: 18pt;\"><strong>Gobierno en Terreno se despleg\u00f3 en Fachinal y Bah\u00eda Jara con servicios p\u00fablicos y autoridades sectoriales<\/strong><\/span><\/p>\n<div id=\"gtx-trans\" style=\"position: absolute; left: -50px; top: 4.31534px;\">\n<div class=\"gtx-trans-icon\"><\/div>\n<\/div>\n<\/div><\/section><\/div><div class=\"flex_column av_one_full  flex_column_div av-zero-column-padding first  avia-builder-el-4  el_after_av_one_full  el_before_av_hr  column-top-margin\" style='border-radius:0px; '><section class=\"av_textblock_section \"  itemscope=\"itemscope\" itemtype=\"https:\/\/schema.org\/BlogPosting\" itemprop=\"blogPost\" ><div class='avia_textblock  '   itemprop=\"text\" ><p style=\"text-align: justify;\">El programa Gobierno en Terreno se traslad\u00f3 en una doble jornada hasta los sectores de Fachinal y Bah\u00eda Jara, en la comuna de Chile Chico. La iniciativa, organizada por la Delegaci\u00f3n Presidencial Provincial de General Carrera, llev\u00f3 hasta el territorio a cerca de 15 servicios p\u00fablicos para atender requerimientos locales y fortalecer la presencia del Estado en zonas aisladas.<\/p>\n<p style=\"text-align: justify;\">En ambas localidades se realiz\u00f3 una Plaza Ciudadana, instancia en la que los vecinos pudieron resolver dudas, acceder a informaci\u00f3n de primera fuente y establecer contacto con funcionarios de distintas reparticiones p\u00fablicas. La actividad cont\u00f3 con la presencia del Seremi de Transportes y Telecomunicaciones, Hans Zimmermann, y de la Seremi de Obras P\u00fablicas, Paloma Jara, cuyas carteras han sido clave en el desarrollo de proyectos de conectividad terrestre y digital en la provincia.<\/p>\n<p style=\"text-align: justify;\">\u00abEn una doble jornada hoy en Fachinal y Bah\u00eda Jara, realizamos un Gobierno en Terreno, una actividad donde los servicios p\u00fablicos llegan a las comunidades, llegan a hablar con los territorios, con las personas que viven ah\u00ed, a levantar sus requerimientos, a dar respuesta a las iniciativas, a los proyectos que se est\u00e1n haciendo\u00bb, se\u00f1al\u00f3 Crist\u00f3bal Barcel\u00f3, Delegado Presidencial Provincial de General Carrera. \u201cEn esta oportunidad contamos con la presencia de nuestro Seremi de Transportes y Telecomunicaciones y de nuestra Seremi de Obras P\u00fablicas, quienes pudieron entregar informaci\u00f3n clara acerca de los proyectos que se est\u00e1n desarrollando\u00bb, agreg\u00f3.<\/p>\n<p style=\"text-align: justify;\">Tanto en Bah\u00eda Jara como en Fachinal, uno de los temas que m\u00e1s inquietud gener\u00f3 entre los vecinos fue el aprovechamiento del recurso h\u00eddrico, ya sea para riego o para consumo humano. Sobre ello, la seremi de Obras P\u00fablicas, Paloma Jara, destac\u00f3 el trabajo que su cartera est\u00e1 desarrollando en la provincia. \u201cPudimos reunirnos con vecinos de las localidades de Fachinal y de Bah\u00eda Jara para mostrar en terreno el trabajo que est\u00e1 haciendo el Ministerio de Obras P\u00fablicas\u201d, se\u00f1al\u00f3. \u201cEn particular, nuestro director de Obras Hidr\u00e1ulicas, en conjunto con el subdirector, pudo llevar a las comunidades informaci\u00f3n valiosa acerca de sus APR\u201d, agreg\u00f3.<br \/>\nAdem\u00e1s, la autoridad explic\u00f3 los avances en infraestructura vial en la zona: \u201cFuimos a hablar del suelo cemento que inauguramos hace pocos d\u00edas para mostrarles a las personas c\u00f3mo estamos cambiando la calidad de vida con proyectos que, quiz\u00e1s, no son tan grandes, pero que efectivamente generan un cambio en las localidades donde los estamos llevando a cabo\u201d.<\/p>\n<p style=\"text-align: justify;\">En el \u00e1mbito de las telecomunicaciones, uno de los requerimientos centrales de ambas localidades, el Seremi Hans Zimmermann inform\u00f3 sobre los avances en conectividad digital. \u201cHemos contado aqu\u00ed en Bah\u00eda Jara de los avances sobre la instalaci\u00f3n de la antena que es tan anhelada por la comunidad, que ya este a\u00f1o debiese quedar operativa seg\u00fan lo que se nos ha informado por parte de la compa\u00f1\u00eda que est\u00e1 a cargo de la operaci\u00f3n de este servicio\u00bb, destac\u00f3. Adem\u00e1s, se convers\u00f3 con representantes locales acerca de los servicios subsidiados terrestres que conectan a los sectores con el resto de la comuna y regi\u00f3n.<\/p>\n<p style=\"text-align: justify;\">Los operativos contaron tambi\u00e9n con la participaci\u00f3n de Carabineros, servicios del agro y diversas instituciones p\u00fablicas, que atendieron en terreno las consultas de los vecinos.<\/p>\n<p style=\"text-align: justify;\">Desde las organizaciones locales evaluaron positivamente la instancia. \u201cYo lo valoro mucho el tema del Gobierno en Terreno porque asisten todos los servicios p\u00fablicos y las necesidades de la gente se van priorizando al trabajar con los mismos servicios, as\u00ed que muy contento\u201d, se\u00f1al\u00f3 Rolando Burgos, presidente de la Junta de Vecinos N\u00b06 de Fachinal. \u201cVamos surgiendo m\u00e1s y se van canalizando diferentes cosas, diferentes proyectos, as\u00ed que contento.\u201d agreg\u00f3<\/p>\n<p style=\"text-align: justify;\">El programa Gobierno en Terreno continuar\u00e1 su recorrido por la provincia de General Carrera con pr\u00f3ximas jornadas ya planificadas para Puerto Bertrand, Puerto Guadal y Mall\u00edn Grande, en un esfuerzo por mantener el v\u00ednculo directo entre el Estado y las comunidades m\u00e1s apartadas de la regi\u00f3n.<\/p>\n<\/div><\/section><\/div><div  style='height:50px' class='hr hr-invisible   avia-builder-el-6  el_after_av_one_full  el_before_av_social_share '><span class='hr-inner ' ><span class='hr-inner-style'><\/span><\/span><\/div><\/p>\n<div  class='av-social-sharing-box  avia-builder-el-7  el_after_av_hr  el_before_av_hr  '><div class='av-share-box'><h5 class='av-share-link-description av-no-toc '>Compartir esta noticia<\/h5><ul class='av-share-box-list noLightbox'><li class='av-share-link av-social-link-facebook' ><a target=\"_blank\" aria-label=\"Compartir en Facebook\" href='https:\/\/www.facebook.com\/sharer.php?u=https:\/\/radiorevelacionfm.cl\/?p=55102&#038;t=Gobierno%20en%20Terreno%20se%20despleg%C3%B3%20en%20Fachinal%20y%20Bah%C3%ADa%20Jara%20con%20servicios%20p%C3%BAblicos%20y%20autoridades%20sectoriales' aria-hidden='false' data-av_icon='\ue8f3' data-av_iconfont='entypo-fontello' title='' data-avia-related-tooltip='Compartir en Facebook' rel=\"noopener\"><span class='avia_hidden_link_text'>Compartir en Facebook<\/span><\/a><\/li><li class='av-share-link av-social-link-twitter' ><a target=\"_blank\" aria-label=\"Compartir en Twitter\" href='https:\/\/twitter.com\/share?text=Gobierno%20en%20Terreno%20se%20despleg%C3%B3%20en%20Fachinal%20y%20Bah%C3%ADa%20Jara%20con%20servicios%20p%C3%BAblicos%20y%20autoridades%20sectoriales&#038;url=https:\/\/radiorevelacionfm.cl\/?p=55102' aria-hidden='false' data-av_icon='\ue8f1' data-av_iconfont='entypo-fontello' title='' data-avia-related-tooltip='Compartir en Twitter' rel=\"noopener\"><span class='avia_hidden_link_text'>Compartir en Twitter<\/span><\/a><\/li><li class='av-share-link av-social-link-whatsapp' ><a target=\"_blank\" aria-label=\"Compartir en Whatsapp\" href='https:\/\/api.whatsapp.com\/send?text=https:\/\/radiorevelacionfm.cl\/?p=55102' aria-hidden='false' data-av_icon='\uf232' data-av_iconfont='entypo-fontello' title='' data-avia-related-tooltip='Compartir en Whatsapp' rel=\"noopener\"><span class='avia_hidden_link_text'>Compartir en Whatsapp<\/span><\/a><\/li><li class='av-share-link av-social-link-linkedin' ><a target=\"_blank\" aria-label=\"Compartir en LinkedIn\" href='https:\/\/linkedin.com\/shareArticle?mini=true&#038;title=Gobierno%20en%20Terreno%20se%20despleg%C3%B3%20en%20Fachinal%20y%20Bah%C3%ADa%20Jara%20con%20servicios%20p%C3%BAblicos%20y%20autoridades%20sectoriales&#038;url=https:\/\/radiorevelacionfm.cl\/?p=55102' aria-hidden='false' data-av_icon='\ue8fc' data-av_iconfont='entypo-fontello' title='' data-avia-related-tooltip='Compartir en LinkedIn' rel=\"noopener\"><span class='avia_hidden_link_text'>Compartir en LinkedIn<\/span><\/a><\/li><li class='av-share-link av-social-link-mail' ><a  aria-label=\"Compartir por correo\" href='mailto:?subject=Gobierno%20en%20Terreno%20se%20despleg%C3%B3%20en%20Fachinal%20y%20Bah%C3%ADa%20Jara%20con%20servicios%20p%C3%BAblicos%20y%20autoridades%20sectoriales&#038;body=https:\/\/radiorevelacionfm.cl\/?p=55102' aria-hidden='false' data-av_icon='\ue805' data-av_iconfont='entypo-fontello' title='' data-avia-related-tooltip='Compartir por correo'><span class='avia_hidden_link_text'>Compartir por correo<\/span><\/a><\/li><\/ul><\/div><\/div>\n<div  style='height:50px' class='hr hr-invisible   avia-builder-el-8  el_after_av_social_share  el_before_av_comments_list '><span class='hr-inner ' ><span class='hr-inner-style'><\/span><\/span><\/div>\n<div  class='av-buildercomment  av-blog-meta-html-info-disabled av-blog-meta-tag-disabled  '><\/div>\n","protected":false},"excerpt":{"rendered":"","protected":false},"author":1,"featured_media":55103,"comment_status":"closed","ping_status":"closed","sticky":false,"template":"","format":"standard","meta":{"footnotes":""},"categories":[38],"tags":[],"class_list":["post-55102","post","type-post","status-publish","format-standard","has-post-thumbnail","hentry","category-regional"],"jetpack_featured_media_url":"https:\/\/radiorevelacionfm.cl\/wp-content\/uploads\/2025\/06\/GET-Bahia-Jara-Fachinal-3-1-1.jpeg","_links":{"self":[{"href":"https:\/\/radiorevelacionfm.cl\/index.php?rest_route=\/wp\/v2\/posts\/55102","targetHints":{"allow":["GET"]}}],"collection":[{"href":"https:\/\/radiorevelacionfm.cl\/index.php?rest_route=\/wp\/v2\/posts"}],"about":[{"href":"https:\/\/radiorevelacionfm.cl\/index.php?rest_route=\/wp\/v2\/types\/post"}],"author":[{"embeddable":true,"href":"https:\/\/radiorevelacionfm.cl\/index.php?rest_route=\/wp\/v2\/users\/1"}],"replies":[{"embeddable":true,"href":"https:\/\/radiorevelacionfm.cl\/index.php?rest_route=%2Fwp%2Fv2%2Fcomments&post=55102"}],"version-history":[{"count":2,"href":"https:\/\/radiorevelacionfm.cl\/index.php?rest_route=\/wp\/v2\/posts\/55102\/revisions"}],"predecessor-version":[{"id":55127,"href":"https:\/\/radiorevelacionfm.cl\/index.php?rest_route=\/wp\/v2\/posts\/55102\/revisions\/55127"}],"wp:featuredmedia":[{"embeddable":true,"href":"https:\/\/radiorevelacionfm.cl\/index.php?rest_route=\/wp\/v2\/media\/55103"}],"wp:attachment":[{"href":"https:\/\/radiorevelacionfm.cl\/index.php?rest_route=%2Fwp%2Fv2%2Fmedia&parent=55102"}],"wp:term":[{"taxonomy":"category","embeddable":true,"href":"https:\/\/radiorevelacionfm.cl\/index.php?rest_route=%2Fwp%2Fv2%2Fcategories&post=55102"},{"taxonomy":"post_tag","embeddable":true,"href":"https:\/\/radiorevelacionfm.cl\/index.php?rest_route=%2Fwp%2Fv2%2Ftags&post=55102"}],"curies":[{"name":"wp","href":"https:\/\/api.w.org\/{rel}","templated":true}]}}