{"id":55099,"date":"2025-06-11T16:55:44","date_gmt":"2025-06-11T19:55:44","guid":{"rendered":"https:\/\/radiorevelacionfm.cl\/?p=55099"},"modified":"2025-06-11T16:55:44","modified_gmt":"2025-06-11T19:55:44","slug":"subsidio-electrico-abre-postulaciones-este-30-de-junio-para-actuales-y-nuevos-beneficiarios","status":"publish","type":"post","link":"https:\/\/radiorevelacionfm.cl\/?p=55099","title":{"rendered":"Subsidio el\u00e9ctrico abre postulaciones este 30 de junio para actuales y nuevos beneficiarios"},"content":{"rendered":"<div class=\"flex_column av_one_full  flex_column_div av-zero-column-padding first  avia-builder-el-0  el_before_av_one_full  avia-builder-el-first  \" style='border-radius:0px; '><div  class='avia-image-container  av-styling-    avia-builder-el-1  avia-builder-el-no-sibling  avia-align-center '  itemprop=\"image\" itemscope=\"itemscope\" itemtype=\"https:\/\/schema.org\/ImageObject\"  ><div class='avia-image-container-inner'><div class='avia-image-overlay-wrap'><img decoding=\"async\" class='wp-image-55100 avia-img-lazy-loading-not-55100 avia_image' src=\"https:\/\/radiorevelacionfm.cl\/wp-content\/uploads\/2025\/06\/Foto-comunicado-subsidio-electrico-1-1.jpeg\" alt='' title='Foto comunicado subsidio el\u00e9ctrico (1) (1)' height=\"600\" width=\"731\"  itemprop=\"thumbnailUrl\" srcset=\"https:\/\/radiorevelacionfm.cl\/wp-content\/uploads\/2025\/06\/Foto-comunicado-subsidio-electrico-1-1.jpeg 731w, https:\/\/radiorevelacionfm.cl\/wp-content\/uploads\/2025\/06\/Foto-comunicado-subsidio-electrico-1-1-300x246.jpeg 300w, https:\/\/radiorevelacionfm.cl\/wp-content\/uploads\/2025\/06\/Foto-comunicado-subsidio-electrico-1-1-705x579.jpeg 705w, https:\/\/radiorevelacionfm.cl\/wp-content\/uploads\/2025\/06\/Foto-comunicado-subsidio-electrico-1-1-450x369.jpeg 450w, https:\/\/radiorevelacionfm.cl\/wp-content\/uploads\/2025\/06\/Foto-comunicado-subsidio-electrico-1-1-600x492.jpeg 600w\" sizes=\"(max-width: 731px) 100vw, 731px\" \/><\/div><\/div><\/div><\/div><div class=\"flex_column av_one_full  flex_column_div av-zero-column-padding first  avia-builder-el-2  el_after_av_one_full  el_before_av_one_full  column-top-margin\" style='border-radius:0px; '><section class=\"av_textblock_section \"  itemscope=\"itemscope\" itemtype=\"https:\/\/schema.org\/BlogPosting\" itemprop=\"blogPost\" ><div class='avia_textblock  '   itemprop=\"text\" ><p style=\"text-align: center;\"><span style=\"font-size: 18pt;\"><strong>Subsidio el\u00e9ctrico abre postulaciones este 30 de junio para actuales y nuevos beneficiarios<\/strong><\/span><\/p>\n<div id=\"gtx-trans\" style=\"position: absolute; left: -50px; top: 4.31534px;\">\n<div class=\"gtx-trans-icon\"><\/div>\n<\/div>\n<\/div><\/section><\/div><div class=\"flex_column av_one_full  flex_column_div av-zero-column-padding first  avia-builder-el-4  el_after_av_one_full  el_before_av_hr  column-top-margin\" style='border-radius:0px; '><section class=\"av_textblock_section \"  itemscope=\"itemscope\" itemtype=\"https:\/\/schema.org\/BlogPosting\" itemprop=\"blogPost\" ><div class='avia_textblock  '   itemprop=\"text\" ><p style=\"text-align: justify;\"><em>Proceso de postulaci\u00f3n estar\u00e1 disponible durante 15 d\u00edas y permitir\u00e1 acceder al beneficio o actualizar datos. Hogares ya beneficiados lo mantendr\u00e1n autom\u00e1ticamente si cumplen requisitos.<\/em><\/p>\n<p style=\"text-align: justify;\">El Ministerio de Energ\u00eda anunci\u00f3 que el pr\u00f3ximo lunes 30 de junio de 2025 se abrir\u00e1 la tercera convocatoria nacional para postular al subsidio el\u00e9ctrico, una herramienta destinada a aliviar el costo de las cuentas de electricidad en los hogares m\u00e1s vulnerables del pa\u00eds.<\/p>\n<p style=\"text-align: justify;\">A nivel nacional, 1.808.388 hogares ya est\u00e1n recibiendo este beneficio, y en la regi\u00f3n de Ays\u00e9n son 13.977 familias las que accedieron al subsidio en la \u00faltima convocatoria. Todas ellas mantendr\u00e1n el beneficio durante el segundo semestre, sin necesidad de volver a postular, siempre que cumplan con los siguientes requisitos:<\/p>\n<ul style=\"text-align: justify;\">\n<li>Pertenecer al 40% m\u00e1s vulnerable del Registro Social de Hogares (RSH).<\/li>\n<li>Tener sus cuentas el\u00e9ctricas al d\u00eda, es decir, sin morosidad.<\/li>\n<\/ul>\n<p style=\"text-align: justify;\">Sobre este nuevo proceso, el Seremi de Energ\u00eda de la Regi\u00f3n de Ays\u00e9n, Tom\u00e1s Laibe, se\u00f1al\u00f3: \u201cEste subsidio el\u00e9ctrico ha sido una herramienta concreta para aliviar el bolsillo de m\u00e1s de 13 mil familias en nuestra regi\u00f3n. Hoy queremos asegurar que quienes ya son beneficiarios mantendr\u00e1n el apoyo sin tr\u00e1mites adicionales, y al mismo tiempo, invitar a quienes a\u00fan no postulan a aprovechar esta oportunidad\u201d<\/p>\n<p style=\"text-align: justify;\">La postulaci\u00f3n estar\u00e1 abierta hasta el martes 15 de julio a trav\u00e9s de la plataforma <a href=\"https:\/\/www.subsidioelectrico.cl\">www.subsidioelectrico.cl<\/a>, y est\u00e1 dirigida a:<\/p>\n<ul style=\"text-align: justify;\">\n<li>Nuevos hogares que a\u00fan no reciben el subsidio.<\/li>\n<li>Personas beneficiarias que necesiten actualizar su n\u00famero de cliente o modificar su domicilio registrado.<\/li>\n<\/ul>\n<p style=\"text-align: justify;\">Gracias al financiamiento disponible, el subsidio puede llegar a cubrir hasta 2,2 millones de hogares en total, lo que significa que a\u00fan existen cupos adicionales para quienes cumplan con los requisitos y postulen dentro del plazo establecido.<\/p>\n<p style=\"text-align: justify;\">\u201cEste subsidio representa un alivio econ\u00f3mico para las familias de Ays\u00e9n, ya que ayuda a disminuir el impacto del alza en las cuentas de la luz, facilitando el acceso a un servicio b\u00e1sico esencial\u201d.<\/p>\n<p style=\"text-align: justify;\">A diferencia del primer semestre, cuando el subsidio se aplic\u00f3 en cuotas mensuales, esta vez el beneficio se entregar\u00e1 en una \u00fanica cuota, como descuento directo en la cuenta el\u00e9ctrica de septiembre. El monto depender\u00e1 del tama\u00f1o del hogar y, en caso de que el consumo facturado ese mes sea menor al subsidio otorgado, la diferencia quedar\u00e1 como saldo a favor y se descontar\u00e1 autom\u00e1ticamente en la boleta siguiente.<\/p>\n<p style=\"text-align: justify;\">Los montos son los siguientes:<\/p>\n<ul>\n<li style=\"text-align: justify;\">Hogares de 1 persona: $37.838<\/li>\n<li style=\"text-align: justify;\">Hogares de 2 a 3 personas: $49.190<\/li>\n<li style=\"text-align: justify;\">Hogares de 4 o m\u00e1s personas: $68.109<\/li>\n<\/ul>\n<\/div><\/section><\/div><div  style='height:50px' class='hr hr-invisible   avia-builder-el-6  el_after_av_one_full  el_before_av_social_share '><span class='hr-inner ' ><span class='hr-inner-style'><\/span><\/span><\/div><\/p>\n<div  class='av-social-sharing-box  avia-builder-el-7  el_after_av_hr  el_before_av_hr  '><div class='av-share-box'><h5 class='av-share-link-description av-no-toc '>Compartir esta noticia<\/h5><ul class='av-share-box-list noLightbox'><li class='av-share-link av-social-link-facebook' ><a target=\"_blank\" aria-label=\"Compartir en Facebook\" href='https:\/\/www.facebook.com\/sharer.php?u=https:\/\/radiorevelacionfm.cl\/?p=55099&#038;t=Subsidio%20el%C3%A9ctrico%20abre%20postulaciones%20este%2030%20de%20junio%20para%20actuales%20y%20nuevos%20beneficiarios' aria-hidden='false' data-av_icon='\ue8f3' data-av_iconfont='entypo-fontello' title='' data-avia-related-tooltip='Compartir en Facebook' rel=\"noopener\"><span class='avia_hidden_link_text'>Compartir en Facebook<\/span><\/a><\/li><li class='av-share-link av-social-link-twitter' ><a target=\"_blank\" aria-label=\"Compartir en Twitter\" href='https:\/\/twitter.com\/share?text=Subsidio%20el%C3%A9ctrico%20abre%20postulaciones%20este%2030%20de%20junio%20para%20actuales%20y%20nuevos%20beneficiarios&#038;url=https:\/\/radiorevelacionfm.cl\/?p=55099' aria-hidden='false' data-av_icon='\ue8f1' data-av_iconfont='entypo-fontello' title='' data-avia-related-tooltip='Compartir en Twitter' rel=\"noopener\"><span class='avia_hidden_link_text'>Compartir en Twitter<\/span><\/a><\/li><li class='av-share-link av-social-link-whatsapp' ><a target=\"_blank\" aria-label=\"Compartir en Whatsapp\" href='https:\/\/api.whatsapp.com\/send?text=https:\/\/radiorevelacionfm.cl\/?p=55099' aria-hidden='false' data-av_icon='\uf232' data-av_iconfont='entypo-fontello' title='' data-avia-related-tooltip='Compartir en Whatsapp' rel=\"noopener\"><span class='avia_hidden_link_text'>Compartir en Whatsapp<\/span><\/a><\/li><li class='av-share-link av-social-link-linkedin' ><a target=\"_blank\" aria-label=\"Compartir en LinkedIn\" href='https:\/\/linkedin.com\/shareArticle?mini=true&#038;title=Subsidio%20el%C3%A9ctrico%20abre%20postulaciones%20este%2030%20de%20junio%20para%20actuales%20y%20nuevos%20beneficiarios&#038;url=https:\/\/radiorevelacionfm.cl\/?p=55099' aria-hidden='false' data-av_icon='\ue8fc' data-av_iconfont='entypo-fontello' title='' data-avia-related-tooltip='Compartir en LinkedIn' rel=\"noopener\"><span class='avia_hidden_link_text'>Compartir en LinkedIn<\/span><\/a><\/li><li class='av-share-link av-social-link-mail' ><a  aria-label=\"Compartir por correo\" href='mailto:?subject=Subsidio%20el%C3%A9ctrico%20abre%20postulaciones%20este%2030%20de%20junio%20para%20actuales%20y%20nuevos%20beneficiarios&#038;body=https:\/\/radiorevelacionfm.cl\/?p=55099' aria-hidden='false' data-av_icon='\ue805' data-av_iconfont='entypo-fontello' title='' data-avia-related-tooltip='Compartir por correo'><span class='avia_hidden_link_text'>Compartir por correo<\/span><\/a><\/li><\/ul><\/div><\/div>\n<div  style='height:50px' class='hr hr-invisible   avia-builder-el-8  el_after_av_social_share  el_before_av_comments_list '><span class='hr-inner ' ><span class='hr-inner-style'><\/span><\/span><\/div>\n<div  class='av-buildercomment  av-blog-meta-html-info-disabled av-blog-meta-tag-disabled  '><\/div>\n","protected":false},"excerpt":{"rendered":"","protected":false},"author":1,"featured_media":55100,"comment_status":"closed","ping_status":"closed","sticky":false,"template":"","format":"standard","meta":{"footnotes":""},"categories":[38],"tags":[],"class_list":["post-55099","post","type-post","status-publish","format-standard","has-post-thumbnail","hentry","category-regional"],"jetpack_featured_media_url":"https:\/\/radiorevelacionfm.cl\/wp-content\/uploads\/2025\/06\/Foto-comunicado-subsidio-electrico-1-1.jpeg","_links":{"self":[{"href":"https:\/\/radiorevelacionfm.cl\/index.php?rest_route=\/wp\/v2\/posts\/55099","targetHints":{"allow":["GET"]}}],"collection":[{"href":"https:\/\/radiorevelacionfm.cl\/index.php?rest_route=\/wp\/v2\/posts"}],"about":[{"href":"https:\/\/radiorevelacionfm.cl\/index.php?rest_route=\/wp\/v2\/types\/post"}],"author":[{"embeddable":true,"href":"https:\/\/radiorevelacionfm.cl\/index.php?rest_route=\/wp\/v2\/users\/1"}],"replies":[{"embeddable":true,"href":"https:\/\/radiorevelacionfm.cl\/index.php?rest_route=%2Fwp%2Fv2%2Fcomments&post=55099"}],"version-history":[{"count":2,"href":"https:\/\/radiorevelacionfm.cl\/index.php?rest_route=\/wp\/v2\/posts\/55099\/revisions"}],"predecessor-version":[{"id":55109,"href":"https:\/\/radiorevelacionfm.cl\/index.php?rest_route=\/wp\/v2\/posts\/55099\/revisions\/55109"}],"wp:featuredmedia":[{"embeddable":true,"href":"https:\/\/radiorevelacionfm.cl\/index.php?rest_route=\/wp\/v2\/media\/55100"}],"wp:attachment":[{"href":"https:\/\/radiorevelacionfm.cl\/index.php?rest_route=%2Fwp%2Fv2%2Fmedia&parent=55099"}],"wp:term":[{"taxonomy":"category","embeddable":true,"href":"https:\/\/radiorevelacionfm.cl\/index.php?rest_route=%2Fwp%2Fv2%2Fcategories&post=55099"},{"taxonomy":"post_tag","embeddable":true,"href":"https:\/\/radiorevelacionfm.cl\/index.php?rest_route=%2Fwp%2Fv2%2Ftags&post=55099"}],"curies":[{"name":"wp","href":"https:\/\/api.w.org\/{rel}","templated":true}]}}