{"id":55096,"date":"2025-06-11T13:59:38","date_gmt":"2025-06-11T16:59:38","guid":{"rendered":"https:\/\/radiorevelacionfm.cl\/?p=55096"},"modified":"2025-06-11T13:59:38","modified_gmt":"2025-06-11T16:59:38","slug":"alcalde-de-cisnes-y-presidente-de-aremu-francisco-roncagliolo-rechaza-propuesta-de-cobro-a-camiones-chilenos-en-ruta-40","status":"publish","type":"post","link":"https:\/\/radiorevelacionfm.cl\/?p=55096","title":{"rendered":"Alcalde de Cisnes y presidente de AREMU, Francisco Roncagliolo, rechaza propuesta de cobro a camiones chilenos en Ruta 40"},"content":{"rendered":"<div class=\"flex_column av_one_full  flex_column_div av-zero-column-padding first  avia-builder-el-0  el_before_av_one_full  avia-builder-el-first  \" style='border-radius:0px; '><div  class='avia-image-container  av-styling-    avia-builder-el-1  avia-builder-el-no-sibling  avia-align-center '  itemprop=\"image\" itemscope=\"itemscope\" itemtype=\"https:\/\/schema.org\/ImageObject\"  ><div class='avia-image-container-inner'><div class='avia-image-overlay-wrap'><img decoding=\"async\" class='wp-image-55097 avia-img-lazy-loading-not-55097 avia_image' src=\"https:\/\/radiorevelacionfm.cl\/wp-content\/uploads\/2025\/06\/001-4-1-1.jpeg\" alt='' title='001 (4) (1) (1)' height=\"600\" width=\"800\"  itemprop=\"thumbnailUrl\" srcset=\"https:\/\/radiorevelacionfm.cl\/wp-content\/uploads\/2025\/06\/001-4-1-1.jpeg 800w, https:\/\/radiorevelacionfm.cl\/wp-content\/uploads\/2025\/06\/001-4-1-1-300x225.jpeg 300w, https:\/\/radiorevelacionfm.cl\/wp-content\/uploads\/2025\/06\/001-4-1-1-768x576.jpeg 768w, https:\/\/radiorevelacionfm.cl\/wp-content\/uploads\/2025\/06\/001-4-1-1-705x529.jpeg 705w, https:\/\/radiorevelacionfm.cl\/wp-content\/uploads\/2025\/06\/001-4-1-1-450x338.jpeg 450w, https:\/\/radiorevelacionfm.cl\/wp-content\/uploads\/2025\/06\/001-4-1-1-600x450.jpeg 600w\" sizes=\"(max-width: 800px) 100vw, 800px\" \/><\/div><\/div><\/div><\/div><div class=\"flex_column av_one_full  flex_column_div av-zero-column-padding first  avia-builder-el-2  el_after_av_one_full  el_before_av_one_full  column-top-margin\" style='border-radius:0px; '><section class=\"av_textblock_section \"  itemscope=\"itemscope\" itemtype=\"https:\/\/schema.org\/BlogPosting\" itemprop=\"blogPost\" ><div class='avia_textblock  '   itemprop=\"text\" ><p style=\"text-align: center;\"><strong><span style=\"font-size: 18pt;\">Alcalde de Cisnes y presidente de AREMU, Francisco Roncagliolo, rechaza propuesta de cobro a camiones chilenos en Ruta 40<\/span><\/strong><\/p>\n<div id=\"gtx-trans\" style=\"position: absolute; left: -50px; top: 4.31534px;\">\n<div class=\"gtx-trans-icon\"><\/div>\n<\/div>\n<\/div><\/section><\/div><div class=\"flex_column av_one_full  flex_column_div av-zero-column-padding first  avia-builder-el-4  el_after_av_one_full  el_before_av_hr  column-top-margin\" style='border-radius:0px; '><section class=\"av_textblock_section \"  itemscope=\"itemscope\" itemtype=\"https:\/\/schema.org\/BlogPosting\" itemprop=\"blogPost\" ><div class='avia_textblock  '   itemprop=\"text\" ><p dir=\"ltr\" style=\"text-align: justify;\">La Asociaci\u00f3n Regional de Municipalidades de Ays\u00e9n (AREMU Ays\u00e9n) expresa su profunda preocupaci\u00f3n ante la reciente propuesta del gobernador de la Provincia del Chubut (Argentina) de implementar un cobro de peaje a camiones chilenos que circulen por la Ruta 40 dentro de su jurisdicci\u00f3n.<\/p>\n<p dir=\"ltr\" style=\"text-align: justify;\">El presidente de AREMU Ays\u00e9n y alcalde de la comuna de Cisnes, Francisco Roncagliolo, se\u00f1al\u00f3:<\/p>\n<p dir=\"ltr\" style=\"text-align: justify;\">\u00abRespetamos la autonom\u00eda argentina, pero cuando se afectan acuerdos hist\u00f3ricos y a nuestros transportistas de Ays\u00e9n y Magallanes, debemos manifestarnos. No estamos de acuerdo con esta medida y respaldamos toda acci\u00f3n que tome nuestra Canciller\u00eda para representarnos ante el gobierno argentino.\u00bb<\/p>\n<p dir=\"ltr\" style=\"text-align: justify;\">AREMU Ays\u00e9n reitera su total respaldo a los camioneros chilenos, quienes se ver\u00edan directamente perjudicados por esta medida, y acompa\u00f1ar\u00e1 todas las gestiones diplom\u00e1ticas que se impulsen desde el Gobierno de Chile para abordar esta situaci\u00f3n con seriedad y responsabilidad.<\/p>\n<p dir=\"ltr\" style=\"text-align: justify;\">Si bien esta propuesta a\u00fan se encuentra en discusi\u00f3n entre el Gobierno Provincial del Chubut y el Gobierno Nacional argentino, desde AREMU se considera fundamental que se escuche la voz de las regiones australes chilenas, que hist\u00f3ricamente han mantenido una relaci\u00f3n de colaboraci\u00f3n y hermandad con las provincias vecinas de Argentina.<\/p>\n<p dir=\"ltr\" style=\"text-align: justify;\">\u00abCreemos en el trabajo conjunto entre nuestros pa\u00edses, y esperamos que se respeten los acuerdos de integraci\u00f3n y la libre circulaci\u00f3n que han fortalecido la cooperaci\u00f3n en la Patagonia durante d\u00e9cadas\u00bb, concluy\u00f3 Roncagliolo.<\/p>\n<\/div><\/section><\/div><div  style='height:50px' class='hr hr-invisible   avia-builder-el-6  el_after_av_one_full  el_before_av_social_share '><span class='hr-inner ' ><span class='hr-inner-style'><\/span><\/span><\/div><\/p>\n<div  class='av-social-sharing-box  avia-builder-el-7  el_after_av_hr  el_before_av_hr  '><div class='av-share-box'><h5 class='av-share-link-description av-no-toc '>Compartir esta noticia<\/h5><ul class='av-share-box-list noLightbox'><li class='av-share-link av-social-link-facebook' ><a target=\"_blank\" aria-label=\"Compartir en Facebook\" href='https:\/\/www.facebook.com\/sharer.php?u=https:\/\/radiorevelacionfm.cl\/?p=55096&#038;t=Alcalde%20de%20Cisnes%20y%20presidente%20de%20AREMU%2C%20Francisco%20Roncagliolo%2C%20rechaza%20propuesta%20de%20cobro%20a%20camiones%20chilenos%20en%20Ruta%2040' aria-hidden='false' data-av_icon='\ue8f3' data-av_iconfont='entypo-fontello' title='' data-avia-related-tooltip='Compartir en Facebook' rel=\"noopener\"><span class='avia_hidden_link_text'>Compartir en Facebook<\/span><\/a><\/li><li class='av-share-link av-social-link-twitter' ><a target=\"_blank\" aria-label=\"Compartir en Twitter\" href='https:\/\/twitter.com\/share?text=Alcalde%20de%20Cisnes%20y%20presidente%20de%20AREMU%2C%20Francisco%20Roncagliolo%2C%20rechaza%20propuesta%20de%20cobro%20a%20camiones%20chilenos%20en%20Ruta%2040&#038;url=https:\/\/radiorevelacionfm.cl\/?p=55096' aria-hidden='false' data-av_icon='\ue8f1' data-av_iconfont='entypo-fontello' title='' data-avia-related-tooltip='Compartir en Twitter' rel=\"noopener\"><span class='avia_hidden_link_text'>Compartir en Twitter<\/span><\/a><\/li><li class='av-share-link av-social-link-whatsapp' ><a target=\"_blank\" aria-label=\"Compartir en Whatsapp\" href='https:\/\/api.whatsapp.com\/send?text=https:\/\/radiorevelacionfm.cl\/?p=55096' aria-hidden='false' data-av_icon='\uf232' data-av_iconfont='entypo-fontello' title='' data-avia-related-tooltip='Compartir en Whatsapp' rel=\"noopener\"><span class='avia_hidden_link_text'>Compartir en Whatsapp<\/span><\/a><\/li><li class='av-share-link av-social-link-linkedin' ><a target=\"_blank\" aria-label=\"Compartir en LinkedIn\" href='https:\/\/linkedin.com\/shareArticle?mini=true&#038;title=Alcalde%20de%20Cisnes%20y%20presidente%20de%20AREMU%2C%20Francisco%20Roncagliolo%2C%20rechaza%20propuesta%20de%20cobro%20a%20camiones%20chilenos%20en%20Ruta%2040&#038;url=https:\/\/radiorevelacionfm.cl\/?p=55096' aria-hidden='false' data-av_icon='\ue8fc' data-av_iconfont='entypo-fontello' title='' data-avia-related-tooltip='Compartir en LinkedIn' rel=\"noopener\"><span class='avia_hidden_link_text'>Compartir en LinkedIn<\/span><\/a><\/li><li class='av-share-link av-social-link-mail' ><a  aria-label=\"Compartir por correo\" href='mailto:?subject=Alcalde%20de%20Cisnes%20y%20presidente%20de%20AREMU%2C%20Francisco%20Roncagliolo%2C%20rechaza%20propuesta%20de%20cobro%20a%20camiones%20chilenos%20en%20Ruta%2040&#038;body=https:\/\/radiorevelacionfm.cl\/?p=55096' aria-hidden='false' data-av_icon='\ue805' data-av_iconfont='entypo-fontello' title='' data-avia-related-tooltip='Compartir por correo'><span class='avia_hidden_link_text'>Compartir por correo<\/span><\/a><\/li><\/ul><\/div><\/div>\n<div  style='height:50px' class='hr hr-invisible   avia-builder-el-8  el_after_av_social_share  el_before_av_comments_list '><span class='hr-inner ' ><span class='hr-inner-style'><\/span><\/span><\/div>\n<div  class='av-buildercomment  av-blog-meta-html-info-disabled av-blog-meta-tag-disabled  '><\/div>\n","protected":false},"excerpt":{"rendered":"","protected":false},"author":1,"featured_media":55097,"comment_status":"closed","ping_status":"closed","sticky":false,"template":"","format":"standard","meta":{"footnotes":""},"categories":[38],"tags":[],"class_list":["post-55096","post","type-post","status-publish","format-standard","has-post-thumbnail","hentry","category-regional"],"jetpack_featured_media_url":"https:\/\/radiorevelacionfm.cl\/wp-content\/uploads\/2025\/06\/001-4-1-1.jpeg","_links":{"self":[{"href":"https:\/\/radiorevelacionfm.cl\/index.php?rest_route=\/wp\/v2\/posts\/55096","targetHints":{"allow":["GET"]}}],"collection":[{"href":"https:\/\/radiorevelacionfm.cl\/index.php?rest_route=\/wp\/v2\/posts"}],"about":[{"href":"https:\/\/radiorevelacionfm.cl\/index.php?rest_route=\/wp\/v2\/types\/post"}],"author":[{"embeddable":true,"href":"https:\/\/radiorevelacionfm.cl\/index.php?rest_route=\/wp\/v2\/users\/1"}],"replies":[{"embeddable":true,"href":"https:\/\/radiorevelacionfm.cl\/index.php?rest_route=%2Fwp%2Fv2%2Fcomments&post=55096"}],"version-history":[{"count":2,"href":"https:\/\/radiorevelacionfm.cl\/index.php?rest_route=\/wp\/v2\/posts\/55096\/revisions"}],"predecessor-version":[{"id":55108,"href":"https:\/\/radiorevelacionfm.cl\/index.php?rest_route=\/wp\/v2\/posts\/55096\/revisions\/55108"}],"wp:featuredmedia":[{"embeddable":true,"href":"https:\/\/radiorevelacionfm.cl\/index.php?rest_route=\/wp\/v2\/media\/55097"}],"wp:attachment":[{"href":"https:\/\/radiorevelacionfm.cl\/index.php?rest_route=%2Fwp%2Fv2%2Fmedia&parent=55096"}],"wp:term":[{"taxonomy":"category","embeddable":true,"href":"https:\/\/radiorevelacionfm.cl\/index.php?rest_route=%2Fwp%2Fv2%2Fcategories&post=55096"},{"taxonomy":"post_tag","embeddable":true,"href":"https:\/\/radiorevelacionfm.cl\/index.php?rest_route=%2Fwp%2Fv2%2Ftags&post=55096"}],"curies":[{"name":"wp","href":"https:\/\/api.w.org\/{rel}","templated":true}]}}