{"id":55093,"date":"2025-06-11T13:37:53","date_gmt":"2025-06-11T16:37:53","guid":{"rendered":"https:\/\/radiorevelacionfm.cl\/?p=55093"},"modified":"2025-06-11T13:37:53","modified_gmt":"2025-06-11T16:37:53","slug":"mt-0-pdi-detiene-a-imputado-por-trafico-de-cannabis-en-aysen","status":"publish","type":"post","link":"https:\/\/radiorevelacionfm.cl\/?p=55093","title":{"rendered":"MT-0: PDI detiene a imputado por tr\u00e1fico de cannabis en Ays\u00e9n"},"content":{"rendered":"<div class=\"flex_column av_one_full  flex_column_div av-zero-column-padding first  avia-builder-el-0  el_before_av_one_full  avia-builder-el-first  \" style='border-radius:0px; '><div  class='avia-image-container  av-styling-    avia-builder-el-1  avia-builder-el-no-sibling  avia-align-center '  itemprop=\"image\" itemscope=\"itemscope\" itemtype=\"https:\/\/schema.org\/ImageObject\"  ><div class='avia-image-container-inner'><div class='avia-image-overlay-wrap'><img decoding=\"async\" class='wp-image-6368 avia-img-lazy-loading-not-6368 avia_image' src=\"https:\/\/radiorevelacionfm.cl\/wp-content\/uploads\/2021\/07\/PDI_AYSEN-1-1.jpg\" alt='' title='PDI_AYSEN (1) (1)' height=\"600\" width=\"802\"  itemprop=\"thumbnailUrl\" srcset=\"https:\/\/radiorevelacionfm.cl\/wp-content\/uploads\/2021\/07\/PDI_AYSEN-1-1.jpg 802w, https:\/\/radiorevelacionfm.cl\/wp-content\/uploads\/2021\/07\/PDI_AYSEN-1-1-300x224.jpg 300w, https:\/\/radiorevelacionfm.cl\/wp-content\/uploads\/2021\/07\/PDI_AYSEN-1-1-768x575.jpg 768w, https:\/\/radiorevelacionfm.cl\/wp-content\/uploads\/2021\/07\/PDI_AYSEN-1-1-705x527.jpg 705w, https:\/\/radiorevelacionfm.cl\/wp-content\/uploads\/2021\/07\/PDI_AYSEN-1-1-600x449.jpg 600w\" sizes=\"(max-width: 802px) 100vw, 802px\" \/><\/div><\/div><\/div><\/div><div class=\"flex_column av_one_full  flex_column_div av-zero-column-padding first  avia-builder-el-2  el_after_av_one_full  el_before_av_one_full  column-top-margin\" style='border-radius:0px; '><section class=\"av_textblock_section \"  itemscope=\"itemscope\" itemtype=\"https:\/\/schema.org\/BlogPosting\" itemprop=\"blogPost\" ><div class='avia_textblock  '   itemprop=\"text\" ><p style=\"text-align: center;\"><span style=\"font-size: 18pt;\"><strong>MT-0: PDI detiene a imputado por tr\u00e1fico de cannabis en Ays\u00e9n<\/strong><\/span><\/p>\n<div id=\"gtx-trans\" style=\"position: absolute; left: -50px; top: 4.31534px;\">\n<div class=\"gtx-trans-icon\"><\/div>\n<\/div>\n<\/div><\/section><\/div><div class=\"flex_column av_one_full  flex_column_div av-zero-column-padding first  avia-builder-el-4  el_after_av_one_full  el_before_av_hr  column-top-margin\" style='border-radius:0px; '><section class=\"av_textblock_section \"  itemscope=\"itemscope\" itemtype=\"https:\/\/schema.org\/BlogPosting\" itemprop=\"blogPost\" ><div class='avia_textblock  '   itemprop=\"text\" ><p style=\"text-align: justify;\">Detectives del Modelo Territorial Cero (MT-0) de la Brigada de Investigaci\u00f3n Criminal (BICRIM) Ays\u00e9n, en un trabajo coordinado con la Brigada Antinarc\u00f3ticos y Contra el Crimen Organizado Coyhaique, lograron la detenci\u00f3n de un imputado por el delito de tr\u00e1fico de drogas, contemplado en el Art\u00edculo N\u00b03 de la Ley N\u00b020.000, cuyos antecedentes sobre este proceso investigativo fueron informados al Ministerio P\u00fablico.<\/p>\n<p style=\"text-align: justify;\">El subprefecto Claudio Reyes, jefe de la BICRIM Ays\u00e9n, se\u00f1al\u00f3 que, \u201ca ra\u00edz de un trabajo en coordinaci\u00f3n con la Brigada Antinarc\u00f3ticos Coyhaique, se pudo determinar que, en una empresa de transporte en la ciudad de Coyhaique, exist\u00eda una encomienda en cuyo interior manten\u00eda una sustancia dubitada como cannabis\u201d.<\/p>\n<p style=\"text-align: justify;\">De acuerdo a lo informado por el oficial policial, gracias al trabajo de un equipo especializado de la BRIANCO Coyhaique, gu\u00eda junto a su ejemplar canino, se logr\u00f3 ubicar esta encomienda. \u201cCon estos antecedentes se le da cuenta al Ministerio P\u00fablico, quien dispone que se pueda realizar la t\u00e9cnica de la entrega controlada en la ciudad de Ays\u00e9n, la que se materializ\u00f3 el d\u00eda jueves, cerca del mediod\u00eda, deteniendo una persona adulta de sexo masculino de nacionalidad chilena\u201d, agreg\u00f3 el subprefecto Reyes.<\/p>\n<p style=\"text-align: justify;\">El trabajo permiti\u00f3 sacar de circulaci\u00f3n cerca de 100 dosis de cannabis, cuyo aval\u00fao comercial asciende a quinientos mil pesos, aproximadamente, por su venta al menudeo. Adem\u00e1s, el jefe de la BICRIM Ays\u00e9n detall\u00f3 que la sustancia ven\u00eda envuelta y oculta en una caja \u201cpara pasar lo m\u00e1s desapercibida posible\u201d.<\/p>\n<p style=\"text-align: justify;\">El detenido fue puesto a disposici\u00f3n del Juzgado de Garant\u00eda de Ays\u00e9n para su audiencia de control de detenci\u00f3n y formalizaci\u00f3n por parte de la Fiscal\u00eda.<\/p>\n<p style=\"text-align: justify;\">Por otro lado, cabe destacar que, gracias a las diligencias investigativas desarrolladas durante este procedimiento, se logr\u00f3 dar con el paradero de un imputado que manten\u00eda una orden de aprehensi\u00f3n vigente por el delito de tr\u00e1fico de drogas en peque\u00f1as cantidades, quien fue entregado directamente a Gendarmer\u00eda para el cumplimiento efectivo de su pena.<\/p>\n<\/div><\/section><\/div><div  style='height:50px' class='hr hr-invisible   avia-builder-el-6  el_after_av_one_full  el_before_av_social_share '><span class='hr-inner ' ><span class='hr-inner-style'><\/span><\/span><\/div><\/p>\n<div  class='av-social-sharing-box  avia-builder-el-7  el_after_av_hr  el_before_av_hr  '><div class='av-share-box'><h5 class='av-share-link-description av-no-toc '>Compartir esta noticia<\/h5><ul class='av-share-box-list noLightbox'><li class='av-share-link av-social-link-facebook' ><a target=\"_blank\" aria-label=\"Compartir en Facebook\" href='https:\/\/www.facebook.com\/sharer.php?u=https:\/\/radiorevelacionfm.cl\/?p=55093&#038;t=MT-0%3A%20PDI%20detiene%20a%20imputado%20por%20tr%C3%A1fico%20de%20cannabis%20en%20Ays%C3%A9n' aria-hidden='false' data-av_icon='\ue8f3' data-av_iconfont='entypo-fontello' title='' data-avia-related-tooltip='Compartir en Facebook' rel=\"noopener\"><span class='avia_hidden_link_text'>Compartir en Facebook<\/span><\/a><\/li><li class='av-share-link av-social-link-twitter' ><a target=\"_blank\" aria-label=\"Compartir en Twitter\" href='https:\/\/twitter.com\/share?text=MT-0%3A%20PDI%20detiene%20a%20imputado%20por%20tr%C3%A1fico%20de%20cannabis%20en%20Ays%C3%A9n&#038;url=https:\/\/radiorevelacionfm.cl\/?p=55093' aria-hidden='false' data-av_icon='\ue8f1' data-av_iconfont='entypo-fontello' title='' data-avia-related-tooltip='Compartir en Twitter' rel=\"noopener\"><span class='avia_hidden_link_text'>Compartir en Twitter<\/span><\/a><\/li><li class='av-share-link av-social-link-whatsapp' ><a target=\"_blank\" aria-label=\"Compartir en Whatsapp\" href='https:\/\/api.whatsapp.com\/send?text=https:\/\/radiorevelacionfm.cl\/?p=55093' aria-hidden='false' data-av_icon='\uf232' data-av_iconfont='entypo-fontello' title='' data-avia-related-tooltip='Compartir en Whatsapp' rel=\"noopener\"><span class='avia_hidden_link_text'>Compartir en Whatsapp<\/span><\/a><\/li><li class='av-share-link av-social-link-linkedin' ><a target=\"_blank\" aria-label=\"Compartir en LinkedIn\" href='https:\/\/linkedin.com\/shareArticle?mini=true&#038;title=MT-0%3A%20PDI%20detiene%20a%20imputado%20por%20tr%C3%A1fico%20de%20cannabis%20en%20Ays%C3%A9n&#038;url=https:\/\/radiorevelacionfm.cl\/?p=55093' aria-hidden='false' data-av_icon='\ue8fc' data-av_iconfont='entypo-fontello' title='' data-avia-related-tooltip='Compartir en LinkedIn' rel=\"noopener\"><span class='avia_hidden_link_text'>Compartir en LinkedIn<\/span><\/a><\/li><li class='av-share-link av-social-link-mail' ><a  aria-label=\"Compartir por correo\" href='mailto:?subject=MT-0%3A%20PDI%20detiene%20a%20imputado%20por%20tr%C3%A1fico%20de%20cannabis%20en%20Ays%C3%A9n&#038;body=https:\/\/radiorevelacionfm.cl\/?p=55093' aria-hidden='false' data-av_icon='\ue805' data-av_iconfont='entypo-fontello' title='' data-avia-related-tooltip='Compartir por correo'><span class='avia_hidden_link_text'>Compartir por correo<\/span><\/a><\/li><\/ul><\/div><\/div>\n<div  style='height:50px' class='hr hr-invisible   avia-builder-el-8  el_after_av_social_share  el_before_av_comments_list '><span class='hr-inner ' ><span class='hr-inner-style'><\/span><\/span><\/div>\n<div  class='av-buildercomment  av-blog-meta-html-info-disabled av-blog-meta-tag-disabled  '><\/div>\n","protected":false},"excerpt":{"rendered":"","protected":false},"author":1,"featured_media":6368,"comment_status":"closed","ping_status":"closed","sticky":false,"template":"","format":"standard","meta":{"footnotes":""},"categories":[36],"tags":[],"class_list":["post-55093","post","type-post","status-publish","format-standard","has-post-thumbnail","hentry","category-policial"],"jetpack_featured_media_url":"https:\/\/radiorevelacionfm.cl\/wp-content\/uploads\/2021\/07\/PDI_AYSEN-1-1.jpg","_links":{"self":[{"href":"https:\/\/radiorevelacionfm.cl\/index.php?rest_route=\/wp\/v2\/posts\/55093","targetHints":{"allow":["GET"]}}],"collection":[{"href":"https:\/\/radiorevelacionfm.cl\/index.php?rest_route=\/wp\/v2\/posts"}],"about":[{"href":"https:\/\/radiorevelacionfm.cl\/index.php?rest_route=\/wp\/v2\/types\/post"}],"author":[{"embeddable":true,"href":"https:\/\/radiorevelacionfm.cl\/index.php?rest_route=\/wp\/v2\/users\/1"}],"replies":[{"embeddable":true,"href":"https:\/\/radiorevelacionfm.cl\/index.php?rest_route=%2Fwp%2Fv2%2Fcomments&post=55093"}],"version-history":[{"count":2,"href":"https:\/\/radiorevelacionfm.cl\/index.php?rest_route=\/wp\/v2\/posts\/55093\/revisions"}],"predecessor-version":[{"id":55095,"href":"https:\/\/radiorevelacionfm.cl\/index.php?rest_route=\/wp\/v2\/posts\/55093\/revisions\/55095"}],"wp:featuredmedia":[{"embeddable":true,"href":"https:\/\/radiorevelacionfm.cl\/index.php?rest_route=\/wp\/v2\/media\/6368"}],"wp:attachment":[{"href":"https:\/\/radiorevelacionfm.cl\/index.php?rest_route=%2Fwp%2Fv2%2Fmedia&parent=55093"}],"wp:term":[{"taxonomy":"category","embeddable":true,"href":"https:\/\/radiorevelacionfm.cl\/index.php?rest_route=%2Fwp%2Fv2%2Fcategories&post=55093"},{"taxonomy":"post_tag","embeddable":true,"href":"https:\/\/radiorevelacionfm.cl\/index.php?rest_route=%2Fwp%2Fv2%2Ftags&post=55093"}],"curies":[{"name":"wp","href":"https:\/\/api.w.org\/{rel}","templated":true}]}}