{"id":55089,"date":"2025-06-11T09:57:33","date_gmt":"2025-06-11T12:57:33","guid":{"rendered":"https:\/\/radiorevelacionfm.cl\/?p=55089"},"modified":"2025-06-11T09:57:33","modified_gmt":"2025-06-11T12:57:33","slug":"investigadora-del-ciep-trace-gale-participo-en-congreso-internacional-en-vancouver","status":"publish","type":"post","link":"https:\/\/radiorevelacionfm.cl\/?p=55089","title":{"rendered":"Investigadora del CIEP Trace Gale particip\u00f3 en Congreso Internacional en Vancouver"},"content":{"rendered":"<div class=\"flex_column av_one_full  flex_column_div av-zero-column-padding first  avia-builder-el-0  el_before_av_one_full  avia-builder-el-first  \" style='border-radius:0px; '><div  class='avia-image-container  av-styling-    avia-builder-el-1  avia-builder-el-no-sibling  avia-align-center '  itemprop=\"image\" itemscope=\"itemscope\" itemtype=\"https:\/\/schema.org\/ImageObject\"  ><div class='avia-image-container-inner'><div class='avia-image-overlay-wrap'><img decoding=\"async\" class='wp-image-55090 avia-img-lazy-loading-not-55090 avia_image' src=\"https:\/\/radiorevelacionfm.cl\/wp-content\/uploads\/2025\/06\/instalacion-pncc-1-1_optimized.jpeg\" alt='' title='instalacion-pncc-1-(1)_optimized' height=\"600\" width=\"800\"  itemprop=\"thumbnailUrl\" srcset=\"https:\/\/radiorevelacionfm.cl\/wp-content\/uploads\/2025\/06\/instalacion-pncc-1-1_optimized.jpeg 800w, https:\/\/radiorevelacionfm.cl\/wp-content\/uploads\/2025\/06\/instalacion-pncc-1-1_optimized-300x225.jpeg 300w, https:\/\/radiorevelacionfm.cl\/wp-content\/uploads\/2025\/06\/instalacion-pncc-1-1_optimized-768x576.jpeg 768w, https:\/\/radiorevelacionfm.cl\/wp-content\/uploads\/2025\/06\/instalacion-pncc-1-1_optimized-705x529.jpeg 705w, https:\/\/radiorevelacionfm.cl\/wp-content\/uploads\/2025\/06\/instalacion-pncc-1-1_optimized-450x338.jpeg 450w, https:\/\/radiorevelacionfm.cl\/wp-content\/uploads\/2025\/06\/instalacion-pncc-1-1_optimized-600x450.jpeg 600w\" sizes=\"(max-width: 800px) 100vw, 800px\" \/><\/div><\/div><\/div><\/div><div class=\"flex_column av_one_full  flex_column_div av-zero-column-padding first  avia-builder-el-2  el_after_av_one_full  el_before_av_one_full  column-top-margin\" style='border-radius:0px; '><section class=\"av_textblock_section \"  itemscope=\"itemscope\" itemtype=\"https:\/\/schema.org\/BlogPosting\" itemprop=\"blogPost\" ><div class='avia_textblock  '   itemprop=\"text\" ><div class=\"v1elementToProof\" style=\"text-align: center;\"><span style=\"font-size: 18pt;\"><b>Investigadora del CIEP Trace Gale particip\u00f3\u00a0<\/b><b>en Congreso Internacional en Vancouver<\/b><\/span><\/div>\n<div id=\"gtx-trans\" style=\"position: absolute; left: -50px; top: 4.31534px;\">\n<div class=\"gtx-trans-icon\"><\/div>\n<\/div>\n<\/div><\/section><\/div><div class=\"flex_column av_one_full  flex_column_div av-zero-column-padding first  avia-builder-el-4  el_after_av_one_full  el_before_av_hr  column-top-margin\" style='border-radius:0px; '><section class=\"av_textblock_section \"  itemscope=\"itemscope\" itemtype=\"https:\/\/schema.org\/BlogPosting\" itemprop=\"blogPost\" ><div class='avia_textblock  '   itemprop=\"text\" ><div class=\"v1elementToProof\" style=\"text-align: justify;\"><em>En el encuentro, se present\u00f3 un estudio basado en la compatibilidad de la conservaci\u00f3n y el desarrollo territorial en la Patagonia Ays\u00e9n.<\/em><\/div>\n<div style=\"text-align: justify;\"><\/div>\n<div class=\"v1elementToProof\" style=\"text-align: justify;\">La Dra. Trace Gale, investigadora residente del Centro de Investigaci\u00f3n en Ecosistemas de la Patagonia (CIEP), represent\u00f3 a Chile y la Regi\u00f3n de Ays\u00e9n en la reciente conferencia anual de la Asociaci\u00f3n Internacional para la Sociedad y los Recursos Naturales (IASNR), realizada esta semana, en Vancouver, Canad\u00e1, presentando una in\u00e9dita investigaci\u00f3n sobre sostenibilidad territorial centrada en Cerro Castillo.<\/div>\n<div class=\"v1elementToProof\" style=\"text-align: justify;\">El encuentro cient\u00edfico anual, re\u00fane a expertos globales para discutir la gesti\u00f3n sostenible de recursos naturales desde perspectivas locales hasta globales, abordando los problemas ambientales, los procesos colaborativos entre las partes interesadas y los impactos sociales de la gesti\u00f3n de los recursos naturales, espacio en que la Dra. Gale expuso el proyecto \u00abModelos de Transici\u00f3n Territorial Sostenible en Zonas Aleda\u00f1as a \u00c1reas Protegidas\u00bb, financiado por ANID-FondeCyT.<\/div>\n<div class=\"v1elementToProof\" style=\"text-align: justify;\">La investigaci\u00f3n, surge porque territorios rurales alrededor de \u00e1reas protegidas est\u00e1n siendo divididos r\u00e1pidamente en parcelas m\u00e1s peque\u00f1as, y busca desarrollar la econom\u00eda local y mejorar servicios b\u00e1sicos para comunidades rurales alrededor del Parque Nacional Cerro Castillo, mientras protege la naturaleza y mantiene la cohesi\u00f3n social.<\/div>\n<div class=\"v1elementToProof\" style=\"text-align: justify;\">\u00a0\u00abComo ingeniera comercial, doctorada en ciencias forestales y especializada en sostenibilidad, entiendo que los territorios rurales enfrentan m\u00faltiples presiones y oportunidades. Durante tres a\u00f1os, nuestro equipo trabaj\u00f3 colaborativamente en terreno con m\u00e1s de 640 propietarios y 23 expertos alrededor del Parque Nacional Cerro Castillo. Lo que present\u00e9 en Vancouver fueron historias reales de personas que buscan equilibrar desarrollo econ\u00f3mico con conservaci\u00f3n. Logramos algo excepcional: un 72% de consenso entre actores diversos, demostrando que s\u00ed es posible encontrar soluciones que beneficien tanto a las comunidades como al medio ambiente\u00bb, puntualiz\u00f3 la investigadora Trace Gale del Centro de Investigaci\u00f3n CIEP, quien adem\u00e1s es miembro del Consejo Ejecutivo de IASNR y editora asociada de la revista indexada \u00ab<i>Society and Natural Resources<\/i>\u00ab.<\/div>\n<div class=\"v1elementToProof\" style=\"text-align: justify;\">De ah\u00ed la relevancia de exponer detalles en el IASNR, un foro donde investigaciones de vanguardia participan en debates productivos, centrados en la gesti\u00f3n sostenible de los recursos naturales.<\/div>\n<div class=\"v1elementToProof\" style=\"text-align: justify;\"><\/div>\n<div style=\"text-align: justify;\"><\/div>\n<div class=\"v1elementToProof\" style=\"text-align: justify;\"><b>SISTEMAS INTERCONECTADOS<\/b><\/div>\n<div class=\"v1elementToProof\" style=\"text-align: justify;\"><\/div>\n<div class=\"v1elementToProof\" style=\"text-align: justify;\">La Dra. en Ciencias Forestales Trace Gale, quien en abril de este a\u00f1o recibi\u00f3 el premio \u00abMujeres ejemplares de la Patagonia &#8211; categor\u00eda Investigaci\u00f3n\u00bb, de parte de El Gran Calafate; por su destaca labor y aportes en beneficio de la regi\u00f3n; coment\u00f3 adem\u00e1s sobre la oportunidad para las pol\u00edticas p\u00fablicas que implica el estudio realizado.<\/div>\n<div class=\"v1elementToProof\" style=\"text-align: justify;\">\u00abEsta investigaci\u00f3n lleg\u00f3 en el momento perfecto. Con la nueva Ley SBAP -reci\u00e9n aprobada- y su reglamentaci\u00f3n en desarrollo, tenemos una ventana \u00fanica para influir en pol\u00edticas basadas en evidencia cient\u00edfica s\u00f3lida. Nuestro estudio demostr\u00f3 que el 100% de los expertos reconoce que las \u00e1reas protegidas y tierras privadas son sistemas interconectados, pero tambi\u00e9n que no existen marcos legales para manejar esta interdependencia. Ahora tenemos las herramientas para cambiar eso\u00bb, proyect\u00f3 Gale.<\/div>\n<div class=\"v1elementToProof\" style=\"text-align: justify;\">En este sentido, el Marco de Biodiversidad Global de Kunming-Montreal (GBF), adoptado en diciembre de 2022, enfatiz\u00f3 precisamente en la necesidad de un cambio transformador en la conservaci\u00f3n de la biodiversidad, que se extiende m\u00e1s all\u00e1\u0301 de \u00c1reas Silvestres Protegidas (ASP) e incluye paisajes circundantes. Y es que para la investigadora, en el futuro, la conservaci\u00f3n debe estar integrada en nuestros valores y comportamientos diarios, sin importar d\u00f3nde estemos -ya sea en un parque o reserva, una plaza urbana o incluso en nuestro propio terreno o patio- hay maneras de relacionarse con la naturaleza que todos pueden adoptar en sus vidas para asegurar que nuestros hijos y nietos tengan un mundo donde la naturaleza permanezca sana y capaz de brindar sus beneficios.<\/div>\n<div class=\"v1elementToProof\" style=\"text-align: justify;\">\u00a0Por ello, el trabajo realizado desde el centro de investigaci\u00f3n CIEP, se centra en las interacciones entre las comunidades locales y los propietarios de tierras cercanas al Parque Nacional Cerro Castillo en la Regi\u00f3n de Ays\u00e9n, explorando si las pr\u00e1cticas individuales mejoran o comprometen los resultados de conservaci\u00f3n.<\/div>\n<div class=\"v1elementToProof\" style=\"text-align: justify;\">Entre las tem\u00e1ticas investigadas est\u00e1n la Gobernanza ideal de la conservaci\u00f3n, Servicios ecosist\u00e9micos, Impactos de las transiciones en el uso de la tierra, y Estrategias para el desarrollo sostenible en la zona de interfaz. De esta manera se busca contribuir a la comprensi\u00f3n de din\u00e1micas socioambientales complejas y resaltar la importancia del conocimiento local, para formular estrategias de conservaci\u00f3n eficaces en zonas rurales adyacentes a tierras protegidas.<\/div>\n<div class=\"v1elementToProof\" style=\"text-align: justify;\">\u00a0As\u00ed, el trabajo liderado por la Dra. Gale, que cont\u00f3 con la colaboraci\u00f3n de la Dra. Andrea B\u00e1ez-Montenegro y Emilia Astorga, involucr\u00f3 tres rondas de consulta estructurada (2022-2023) con investigadores universitarios, funcionarios gubernamentales, organizaciones civiles y sector privado; y que fueron parte de las primeras sesiones del Congreso IASNR, que comenz\u00f3 este lunes en Vancouver.<\/div>\n<\/div><\/section><\/div><div  style='height:50px' class='hr hr-invisible   avia-builder-el-6  el_after_av_one_full  el_before_av_social_share '><span class='hr-inner ' ><span class='hr-inner-style'><\/span><\/span><\/div><\/p>\n<div  class='av-social-sharing-box  avia-builder-el-7  el_after_av_hr  el_before_av_hr  '><div class='av-share-box'><h5 class='av-share-link-description av-no-toc '>Compartir esta noticia<\/h5><ul class='av-share-box-list noLightbox'><li class='av-share-link av-social-link-facebook' ><a target=\"_blank\" aria-label=\"Compartir en Facebook\" href='https:\/\/www.facebook.com\/sharer.php?u=https:\/\/radiorevelacionfm.cl\/?p=55089&#038;t=Investigadora%20del%20CIEP%20Trace%20Gale%20particip%C3%B3%20en%20Congreso%20Internacional%20en%20Vancouver' aria-hidden='false' data-av_icon='\ue8f3' data-av_iconfont='entypo-fontello' title='' data-avia-related-tooltip='Compartir en Facebook' rel=\"noopener\"><span class='avia_hidden_link_text'>Compartir en Facebook<\/span><\/a><\/li><li class='av-share-link av-social-link-twitter' ><a target=\"_blank\" aria-label=\"Compartir en Twitter\" href='https:\/\/twitter.com\/share?text=Investigadora%20del%20CIEP%20Trace%20Gale%20particip%C3%B3%20en%20Congreso%20Internacional%20en%20Vancouver&#038;url=https:\/\/radiorevelacionfm.cl\/?p=55089' aria-hidden='false' data-av_icon='\ue8f1' data-av_iconfont='entypo-fontello' title='' data-avia-related-tooltip='Compartir en Twitter' rel=\"noopener\"><span class='avia_hidden_link_text'>Compartir en Twitter<\/span><\/a><\/li><li class='av-share-link av-social-link-whatsapp' ><a target=\"_blank\" aria-label=\"Compartir en Whatsapp\" href='https:\/\/api.whatsapp.com\/send?text=https:\/\/radiorevelacionfm.cl\/?p=55089' aria-hidden='false' data-av_icon='\uf232' data-av_iconfont='entypo-fontello' title='' data-avia-related-tooltip='Compartir en Whatsapp' rel=\"noopener\"><span class='avia_hidden_link_text'>Compartir en Whatsapp<\/span><\/a><\/li><li class='av-share-link av-social-link-linkedin' ><a target=\"_blank\" aria-label=\"Compartir en LinkedIn\" href='https:\/\/linkedin.com\/shareArticle?mini=true&#038;title=Investigadora%20del%20CIEP%20Trace%20Gale%20particip%C3%B3%20en%20Congreso%20Internacional%20en%20Vancouver&#038;url=https:\/\/radiorevelacionfm.cl\/?p=55089' aria-hidden='false' data-av_icon='\ue8fc' data-av_iconfont='entypo-fontello' title='' data-avia-related-tooltip='Compartir en LinkedIn' rel=\"noopener\"><span class='avia_hidden_link_text'>Compartir en LinkedIn<\/span><\/a><\/li><li class='av-share-link av-social-link-mail' ><a  aria-label=\"Compartir por correo\" href='mailto:?subject=Investigadora%20del%20CIEP%20Trace%20Gale%20particip%C3%B3%20en%20Congreso%20Internacional%20en%20Vancouver&#038;body=https:\/\/radiorevelacionfm.cl\/?p=55089' aria-hidden='false' data-av_icon='\ue805' data-av_iconfont='entypo-fontello' title='' data-avia-related-tooltip='Compartir por correo'><span class='avia_hidden_link_text'>Compartir por correo<\/span><\/a><\/li><\/ul><\/div><\/div>\n<div  style='height:50px' class='hr hr-invisible   avia-builder-el-8  el_after_av_social_share  el_before_av_comments_list '><span class='hr-inner ' ><span class='hr-inner-style'><\/span><\/span><\/div>\n<div  class='av-buildercomment  av-blog-meta-html-info-disabled av-blog-meta-tag-disabled  '><\/div>\n","protected":false},"excerpt":{"rendered":"","protected":false},"author":1,"featured_media":55090,"comment_status":"closed","ping_status":"closed","sticky":false,"template":"","format":"standard","meta":{"footnotes":""},"categories":[39],"tags":[],"class_list":["post-55089","post","type-post","status-publish","format-standard","has-post-thumbnail","hentry","category-medio-ambiente"],"jetpack_featured_media_url":"https:\/\/radiorevelacionfm.cl\/wp-content\/uploads\/2025\/06\/instalacion-pncc-1-1_optimized.jpeg","_links":{"self":[{"href":"https:\/\/radiorevelacionfm.cl\/index.php?rest_route=\/wp\/v2\/posts\/55089","targetHints":{"allow":["GET"]}}],"collection":[{"href":"https:\/\/radiorevelacionfm.cl\/index.php?rest_route=\/wp\/v2\/posts"}],"about":[{"href":"https:\/\/radiorevelacionfm.cl\/index.php?rest_route=\/wp\/v2\/types\/post"}],"author":[{"embeddable":true,"href":"https:\/\/radiorevelacionfm.cl\/index.php?rest_route=\/wp\/v2\/users\/1"}],"replies":[{"embeddable":true,"href":"https:\/\/radiorevelacionfm.cl\/index.php?rest_route=%2Fwp%2Fv2%2Fcomments&post=55089"}],"version-history":[{"count":2,"href":"https:\/\/radiorevelacionfm.cl\/index.php?rest_route=\/wp\/v2\/posts\/55089\/revisions"}],"predecessor-version":[{"id":55092,"href":"https:\/\/radiorevelacionfm.cl\/index.php?rest_route=\/wp\/v2\/posts\/55089\/revisions\/55092"}],"wp:featuredmedia":[{"embeddable":true,"href":"https:\/\/radiorevelacionfm.cl\/index.php?rest_route=\/wp\/v2\/media\/55090"}],"wp:attachment":[{"href":"https:\/\/radiorevelacionfm.cl\/index.php?rest_route=%2Fwp%2Fv2%2Fmedia&parent=55089"}],"wp:term":[{"taxonomy":"category","embeddable":true,"href":"https:\/\/radiorevelacionfm.cl\/index.php?rest_route=%2Fwp%2Fv2%2Fcategories&post=55089"},{"taxonomy":"post_tag","embeddable":true,"href":"https:\/\/radiorevelacionfm.cl\/index.php?rest_route=%2Fwp%2Fv2%2Ftags&post=55089"}],"curies":[{"name":"wp","href":"https:\/\/api.w.org\/{rel}","templated":true}]}}