{"id":55078,"date":"2025-06-10T20:07:04","date_gmt":"2025-06-10T23:07:04","guid":{"rendered":"https:\/\/radiorevelacionfm.cl\/?p=55078"},"modified":"2025-06-10T20:07:04","modified_gmt":"2025-06-10T23:07:04","slug":"personas-beneficiarias-de-leyes-de-reparacion-de-82-o-mas-anos-ya-pueden-solicitar-la-pgu","status":"publish","type":"post","link":"https:\/\/radiorevelacionfm.cl\/?p=55078","title":{"rendered":"Personas beneficiarias de leyes de reparaci\u00f3n de 82 o m\u00e1s a\u00f1os  ya pueden solicitar la PGU"},"content":{"rendered":"<div class=\"flex_column av_one_full  flex_column_div av-zero-column-padding first  avia-builder-el-0  el_before_av_one_full  avia-builder-el-first  \" style='border-radius:0px; '><div  class='avia-image-container  av-styling-    avia-builder-el-1  avia-builder-el-no-sibling  avia-align-center '  itemprop=\"image\" itemscope=\"itemscope\" itemtype=\"https:\/\/schema.org\/ImageObject\"  ><div class='avia-image-container-inner'><div class='avia-image-overlay-wrap'><img decoding=\"async\" class='wp-image-55079 avia-img-lazy-loading-not-55079 avia_image' src=\"https:\/\/radiorevelacionfm.cl\/wp-content\/uploads\/2025\/06\/DIR-REG-IPS_SEREMIS-TRAB-Y-PREV-SOC-1.jpg\" alt='' title='DIR REG IPS_SEREMI(S) TRAB Y PREV SOC (1)' height=\"600\" width=\"912\"  itemprop=\"thumbnailUrl\" srcset=\"https:\/\/radiorevelacionfm.cl\/wp-content\/uploads\/2025\/06\/DIR-REG-IPS_SEREMIS-TRAB-Y-PREV-SOC-1.jpg 912w, https:\/\/radiorevelacionfm.cl\/wp-content\/uploads\/2025\/06\/DIR-REG-IPS_SEREMIS-TRAB-Y-PREV-SOC-1-300x197.jpg 300w, https:\/\/radiorevelacionfm.cl\/wp-content\/uploads\/2025\/06\/DIR-REG-IPS_SEREMIS-TRAB-Y-PREV-SOC-1-768x505.jpg 768w, https:\/\/radiorevelacionfm.cl\/wp-content\/uploads\/2025\/06\/DIR-REG-IPS_SEREMIS-TRAB-Y-PREV-SOC-1-705x464.jpg 705w, https:\/\/radiorevelacionfm.cl\/wp-content\/uploads\/2025\/06\/DIR-REG-IPS_SEREMIS-TRAB-Y-PREV-SOC-1-450x296.jpg 450w, https:\/\/radiorevelacionfm.cl\/wp-content\/uploads\/2025\/06\/DIR-REG-IPS_SEREMIS-TRAB-Y-PREV-SOC-1-600x395.jpg 600w\" sizes=\"(max-width: 912px) 100vw, 912px\" \/><\/div><\/div><\/div><\/div><div class=\"flex_column av_one_full  flex_column_div av-zero-column-padding first  avia-builder-el-2  el_after_av_one_full  el_before_av_one_full  column-top-margin\" style='border-radius:0px; '><section class=\"av_textblock_section \"  itemscope=\"itemscope\" itemtype=\"https:\/\/schema.org\/BlogPosting\" itemprop=\"blogPost\" ><div class='avia_textblock  '   itemprop=\"text\" ><p style=\"text-align: center;\"><span style=\"font-size: 18pt;\"><strong>Personas beneficiarias de leyes de reparaci\u00f3n de 82 o m\u00e1s a\u00f1os\u00a0<\/strong><strong>ya pueden solicitar la PGU<\/strong><\/span><\/p>\n<div id=\"gtx-trans\" style=\"position: absolute; left: -50px; top: 4.31534px;\">\n<div class=\"gtx-trans-icon\"><\/div>\n<\/div>\n<\/div><\/section><\/div><div class=\"flex_column av_one_full  flex_column_div av-zero-column-padding first  avia-builder-el-4  el_after_av_one_full  el_before_av_hr  column-top-margin\" style='border-radius:0px; '><section class=\"av_textblock_section \"  itemscope=\"itemscope\" itemtype=\"https:\/\/schema.org\/BlogPosting\" itemprop=\"blogPost\" ><div class='avia_textblock  '   itemprop=\"text\" ><p style=\"text-align: justify;\"><em>Con <\/em><em>la nueva Reforma de Pensiones, las personas de 82 y m\u00e1s a\u00f1os con una pensi\u00f3n de reparaci\u00f3n o de gracia pueden ingresar la solicitud de la PGU desde este mes de junio, para recibir su pago a partir septiembre, si cumplen todos los requisitos. <\/em><\/p>\n<p style=\"text-align: justify;\"><em>\u00a0<\/em><em>Las solicitudes se realizan en www.chileatiende.cl o en sucursales IPS ChileAtiende.<\/em><\/p>\n<p style=\"text-align: justify;\"><strong><em>\u00a0<\/em><\/strong>El Instituto de Previsi\u00f3n Social (IPS) y la Seremi del Trabajo y Previsi\u00f3n Social realizaron un llamado a las personas beneficiarias de leyes de reparaci\u00f3n y pensiones de gracia que, <strong>al 1 de septiembre de 2025, <\/strong>tendr\u00e1n <strong>82 a\u00f1os o m\u00e1s para acercarse desde ya a las sucursales IPS ChileAtiende de la regi\u00f3n e ingresar su solicitud de Pensi\u00f3n Garantizada Universal (PGU).<\/strong><\/p>\n<p style=\"text-align: justify;\"><strong>\u00a0<\/strong>La invitaci\u00f3n fue hecha por el seremi (S) de la mencionada cartera, Christian Aros Troncoso, y el director regional del IPS, Rodrigo D\u00edaz Cordaro.<\/p>\n<p style=\"text-align: justify;\">Este \u00faltimo hizo destac\u00f3 el avance que ha significado la Reforma de Pensiones, particularmente con esta modificaci\u00f3n, que ampl\u00eda el n\u00famero de beneficiarios de la Pensi\u00f3n Garantizada Universal, haciendo hincapi\u00e9 en que pensionados y pensionadas de leyes de reparaci\u00f3n, de 82 a\u00f1os y m\u00e1s,\u00a0 pueden ya acercarse a las oficinas del IPS para \u00a0solicitar este beneficio, adelantando as\u00ed los tr\u00e1mites. \u201cDesde este mes de junio, pueden ingresar su solicitud de Pensi\u00f3n Garantizada Universal (PGU). Esto permitir\u00e1 evaluar con anticipaci\u00f3n sus antecedentes -de acuerdo con lo instruido por la Superintendencia de Pensiones- para que reciban su pago en septiembre si cumplen con los requisitos se\u00f1alados\u201d, indic\u00f3 la autoridad regional del Instituto de Previsi\u00f3n Social.<\/p>\n<p style=\"text-align: justify;\">\u201cY los invitamos a que se acerquen a las oficinas del Instituto de Previsi\u00f3n Social con su red ChileAtiende, para acceder y postular a este beneficio\u201d, a\u00f1adi\u00f3.<\/p>\n<p style=\"text-align: justify;\">Por su parte, el seremi (S) Christian Aros, \u00a0destac\u00f3 el avance que implica este beneficio que ha tra\u00eddo la Reforma de Pensiones. \u201cHasta hoy, la mayor parte de quienes reciben beneficios de reparaci\u00f3n no tienen la PGU. S\u00f3lo acceden a una parte de ella, en muy pocos casos, s\u00f3lo cuando su pensi\u00f3n de reparaci\u00f3n; es decir, Exonerados, Valech o Rettig, o de gracia, es menor al monto m\u00e1ximo de la PGU. La buena noticia es que, desde ahora, con la Ley N\u00b0 21.735, que crea un nuevo sistema mixto de pensiones y seguro social, si cumplen con todos los requisitos podr\u00e1n recibir el monto completo del beneficio, es decir, $250.000 mensuales, seg\u00fan un calendario por tramos de edad\u201d, explic\u00f3 la autoridad.<\/p>\n<p style=\"text-align: justify;\">Cabe recordar, adem\u00e1s, que en el mismo mes de septiembre la PGU subir\u00e1 a $250.000 para <strong>todas las personas de 82 o m\u00e1s a\u00f1os que ya la est\u00e9n recibiendo<\/strong>. Esto, de manera autom\u00e1tica, sin necesidad de realizar una solicitud. \u00a0Para los dem\u00e1s grupos de edad, hay un calendario que culmina el 2027.<\/p>\n<p style=\"text-align: justify;\">En la regi\u00f3n de Ays\u00e9n, son cinco las sucursales IPS ChileAtiende a las que pueden acercarse para realizar consultas o directamente la solicitud de la PGU, y se encuentran ubicadas en Puerto Cisnes, Puerto Ays\u00e9n, Coyhaique, Chile Chico y Cochrane.<\/p>\n<p style=\"text-align: justify;\">Tambi\u00e9n pueden realizar su solicitud de PGU, a trav\u00e9s de cualquiera de los nueve Puntos de Atenci\u00f3n Virtual Municipal implementados a lo largo del territorio regional y que podr\u00e1n encontrar en: Villa O\u2019Higgins, Tortel, Puerto R\u00edo Tranquilo, Villa La Tapera, Guaitecas, Islas Huichas, Puerto Cisnes (Rebalse), Puyuhuapi y La junta.<\/p>\n<p style=\"text-align: justify;\">Para mayor orientaci\u00f3n, se puede llamar al tel\u00e9fono <strong>101<\/strong>, al <strong>600 440 0040<\/strong> o escribir a las redes sociales <strong>@ChileAtiende<\/strong> en X, Facebook e Instagram.<\/p>\n<\/div><\/section><\/div><div  style='height:50px' class='hr hr-invisible   avia-builder-el-6  el_after_av_one_full  el_before_av_social_share '><span class='hr-inner ' ><span class='hr-inner-style'><\/span><\/span><\/div><\/p>\n<div  class='av-social-sharing-box  avia-builder-el-7  el_after_av_hr  el_before_av_hr  '><div class='av-share-box'><h5 class='av-share-link-description av-no-toc '>Compartir esta noticia<\/h5><ul class='av-share-box-list noLightbox'><li class='av-share-link av-social-link-facebook' ><a target=\"_blank\" aria-label=\"Compartir en Facebook\" href='https:\/\/www.facebook.com\/sharer.php?u=https:\/\/radiorevelacionfm.cl\/?p=55078&#038;t=Personas%20beneficiarias%20de%20leyes%20de%20reparaci%C3%B3n%20de%2082%20o%20m%C3%A1s%20a%C3%B1os%20%20ya%20pueden%20solicitar%20la%20PGU' aria-hidden='false' data-av_icon='\ue8f3' data-av_iconfont='entypo-fontello' title='' data-avia-related-tooltip='Compartir en Facebook' rel=\"noopener\"><span class='avia_hidden_link_text'>Compartir en Facebook<\/span><\/a><\/li><li class='av-share-link av-social-link-twitter' ><a target=\"_blank\" aria-label=\"Compartir en Twitter\" href='https:\/\/twitter.com\/share?text=Personas%20beneficiarias%20de%20leyes%20de%20reparaci%C3%B3n%20de%2082%20o%20m%C3%A1s%20a%C3%B1os%20%20ya%20pueden%20solicitar%20la%20PGU&#038;url=https:\/\/radiorevelacionfm.cl\/?p=55078' aria-hidden='false' data-av_icon='\ue8f1' data-av_iconfont='entypo-fontello' title='' data-avia-related-tooltip='Compartir en Twitter' rel=\"noopener\"><span class='avia_hidden_link_text'>Compartir en Twitter<\/span><\/a><\/li><li class='av-share-link av-social-link-whatsapp' ><a target=\"_blank\" aria-label=\"Compartir en Whatsapp\" href='https:\/\/api.whatsapp.com\/send?text=https:\/\/radiorevelacionfm.cl\/?p=55078' aria-hidden='false' data-av_icon='\uf232' data-av_iconfont='entypo-fontello' title='' data-avia-related-tooltip='Compartir en Whatsapp' rel=\"noopener\"><span class='avia_hidden_link_text'>Compartir en Whatsapp<\/span><\/a><\/li><li class='av-share-link av-social-link-linkedin' ><a target=\"_blank\" aria-label=\"Compartir en LinkedIn\" href='https:\/\/linkedin.com\/shareArticle?mini=true&#038;title=Personas%20beneficiarias%20de%20leyes%20de%20reparaci%C3%B3n%20de%2082%20o%20m%C3%A1s%20a%C3%B1os%20%20ya%20pueden%20solicitar%20la%20PGU&#038;url=https:\/\/radiorevelacionfm.cl\/?p=55078' aria-hidden='false' data-av_icon='\ue8fc' data-av_iconfont='entypo-fontello' title='' data-avia-related-tooltip='Compartir en LinkedIn' rel=\"noopener\"><span class='avia_hidden_link_text'>Compartir en LinkedIn<\/span><\/a><\/li><li class='av-share-link av-social-link-mail' ><a  aria-label=\"Compartir por correo\" href='mailto:?subject=Personas%20beneficiarias%20de%20leyes%20de%20reparaci%C3%B3n%20de%2082%20o%20m%C3%A1s%20a%C3%B1os%20%20ya%20pueden%20solicitar%20la%20PGU&#038;body=https:\/\/radiorevelacionfm.cl\/?p=55078' aria-hidden='false' data-av_icon='\ue805' data-av_iconfont='entypo-fontello' title='' data-avia-related-tooltip='Compartir por correo'><span class='avia_hidden_link_text'>Compartir por correo<\/span><\/a><\/li><\/ul><\/div><\/div>\n<div  style='height:50px' class='hr hr-invisible   avia-builder-el-8  el_after_av_social_share  el_before_av_comments_list '><span class='hr-inner ' ><span class='hr-inner-style'><\/span><\/span><\/div>\n<div  class='av-buildercomment  av-blog-meta-html-info-disabled av-blog-meta-tag-disabled  '><\/div>\n","protected":false},"excerpt":{"rendered":"","protected":false},"author":1,"featured_media":55079,"comment_status":"closed","ping_status":"closed","sticky":false,"template":"","format":"standard","meta":{"footnotes":""},"categories":[62],"tags":[],"class_list":["post-55078","post","type-post","status-publish","format-standard","has-post-thumbnail","hentry","category-social"],"jetpack_featured_media_url":"https:\/\/radiorevelacionfm.cl\/wp-content\/uploads\/2025\/06\/DIR-REG-IPS_SEREMIS-TRAB-Y-PREV-SOC-1.jpg","_links":{"self":[{"href":"https:\/\/radiorevelacionfm.cl\/index.php?rest_route=\/wp\/v2\/posts\/55078","targetHints":{"allow":["GET"]}}],"collection":[{"href":"https:\/\/radiorevelacionfm.cl\/index.php?rest_route=\/wp\/v2\/posts"}],"about":[{"href":"https:\/\/radiorevelacionfm.cl\/index.php?rest_route=\/wp\/v2\/types\/post"}],"author":[{"embeddable":true,"href":"https:\/\/radiorevelacionfm.cl\/index.php?rest_route=\/wp\/v2\/users\/1"}],"replies":[{"embeddable":true,"href":"https:\/\/radiorevelacionfm.cl\/index.php?rest_route=%2Fwp%2Fv2%2Fcomments&post=55078"}],"version-history":[{"count":2,"href":"https:\/\/radiorevelacionfm.cl\/index.php?rest_route=\/wp\/v2\/posts\/55078\/revisions"}],"predecessor-version":[{"id":55087,"href":"https:\/\/radiorevelacionfm.cl\/index.php?rest_route=\/wp\/v2\/posts\/55078\/revisions\/55087"}],"wp:featuredmedia":[{"embeddable":true,"href":"https:\/\/radiorevelacionfm.cl\/index.php?rest_route=\/wp\/v2\/media\/55079"}],"wp:attachment":[{"href":"https:\/\/radiorevelacionfm.cl\/index.php?rest_route=%2Fwp%2Fv2%2Fmedia&parent=55078"}],"wp:term":[{"taxonomy":"category","embeddable":true,"href":"https:\/\/radiorevelacionfm.cl\/index.php?rest_route=%2Fwp%2Fv2%2Fcategories&post=55078"},{"taxonomy":"post_tag","embeddable":true,"href":"https:\/\/radiorevelacionfm.cl\/index.php?rest_route=%2Fwp%2Fv2%2Ftags&post=55078"}],"curies":[{"name":"wp","href":"https:\/\/api.w.org\/{rel}","templated":true}]}}