{"id":55075,"date":"2025-06-10T19:44:51","date_gmt":"2025-06-10T22:44:51","guid":{"rendered":"https:\/\/radiorevelacionfm.cl\/?p=55075"},"modified":"2025-06-10T19:44:51","modified_gmt":"2025-06-10T22:44:51","slug":"realizan-reunion-de-la-comision-del-tribunal-de-tratamiento-de-drogas-y-alcohol-ttd","status":"publish","type":"post","link":"https:\/\/radiorevelacionfm.cl\/?p=55075","title":{"rendered":"Realizan reuni\u00f3n de la comisi\u00f3n del Tribunal de Tratamiento de Drogas y Alcohol (TTD)"},"content":{"rendered":"<div class=\"flex_column av_one_full  flex_column_div av-zero-column-padding first  avia-builder-el-0  el_before_av_one_full  avia-builder-el-first  \" style='border-radius:0px; '><div  class='avia-image-container  av-styling-    avia-builder-el-1  avia-builder-el-no-sibling  avia-align-center '  itemprop=\"image\" itemscope=\"itemscope\" itemtype=\"https:\/\/schema.org\/ImageObject\"  ><div class='avia-image-container-inner'><div class='avia-image-overlay-wrap'><img decoding=\"async\" class='wp-image-55076 avia-img-lazy-loading-not-55076 avia_image' src=\"https:\/\/radiorevelacionfm.cl\/wp-content\/uploads\/2025\/06\/TTD-2-2-1-1.jpg\" alt='' title='TTD 2 (2) (1) (1)' height=\"600\" width=\"800\"  itemprop=\"thumbnailUrl\" srcset=\"https:\/\/radiorevelacionfm.cl\/wp-content\/uploads\/2025\/06\/TTD-2-2-1-1.jpg 800w, https:\/\/radiorevelacionfm.cl\/wp-content\/uploads\/2025\/06\/TTD-2-2-1-1-300x225.jpg 300w, https:\/\/radiorevelacionfm.cl\/wp-content\/uploads\/2025\/06\/TTD-2-2-1-1-768x576.jpg 768w, https:\/\/radiorevelacionfm.cl\/wp-content\/uploads\/2025\/06\/TTD-2-2-1-1-705x529.jpg 705w, https:\/\/radiorevelacionfm.cl\/wp-content\/uploads\/2025\/06\/TTD-2-2-1-1-450x338.jpg 450w, https:\/\/radiorevelacionfm.cl\/wp-content\/uploads\/2025\/06\/TTD-2-2-1-1-600x450.jpg 600w\" sizes=\"(max-width: 800px) 100vw, 800px\" \/><\/div><\/div><\/div><\/div><div class=\"flex_column av_one_full  flex_column_div av-zero-column-padding first  avia-builder-el-2  el_after_av_one_full  el_before_av_one_full  column-top-margin\" style='border-radius:0px; '><section class=\"av_textblock_section \"  itemscope=\"itemscope\" itemtype=\"https:\/\/schema.org\/BlogPosting\" itemprop=\"blogPost\" ><div class='avia_textblock  '   itemprop=\"text\" ><p style=\"text-align: center;\"><span style=\"font-size: 18pt;\"><strong>Realizan reuni\u00f3n de la comisi\u00f3n del Tribunal de Tratamiento de Drogas y Alcohol (TTD) <\/strong><\/span><\/p>\n<div id=\"gtx-trans\" style=\"position: absolute; left: -50px; top: 4.31534px;\">\n<div class=\"gtx-trans-icon\"><\/div>\n<\/div>\n<\/div><\/section><\/div><div class=\"flex_column av_one_full  flex_column_div av-zero-column-padding first  avia-builder-el-4  el_after_av_one_full  el_before_av_hr  column-top-margin\" style='border-radius:0px; '><section class=\"av_textblock_section \"  itemscope=\"itemscope\" itemtype=\"https:\/\/schema.org\/BlogPosting\" itemprop=\"blogPost\" ><div class='avia_textblock  '   itemprop=\"text\" ><p style=\"text-align: justify;\">Recientemente en dependencias de la Seremi de Justicia y Derechos Humanos se llev\u00f3 a cabo la primera reuni\u00f3n de comisi\u00f3n de Tribunal de Tratamiento de Drogas y\/o Alcohol a\u00f1o 2025, instancia fue encabezada por el secretario regional ministerial de Justicia y Derechos Humanos Samuel Navarro Castro.<\/p>\n<p style=\"text-align: justify;\">Respecto a lo abordado en esta primera reuni\u00f3n, el seremi de Justicia y Derechos Humanos Samuel Navarro Castro explic\u00f3 que \u201cefectivamente la mesa que ve el programa del Tribunal de Tratamiento de Drogas tuvo una reuni\u00f3n este a\u00f1o de balance de lo que ha sido la puesta en marcha del Tribunal de Tratamiento de Drogas el a\u00f1o 2024 en la comuna de Coyhaique para ver las brechas, las dificultades, los nudos que se presentan en la implementaci\u00f3n, fue una reuni\u00f3n bastante provechosa donde los distintos intervinientes se\u00f1alaron sus opiniones y se tomaron algunos acuerdos para profundizar este desarrollo del Tribunal de Tratamiento de Drogas en la jurisdicci\u00f3n de Coyhaique y vamos a estar implementando prontamente capacitaciones para los intervinientes y mejorando tambi\u00e9n las v\u00edas de comunicaci\u00f3n entre los distintos actores para potenciar este aspecto y tanto para el componente masculino\/femenino como juvenil en la medida que aquellos segmentos de la poblaci\u00f3n cumplan los requisitos que se exigen para la entrada al programa que nos parece que es una oportunidad y una puerta para incidir en materia de seguridad publica en el control del consumo de drogas en la regi\u00f3n\u201d.<\/p>\n<p style=\"text-align: justify;\">Cabe mencionar que el Programa de Tribunales de Tratamiento de Drogas y Alcohol, tiene como objetivo entregar tratamiento y rehabilitaci\u00f3n a consumidores problem\u00e1ticos de estas sustancias que han cometido un delito por primera vez, para lo cual, las distintas instituciones que participan de esta iniciativa trabajan conjuntamente para favorecer este proceso de cambio, y en nuestra regi\u00f3n dicho programa est\u00e1 vigente en Puerto Ays\u00e9n y Coyhaique.<\/p>\n<p style=\"text-align: justify;\">Finalmente, se\u00f1alar que en este primer encuentro participaron representantes del Poder Judicial, Fiscal\u00eda, Defensor\u00eda Penal, Senda, Servicio de Salud Ays\u00e9n, Cosam y como invitado el Servicio de Reinserci\u00f3n Social Juvenil.<\/p>\n<\/div><\/section><\/div><div  style='height:50px' class='hr hr-invisible   avia-builder-el-6  el_after_av_one_full  el_before_av_social_share '><span class='hr-inner ' ><span class='hr-inner-style'><\/span><\/span><\/div><\/p>\n<div  class='av-social-sharing-box  avia-builder-el-7  el_after_av_hr  el_before_av_hr  '><div class='av-share-box'><h5 class='av-share-link-description av-no-toc '>Compartir esta noticia<\/h5><ul class='av-share-box-list noLightbox'><li class='av-share-link av-social-link-facebook' ><a target=\"_blank\" aria-label=\"Compartir en Facebook\" href='https:\/\/www.facebook.com\/sharer.php?u=https:\/\/radiorevelacionfm.cl\/?p=55075&#038;t=Realizan%20reuni%C3%B3n%20de%20la%20comisi%C3%B3n%20del%20Tribunal%20de%20Tratamiento%20de%20Drogas%20y%20Alcohol%20%28TTD%29' aria-hidden='false' data-av_icon='\ue8f3' data-av_iconfont='entypo-fontello' title='' data-avia-related-tooltip='Compartir en Facebook' rel=\"noopener\"><span class='avia_hidden_link_text'>Compartir en Facebook<\/span><\/a><\/li><li class='av-share-link av-social-link-twitter' ><a target=\"_blank\" aria-label=\"Compartir en Twitter\" href='https:\/\/twitter.com\/share?text=Realizan%20reuni%C3%B3n%20de%20la%20comisi%C3%B3n%20del%20Tribunal%20de%20Tratamiento%20de%20Drogas%20y%20Alcohol%20%28TTD%29&#038;url=https:\/\/radiorevelacionfm.cl\/?p=55075' aria-hidden='false' data-av_icon='\ue8f1' data-av_iconfont='entypo-fontello' title='' data-avia-related-tooltip='Compartir en Twitter' rel=\"noopener\"><span class='avia_hidden_link_text'>Compartir en Twitter<\/span><\/a><\/li><li class='av-share-link av-social-link-whatsapp' ><a target=\"_blank\" aria-label=\"Compartir en Whatsapp\" href='https:\/\/api.whatsapp.com\/send?text=https:\/\/radiorevelacionfm.cl\/?p=55075' aria-hidden='false' data-av_icon='\uf232' data-av_iconfont='entypo-fontello' title='' data-avia-related-tooltip='Compartir en Whatsapp' rel=\"noopener\"><span class='avia_hidden_link_text'>Compartir en Whatsapp<\/span><\/a><\/li><li class='av-share-link av-social-link-linkedin' ><a target=\"_blank\" aria-label=\"Compartir en LinkedIn\" href='https:\/\/linkedin.com\/shareArticle?mini=true&#038;title=Realizan%20reuni%C3%B3n%20de%20la%20comisi%C3%B3n%20del%20Tribunal%20de%20Tratamiento%20de%20Drogas%20y%20Alcohol%20%28TTD%29&#038;url=https:\/\/radiorevelacionfm.cl\/?p=55075' aria-hidden='false' data-av_icon='\ue8fc' data-av_iconfont='entypo-fontello' title='' data-avia-related-tooltip='Compartir en LinkedIn' rel=\"noopener\"><span class='avia_hidden_link_text'>Compartir en LinkedIn<\/span><\/a><\/li><li class='av-share-link av-social-link-mail' ><a  aria-label=\"Compartir por correo\" href='mailto:?subject=Realizan%20reuni%C3%B3n%20de%20la%20comisi%C3%B3n%20del%20Tribunal%20de%20Tratamiento%20de%20Drogas%20y%20Alcohol%20%28TTD%29&#038;body=https:\/\/radiorevelacionfm.cl\/?p=55075' aria-hidden='false' data-av_icon='\ue805' data-av_iconfont='entypo-fontello' title='' data-avia-related-tooltip='Compartir por correo'><span class='avia_hidden_link_text'>Compartir por correo<\/span><\/a><\/li><\/ul><\/div><\/div>\n<div  style='height:50px' class='hr hr-invisible   avia-builder-el-8  el_after_av_social_share  el_before_av_comments_list '><span class='hr-inner ' ><span class='hr-inner-style'><\/span><\/span><\/div>\n<div  class='av-buildercomment  av-blog-meta-html-info-disabled av-blog-meta-tag-disabled  '><\/div>\n","protected":false},"excerpt":{"rendered":"","protected":false},"author":1,"featured_media":55076,"comment_status":"closed","ping_status":"closed","sticky":false,"template":"","format":"standard","meta":{"footnotes":""},"categories":[55],"tags":[],"class_list":["post-55075","post","type-post","status-publish","format-standard","has-post-thumbnail","hentry","category-justicia"],"jetpack_featured_media_url":"https:\/\/radiorevelacionfm.cl\/wp-content\/uploads\/2025\/06\/TTD-2-2-1-1.jpg","_links":{"self":[{"href":"https:\/\/radiorevelacionfm.cl\/index.php?rest_route=\/wp\/v2\/posts\/55075","targetHints":{"allow":["GET"]}}],"collection":[{"href":"https:\/\/radiorevelacionfm.cl\/index.php?rest_route=\/wp\/v2\/posts"}],"about":[{"href":"https:\/\/radiorevelacionfm.cl\/index.php?rest_route=\/wp\/v2\/types\/post"}],"author":[{"embeddable":true,"href":"https:\/\/radiorevelacionfm.cl\/index.php?rest_route=\/wp\/v2\/users\/1"}],"replies":[{"embeddable":true,"href":"https:\/\/radiorevelacionfm.cl\/index.php?rest_route=%2Fwp%2Fv2%2Fcomments&post=55075"}],"version-history":[{"count":2,"href":"https:\/\/radiorevelacionfm.cl\/index.php?rest_route=\/wp\/v2\/posts\/55075\/revisions"}],"predecessor-version":[{"id":55086,"href":"https:\/\/radiorevelacionfm.cl\/index.php?rest_route=\/wp\/v2\/posts\/55075\/revisions\/55086"}],"wp:featuredmedia":[{"embeddable":true,"href":"https:\/\/radiorevelacionfm.cl\/index.php?rest_route=\/wp\/v2\/media\/55076"}],"wp:attachment":[{"href":"https:\/\/radiorevelacionfm.cl\/index.php?rest_route=%2Fwp%2Fv2%2Fmedia&parent=55075"}],"wp:term":[{"taxonomy":"category","embeddable":true,"href":"https:\/\/radiorevelacionfm.cl\/index.php?rest_route=%2Fwp%2Fv2%2Fcategories&post=55075"},{"taxonomy":"post_tag","embeddable":true,"href":"https:\/\/radiorevelacionfm.cl\/index.php?rest_route=%2Fwp%2Fv2%2Ftags&post=55075"}],"curies":[{"name":"wp","href":"https:\/\/api.w.org\/{rel}","templated":true}]}}